{"id":148,"date":"2021-03-28T13:38:00","date_gmt":"2021-03-28T13:38:00","guid":{"rendered":"https:\/\/parafia.faustyna.bialystok.pl\/?p=148"},"modified":"2021-12-30T09:33:02","modified_gmt":"2021-12-30T08:33:02","slug":"droga-krzyzowa-ulicami-prafii-sw-faustyny-w-bialymstoku-2021","status":"publish","type":"post","link":"https:\/\/parafia.faustyna.bialystok.pl\/?p=148","title":{"rendered":"Droga krzy\u017cowa ulicami prafii \u015bw. Faustyny w Bia\u0142ymstoku (2021)"},"content":{"rendered":"\n<figure class=\"wp-block-embed is-type-video is-provider-youtube wp-block-embed-youtube wp-embed-aspect-16-9 wp-has-aspect-ratio\"><div class=\"wp-block-embed__wrapper\">\n<iframe title=\"Droga krzy\u017cowa ulicami parafii \u015bw. Faustyny w Bia\u0142ymstoku\" width=\"1440\" height=\"810\" src=\"https:\/\/www.youtube.com\/embed\/uwm1uc99LNY?start=2&#038;feature=oembed\" frameborder=\"0\" allow=\"accelerometer; autoplay; clipboard-write; encrypted-media; gyroscope; picture-in-picture\" allowfullscreen><\/iframe>\n<\/div><\/figure>\n","protected":false},"excerpt":{"rendered":"<p><span class=\"more-link\"><a href=\"https:\/\/parafia.faustyna.bialystok.pl\/?p=148\">Czytaj dalej<\/a><\/span><\/p>\n","protected":false},"author":1,"featured_media":169,"comment_status":"open","ping_status":"closed","sticky":false,"template":"","format":"standard","meta":{"footnotes":""},"categories":[2],"tags":[],"class_list":["entry","author-parafia_admin","post-148","post","type-post","status-publish","format-standard","has-post-thumbnail","category-wydarzenia"],"_links":{"self":[{"href":"https:\/\/parafia.faustyna.bialystok.pl\/index.php?rest_route=\/wp\/v2\/posts\/148","targetHints":{"allow":["GET"]}}],"collection":[{"href":"https:\/\/parafia.faustyna.bialystok.pl\/index.php?rest_route=\/wp\/v2\/posts"}],"about":[{"href":"https:\/\/parafia.faustyna.bialystok.pl\/index.php?rest_route=\/wp\/v2\/types\/post"}],"author":[{"embeddable":true,"href":"https:\/\/parafia.faustyna.bialystok.pl\/index.php?rest_route=\/wp\/v2\/users\/1"}],"replies":[{"embeddable":true,"href":"https:\/\/parafia.faustyna.bialystok.pl\/index.php?rest_route=%2Fwp%2Fv2%2Fcomments&post=148"}],"version-history":[{"count":1,"href":"https:\/\/parafia.faustyna.bialystok.pl\/index.php?rest_route=\/wp\/v2\/posts\/148\/revisions"}],"predecessor-version":[{"id":149,"href":"https:\/\/parafia.faustyna.bialystok.pl\/index.php?rest_route=\/wp\/v2\/posts\/148\/revisions\/149"}],"wp:featuredmedia":[{"embeddable":true,"href":"https:\/\/parafia.faustyna.bialystok.pl\/index.php?rest_route=\/wp\/v2\/media\/169"}],"wp:attachment":[{"href":"https:\/\/parafia.faustyna.bialystok.pl\/index.php?rest_route=%2Fwp%2Fv2%2Fmedia&parent=148"}],"wp:term":[{"taxonomy":"category","embeddable":true,"href":"https:\/\/parafia.faustyna.bialystok.pl\/index.php?rest_route=%2Fwp%2Fv2%2Fcategories&post=148"},{"taxonomy":"post_tag","embeddable":true,"href":"https:\/\/parafia.faustyna.bialystok.pl\/index.php?rest_route=%2Fwp%2Fv2%2Ftags&post=148"}],"curies":[{"name":"wp","href":"https:\/\/api.w.org\/{rel}","templated":true}]}}