{"id":1561,"date":"2024-02-11T12:27:19","date_gmt":"2024-02-11T11:27:19","guid":{"rendered":"https:\/\/parafia.faustyna.bialystok.pl\/?p=1561"},"modified":"2024-02-11T12:27:19","modified_gmt":"2024-02-11T11:27:19","slug":"2024-02-11-vi-niedziela-zwykla","status":"publish","type":"post","link":"https:\/\/parafia.faustyna.bialystok.pl\/?p=1561","title":{"rendered":"2024.02.11 \u2013 VI Niedziela Zwyk\u0142a"},"content":{"rendered":"<div class=\"x11i5rnm xat24cr x1mh8g0r x1vvkbs xtlvy1s x126k92a\">\n<ol>\n<li dir=\"auto\"><img fetchpriority=\"high\" decoding=\"async\" class=\"aligncenter wp-image-1562 size-full\" src=\"https:\/\/parafia.faustyna.bialystok.pl\/wp-content\/uploads\/2024\/02\/kross.jpg\" alt=\"\" width=\"900\" height=\"506\" srcset=\"https:\/\/parafia.faustyna.bialystok.pl\/wp-content\/uploads\/2024\/02\/kross.jpg 900w, https:\/\/parafia.faustyna.bialystok.pl\/wp-content\/uploads\/2024\/02\/kross-300x169.jpg 300w, https:\/\/parafia.faustyna.bialystok.pl\/wp-content\/uploads\/2024\/02\/kross-768x432.jpg 768w, https:\/\/parafia.faustyna.bialystok.pl\/wp-content\/uploads\/2024\/02\/kross-465x261.jpg 465w, https:\/\/parafia.faustyna.bialystok.pl\/wp-content\/uploads\/2024\/02\/kross-695x391.jpg 695w\" sizes=\"(max-width: 900px) 100vw, 900px\" \/>Dzisiejsza taca przeznaczona jest na fundusz remontowo \u2013 budowlany Archidiecezji. Dzi\u015b rozpoczynamy 57. Tydzie\u0144 Modlitw o Trze\u017awo\u015b\u0107 Narodu.<\/li>\n<li dir=\"auto\">W tym tygodniu:<br \/>\n&#8211; wtorek \u2013 po Mszy wieczornej zapraszamy na modlitw\u0119 r\u00f3\u017ca\u0144cow\u0105, w spos\u00f3b szczeg\u00f3lny b\u0119dziemy modli\u0107 si\u0119 za osoby uzale\u017cnione.<br \/>\n&#8211; \u015broda \u2013 \u015aroda Popielcowa \u2013 Msze \u015awi\u0119te tego dnia w naszym ko\u015bciele o godz. 7.00, 9.00, 16.30, 18.00 i 19.30 (szczeg\u00f3lnie zapraszamy kandydat\u00f3w do bierzmowania). Pami\u0119tajmy, \u017ce tego dnia obowi\u0105zuje post \u015bcis\u0142y, czyli trzy posi\u0142ki, w tym jeden do syta (obowi\u0105zuje on wszystkich od 18 do 60 roku \u017cycia), oraz abstynencja od pokarm\u00f3w mi\u0119snych (obowi\u0105zuj\u0105ca od 14 roku \u017cycia). Przypominamy r\u00f3wnie\u017c, \u017ce Wielki Post jest tak zwanym \u201eczasem zakazanym\u201d dla wszelkich hucznych zabaw i dyskotek.<br \/>\n&#8211; czwartek \u2013 Adoracja Krzy\u017ca po wieczornej Eucharystii.<\/li>\n<li dir=\"auto\">Za tydzie\u0144 w niedziel\u0119 18 lutego b\u0119dziemy go\u015bci\u0107 przedstawiciela naszego Bia\u0142ostockiego Seminarium. Tego dnia taca b\u0119dzie przeznaczona na seminarium.<\/li>\n<li dir=\"auto\">Nabo\u017ce\u0144stwa Pasyjne:<br \/>\n&#8211; Gorzkie \u017bale: niedziela po Mszy \u015awi\u0119tej o godz. 9.00 oraz w \u015brody i soboty po wieczornej Eucharystii.<br \/>\n&#8211; Droga Krzy\u017cowa dla doros\u0142ych: pi\u0105tki po wieczornej Eucharystii.<br \/>\n&#8211; Droga Krzy\u017cowa dla dzieci: soboty o godz. 17.00.<br \/>\n&#8211; Adoracja Krzy\u017ca: czwartki po wieczornej Eucharystii.<br \/>\n&#8211; Rekolekcje Wielkopostne: 15-16-17 marca.<\/li>\n<li dir=\"auto\">U Pana Marka s\u0105 do nabycia nowe \u201eDrogi Mi\u0142osierdzia\u201d.<\/li>\n<li dir=\"auto\">Serdecznie dzi\u0119kujemy za \u017cyczliwe przyj\u0119cie kap\u0142an\u00f3w oraz wszelkie ofiary sk\u0142adane przy okazji wizyty duszpasterskiej. Dzi\u0119kujemy za wszelkie uwagi dotycz\u0105ce funkcjonowania naszej parafii.<\/li>\n<li dir=\"auto\">\u017byczymy wszystkim dobrego tygodnia oraz pi\u0119knego czasu Wielkiego Postu.<\/li>\n<\/ol>\n<\/div>\n","protected":false},"excerpt":{"rendered":"<p>Dzisiejsza taca przeznaczona jest na fundusz remontowo \u2013 budowlany Archidiecezji. Dzi\u015b rozpoczynamy 57. Tydzie\u0144 Modlitw o Trze\u017awo\u015b\u0107 Narodu. W tym tygodniu: &#8211; wtorek \u2013 po Mszy wieczornej zapraszamy na modlitw\u0119 r\u00f3\u017ca\u0144cow\u0105, w spos\u00f3b szczeg\u00f3lny b\u0119dziemy modli\u0107 si\u0119 za osoby uzale\u017cnione. &#8211; \u015broda \u2013 \u015aroda Popielcowa \u2013 Msze \u015awi\u0119te tego dnia<span class=\"more-link\"><a href=\"https:\/\/parafia.faustyna.bialystok.pl\/?p=1561\">Czytaj dalej<\/a><\/span><\/p>\n","protected":false},"author":1,"featured_media":1563,"comment_status":"open","ping_status":"closed","sticky":false,"template":"","format":"standard","meta":{"footnotes":""},"categories":[3],"tags":[],"class_list":["entry","author-parafia_admin","post-1561","post","type-post","status-publish","format-standard","has-post-thumbnail","category-ogloszenia"],"_links":{"self":[{"href":"https:\/\/parafia.faustyna.bialystok.pl\/index.php?rest_route=\/wp\/v2\/posts\/1561","targetHints":{"allow":["GET"]}}],"collection":[{"href":"https:\/\/parafia.faustyna.bialystok.pl\/index.php?rest_route=\/wp\/v2\/posts"}],"about":[{"href":"https:\/\/parafia.faustyna.bialystok.pl\/index.php?rest_route=\/wp\/v2\/types\/post"}],"author":[{"embeddable":true,"href":"https:\/\/parafia.faustyna.bialystok.pl\/index.php?rest_route=\/wp\/v2\/users\/1"}],"replies":[{"embeddable":true,"href":"https:\/\/parafia.faustyna.bialystok.pl\/index.php?rest_route=%2Fwp%2Fv2%2Fcomments&post=1561"}],"version-history":[{"count":1,"href":"https:\/\/parafia.faustyna.bialystok.pl\/index.php?rest_route=\/wp\/v2\/posts\/1561\/revisions"}],"predecessor-version":[{"id":1564,"href":"https:\/\/parafia.faustyna.bialystok.pl\/index.php?rest_route=\/wp\/v2\/posts\/1561\/revisions\/1564"}],"wp:featuredmedia":[{"embeddable":true,"href":"https:\/\/parafia.faustyna.bialystok.pl\/index.php?rest_route=\/wp\/v2\/media\/1563"}],"wp:attachment":[{"href":"https:\/\/parafia.faustyna.bialystok.pl\/index.php?rest_route=%2Fwp%2Fv2%2Fmedia&parent=1561"}],"wp:term":[{"taxonomy":"category","embeddable":true,"href":"https:\/\/parafia.faustyna.bialystok.pl\/index.php?rest_route=%2Fwp%2Fv2%2Fcategories&post=1561"},{"taxonomy":"post_tag","embeddable":true,"href":"https:\/\/parafia.faustyna.bialystok.pl\/index.php?rest_route=%2Fwp%2Fv2%2Ftags&post=1561"}],"curies":[{"name":"wp","href":"https:\/\/api.w.org\/{rel}","templated":true}]}}