{"id":1570,"date":"2024-02-25T11:07:33","date_gmt":"2024-02-25T10:07:33","guid":{"rendered":"https:\/\/parafia.faustyna.bialystok.pl\/?p=1570"},"modified":"2024-02-25T11:07:33","modified_gmt":"2024-02-25T10:07:33","slug":"2024-02-25-ii-niedziela-wielkiego-postu","status":"publish","type":"post","link":"https:\/\/parafia.faustyna.bialystok.pl\/?p=1570","title":{"rendered":"2024.02.25 \u2013 II Niedziela Wielkiego Postu"},"content":{"rendered":"<div class=\"x11i5rnm xat24cr x1mh8g0r x1vvkbs xtlvy1s x126k92a\">\n<ol>\n<li dir=\"auto\"><img fetchpriority=\"high\" decoding=\"async\" class=\"aligncenter wp-image-1572 size-full\" src=\"https:\/\/parafia.faustyna.bialystok.pl\/wp-content\/uploads\/2024\/02\/przemienienie-na-gorze-tabor.jpg\" alt=\"\" width=\"1200\" height=\"790\" srcset=\"https:\/\/parafia.faustyna.bialystok.pl\/wp-content\/uploads\/2024\/02\/przemienienie-na-gorze-tabor.jpg 1200w, https:\/\/parafia.faustyna.bialystok.pl\/wp-content\/uploads\/2024\/02\/przemienienie-na-gorze-tabor-300x198.jpg 300w, https:\/\/parafia.faustyna.bialystok.pl\/wp-content\/uploads\/2024\/02\/przemienienie-na-gorze-tabor-1024x674.jpg 1024w, https:\/\/parafia.faustyna.bialystok.pl\/wp-content\/uploads\/2024\/02\/przemienienie-na-gorze-tabor-768x506.jpg 768w, https:\/\/parafia.faustyna.bialystok.pl\/wp-content\/uploads\/2024\/02\/przemienienie-na-gorze-tabor-465x306.jpg 465w, https:\/\/parafia.faustyna.bialystok.pl\/wp-content\/uploads\/2024\/02\/przemienienie-na-gorze-tabor-695x458.jpg 695w\" sizes=\"(max-width: 1200px) 100vw, 1200px\" \/>Dzisiaj puszka na misje \u2013 Ad Gentes. Dzie\u0144 Modlitwy, Postu i Solidarno\u015bci z Misjonarzami.<\/li>\n<li dir=\"auto\">W tym tygodniu:<br \/>\n&#8211; wtorek \u2013 po Mszy wieczornej zapraszamy na modlitw\u0119 r\u00f3\u017ca\u0144cow\u0105<br \/>\n&#8211; \u015broda \u2013 Adoracja od godz. 17.00<br \/>\n&#8211; czwartek \u2013 Adoracja Krzy\u017ca po wieczornej Eucharystii. A od godz. 23.00 do 24.00 \u2013 Godzina \u015awi\u0119ta<br \/>\n&#8211; pi\u0105tek \u2013 pierwszy pi\u0105tek miesi\u0105ca; Msze \u015awi\u0119te o godz. 7.00, 16.30 oraz 18.00; po wieczornej Eucharystii spotkanie ministrant\u00f3w i kandydat\u00f3w na ministranta. Narodowy Dzie\u0144 Pami\u0119ci \u201e\u017bo\u0142nierzy Wykl\u0119tych\u201d.<br \/>\n&#8211; sobota \u2013 pierwsza sobota miesi\u0105ca; nabo\u017ce\u0144stwo pierwszosobotnie po wieczornej Eucharystii i Gorzkich \u017balach.<\/li>\n<li dir=\"auto\">W nast\u0119pna niedziel\u0119 taca na potrzeby Archidiecezji. Jest to r\u00f3wnie\u017c pierwsza niedziela miesi\u0105ca.<\/li>\n<li dir=\"auto\">Nabo\u017ce\u0144stwa Pasyjne:<br \/>\n&#8211; Gorzkie \u017bale: niedziela po Mszy \u015awi\u0119tej o godz. 9.00 oraz w \u015brody i soboty po wieczornej Eucharystii<br \/>\n&#8211; Droga Krzy\u017cowa dla doros\u0142ych: pi\u0105tki po wieczornej Eucharystii<br \/>\n&#8211; Droga Krzy\u017cowa dla dzieci: soboty o godz. 17.00<br \/>\n&#8211; Adoracja Krzy\u017ca: czwartki po wieczornej Eucharystii<br \/>\n&#8211; Rekolekcje Wielkopostne: 15-16-17 marca<\/li>\n<li dir=\"auto\">Zapraszamy na pielgrzymk\u0119 do Narodowego Sanktuarium \u015aw. J\u00f3zefa w Kaliszu 2 marca 2024r. Wyjazd o 3.00, koszt pielgrzymki 100 z\u0142. Zapisy do dzisiejszej niedzieli w\u0142\u0105cznie.<\/li>\n<li dir=\"auto\">U Pana Marka s\u0105 do nabycia nowe \u201eDrogi Mi\u0142osierdzia\u201d.<\/li>\n<li dir=\"auto\">8 BDH zach\u0119ca do przekazania 1,5% dla harcerzy. Zgromadzone fundusze umo\u017cliwi\u0105 harcerzom zakup chust, krzy\u017cy, sprawno\u015bci oraz innych odznacze\u0144. \u015arodki zostan\u0105 te\u017c przeznaczone na zakup materia\u0142\u00f3w wykorzystywanych na zbi\u00f3rkach. Z g\u00f3ry dzi\u0119kujemy za wsparcie \u2013 kadra 8BDH wraz z harcerzami.<\/li>\n<li dir=\"auto\">Harcerze zapraszaj\u0105 na ob\u00f3z harcerski w dniach 4-18 sierpnia 2024r. Zg\u0142oszenia trwaj\u0105 do 15 marca. Koszt wyjazdu 1800 z\u0142. Wi\u0119cej informacji u przybocznej pod numerem telefonu 665196868.<\/li>\n<li dir=\"auto\">Trwa Dominika\u0144ska Szko\u0142a Wiary w Bia\u0142ymstoku zaprasza na wyk\u0142ad otwarty &#8220;Si\u0142a pokory&#8221;, kt\u00f3ry wyg\u0142osi dominikanin \u2013 o. Tomasz Nowak.<br \/>\nZapraszamy w sobot\u0119 2 marca na Msz\u0119 \u015awi\u0119t\u0105 o godz. 10:00, a potem na wyk\u0142ad o 11:00 do Arkad Katedralnych (wej\u015bcie A za katedr\u0105 bia\u0142ostock\u0105).<br \/>\nWi\u0119cej informacji na Facebook&#8217;owej stronie &#8220;Szko\u0142a Wiary Bia\u0142ystok&#8221; i\/ lub na plakacie.<\/li>\n<\/ol>\n<\/div>\n","protected":false},"excerpt":{"rendered":"<p>Dzisiaj puszka na misje \u2013 Ad Gentes. Dzie\u0144 Modlitwy, Postu i Solidarno\u015bci z Misjonarzami. W tym tygodniu: &#8211; wtorek \u2013 po Mszy wieczornej zapraszamy na modlitw\u0119 r\u00f3\u017ca\u0144cow\u0105 &#8211; \u015broda \u2013 Adoracja od godz. 17.00 &#8211; czwartek \u2013 Adoracja Krzy\u017ca po wieczornej Eucharystii. A od godz. 23.00 do 24.00 \u2013 Godzina<span class=\"more-link\"><a href=\"https:\/\/parafia.faustyna.bialystok.pl\/?p=1570\">Czytaj dalej<\/a><\/span><\/p>\n","protected":false},"author":1,"featured_media":1571,"comment_status":"open","ping_status":"closed","sticky":false,"template":"","format":"standard","meta":{"footnotes":""},"categories":[3],"tags":[],"class_list":["entry","author-parafia_admin","post-1570","post","type-post","status-publish","format-standard","has-post-thumbnail","category-ogloszenia"],"_links":{"self":[{"href":"https:\/\/parafia.faustyna.bialystok.pl\/index.php?rest_route=\/wp\/v2\/posts\/1570","targetHints":{"allow":["GET"]}}],"collection":[{"href":"https:\/\/parafia.faustyna.bialystok.pl\/index.php?rest_route=\/wp\/v2\/posts"}],"about":[{"href":"https:\/\/parafia.faustyna.bialystok.pl\/index.php?rest_route=\/wp\/v2\/types\/post"}],"author":[{"embeddable":true,"href":"https:\/\/parafia.faustyna.bialystok.pl\/index.php?rest_route=\/wp\/v2\/users\/1"}],"replies":[{"embeddable":true,"href":"https:\/\/parafia.faustyna.bialystok.pl\/index.php?rest_route=%2Fwp%2Fv2%2Fcomments&post=1570"}],"version-history":[{"count":1,"href":"https:\/\/parafia.faustyna.bialystok.pl\/index.php?rest_route=\/wp\/v2\/posts\/1570\/revisions"}],"predecessor-version":[{"id":1573,"href":"https:\/\/parafia.faustyna.bialystok.pl\/index.php?rest_route=\/wp\/v2\/posts\/1570\/revisions\/1573"}],"wp:featuredmedia":[{"embeddable":true,"href":"https:\/\/parafia.faustyna.bialystok.pl\/index.php?rest_route=\/wp\/v2\/media\/1571"}],"wp:attachment":[{"href":"https:\/\/parafia.faustyna.bialystok.pl\/index.php?rest_route=%2Fwp%2Fv2%2Fmedia&parent=1570"}],"wp:term":[{"taxonomy":"category","embeddable":true,"href":"https:\/\/parafia.faustyna.bialystok.pl\/index.php?rest_route=%2Fwp%2Fv2%2Fcategories&post=1570"},{"taxonomy":"post_tag","embeddable":true,"href":"https:\/\/parafia.faustyna.bialystok.pl\/index.php?rest_route=%2Fwp%2Fv2%2Ftags&post=1570"}],"curies":[{"name":"wp","href":"https:\/\/api.w.org\/{rel}","templated":true}]}}