{"id":1598,"date":"2024-04-07T10:45:12","date_gmt":"2024-04-07T09:45:12","guid":{"rendered":"https:\/\/parafia.faustyna.bialystok.pl\/?p=1598"},"modified":"2024-04-07T10:45:12","modified_gmt":"2024-04-07T09:45:12","slug":"2024-04-07-niedziela-milosierdzia-bozego","status":"publish","type":"post","link":"https:\/\/parafia.faustyna.bialystok.pl\/?p=1598","title":{"rendered":"2024.04.07 \u2013 Niedziela Mi\u0142osierdzia Bo\u017cego"},"content":{"rendered":"<div class=\"x11i5rnm xat24cr x1mh8g0r x1vvkbs xtlvy1s x126k92a\">\n<ol>\n<li dir=\"auto\"><img fetchpriority=\"high\" decoding=\"async\" class=\"aligncenter wp-image-1600 size-full\" src=\"https:\/\/parafia.faustyna.bialystok.pl\/wp-content\/uploads\/2024\/04\/jezuufamtobie.jpg\" alt=\"\" width=\"1200\" height=\"800\" srcset=\"https:\/\/parafia.faustyna.bialystok.pl\/wp-content\/uploads\/2024\/04\/jezuufamtobie.jpg 1200w, https:\/\/parafia.faustyna.bialystok.pl\/wp-content\/uploads\/2024\/04\/jezuufamtobie-300x200.jpg 300w, https:\/\/parafia.faustyna.bialystok.pl\/wp-content\/uploads\/2024\/04\/jezuufamtobie-1024x683.jpg 1024w, https:\/\/parafia.faustyna.bialystok.pl\/wp-content\/uploads\/2024\/04\/jezuufamtobie-768x512.jpg 768w, https:\/\/parafia.faustyna.bialystok.pl\/wp-content\/uploads\/2024\/04\/jezuufamtobie-465x310.jpg 465w, https:\/\/parafia.faustyna.bialystok.pl\/wp-content\/uploads\/2024\/04\/jezuufamtobie-695x463.jpg 695w\" sizes=\"(max-width: 1200px) 100vw, 1200px\" \/>Dzisiaj prze\u017cywamy Niedziel\u0119 Mi\u0142osierdzia Bo\u017cego, kt\u00f3ra rozpoczyna Tydzie\u0144 Mi\u0142osierdzia. Do\u015bwiadczaj\u0105c mi\u0142osierdzia Bo\u017cego, powinni\u015bmy by\u0107 mi\u0142osierni dla naszych si\u00f3str i braci. St\u0105d te\u017c dzisiaj, przy wyj\u015bciu z ko\u015bcio\u0142a ofiarami do puszek wspieramy dzie\u0142a prowadzone przez Archidiecezjaln\u0105 Caritas.<\/li>\n<li dir=\"auto\">W tym tygodniu:<br \/>\n&#8211; poniedzia\u0142ek \u2013 Uroczysto\u015b\u0107 Zwiastowania Pa\u0144skiego (przeniesiona z 25.03). Msze \u015awi\u0119te w naszym ko\u015bciele o 7.00 i 18.00. Dzie\u0144 \u015awi\u0119to\u015bci \u017bycia. Zach\u0119camy do podj\u0119cia Duchowej Adopcji. Pod ch\u00f3rem s\u0105 specjalne ulotki, zawieraj\u0105ce potrzebne informacj\u0119 i teksty do z\u0142o\u017cenia przyrzecze\u0144 duchowej adopcji.<br \/>\n&#8211; wtorek \u2013 r\u00f3\u017caniec po wieczornej Eucharystii.<br \/>\n&#8211; \u015broda \u2013 Adoracja od godz. 17.00.<br \/>\n&#8211; czwartek \u2013 Uwielbienie po wieczornej Eucharystii.<br \/>\n&#8211; sobota \u2013 13 dzie\u0144 miesi\u0105ca, Nabo\u017ce\u0144stwo Fatimskie o godz. 17.00.<\/li>\n<li dir=\"auto\">W nast\u0119pn\u0105 niedziel\u0119 &#8211; Niedziela Biblijna i Tydzie\u0144 Biblijny.<\/li>\n<li dir=\"auto\">Za tydzie\u0144 na Msz\u0119 \u015awi\u0119t\u0105 o godz. 13.30 zapraszamy dzieci i rodzic\u00f3w przygotowuj\u0105cych si\u0119 do I Komunii \u015awi\u0119tej. Obecno\u015b\u0107 obowi\u0105zkowa.<\/li>\n<li dir=\"auto\">Dnia 27 kwietnia zapraszamy na pielgrzymk\u0119 do Niepokalanowa. Wyjazd spod ko\u015bcio\u0142a o godz: 6:00. Koszt 70 z\u0142.<\/li>\n<li dir=\"auto\">U Pana Marka s\u0105 do nabycia nowe Drogi Mi\u0142osierdzia.<\/li>\n<li dir=\"auto\">Do ko\u0144ca tego tygodnia mo\u017cna przynosi\u0107 skarbonki \u201eJa\u0142mu\u017cna Wielkopostna\u201d.<\/li>\n<li dir=\"auto\">Wszystkim naszym Parafianom i Go\u015bciom, \u017cyczymy, aby B\u00f3g bogaty w mi\u0142osierdzi hojnie b\u0142ogos\u0142awi\u0142.<\/li>\n<\/ol>\n<\/div>\n","protected":false},"excerpt":{"rendered":"<p>Dzisiaj prze\u017cywamy Niedziel\u0119 Mi\u0142osierdzia Bo\u017cego, kt\u00f3ra rozpoczyna Tydzie\u0144 Mi\u0142osierdzia. Do\u015bwiadczaj\u0105c mi\u0142osierdzia Bo\u017cego, powinni\u015bmy by\u0107 mi\u0142osierni dla naszych si\u00f3str i braci. St\u0105d te\u017c dzisiaj, przy wyj\u015bciu z ko\u015bcio\u0142a ofiarami do puszek wspieramy dzie\u0142a prowadzone przez Archidiecezjaln\u0105 Caritas. W tym tygodniu: &#8211; poniedzia\u0142ek \u2013 Uroczysto\u015b\u0107 Zwiastowania Pa\u0144skiego (przeniesiona z 25.03). Msze \u015awi\u0119te<span class=\"more-link\"><a href=\"https:\/\/parafia.faustyna.bialystok.pl\/?p=1598\">Czytaj dalej<\/a><\/span><\/p>\n","protected":false},"author":1,"featured_media":1599,"comment_status":"open","ping_status":"closed","sticky":false,"template":"","format":"standard","meta":{"footnotes":""},"categories":[3],"tags":[],"class_list":["entry","author-parafia_admin","post-1598","post","type-post","status-publish","format-standard","has-post-thumbnail","category-ogloszenia"],"_links":{"self":[{"href":"https:\/\/parafia.faustyna.bialystok.pl\/index.php?rest_route=\/wp\/v2\/posts\/1598","targetHints":{"allow":["GET"]}}],"collection":[{"href":"https:\/\/parafia.faustyna.bialystok.pl\/index.php?rest_route=\/wp\/v2\/posts"}],"about":[{"href":"https:\/\/parafia.faustyna.bialystok.pl\/index.php?rest_route=\/wp\/v2\/types\/post"}],"author":[{"embeddable":true,"href":"https:\/\/parafia.faustyna.bialystok.pl\/index.php?rest_route=\/wp\/v2\/users\/1"}],"replies":[{"embeddable":true,"href":"https:\/\/parafia.faustyna.bialystok.pl\/index.php?rest_route=%2Fwp%2Fv2%2Fcomments&post=1598"}],"version-history":[{"count":1,"href":"https:\/\/parafia.faustyna.bialystok.pl\/index.php?rest_route=\/wp\/v2\/posts\/1598\/revisions"}],"predecessor-version":[{"id":1601,"href":"https:\/\/parafia.faustyna.bialystok.pl\/index.php?rest_route=\/wp\/v2\/posts\/1598\/revisions\/1601"}],"wp:featuredmedia":[{"embeddable":true,"href":"https:\/\/parafia.faustyna.bialystok.pl\/index.php?rest_route=\/wp\/v2\/media\/1599"}],"wp:attachment":[{"href":"https:\/\/parafia.faustyna.bialystok.pl\/index.php?rest_route=%2Fwp%2Fv2%2Fmedia&parent=1598"}],"wp:term":[{"taxonomy":"category","embeddable":true,"href":"https:\/\/parafia.faustyna.bialystok.pl\/index.php?rest_route=%2Fwp%2Fv2%2Fcategories&post=1598"},{"taxonomy":"post_tag","embeddable":true,"href":"https:\/\/parafia.faustyna.bialystok.pl\/index.php?rest_route=%2Fwp%2Fv2%2Ftags&post=1598"}],"curies":[{"name":"wp","href":"https:\/\/api.w.org\/{rel}","templated":true}]}}