{"id":1607,"date":"2024-04-14T11:21:57","date_gmt":"2024-04-14T10:21:57","guid":{"rendered":"https:\/\/parafia.faustyna.bialystok.pl\/?p=1607"},"modified":"2024-04-14T11:21:57","modified_gmt":"2024-04-14T10:21:57","slug":"2024-04-14-iii-niedziela-wielkanocna","status":"publish","type":"post","link":"https:\/\/parafia.faustyna.bialystok.pl\/?p=1607","title":{"rendered":"2024.04.14 \u2013 III Niedziela Wielkanocna"},"content":{"rendered":"<div class=\"x11i5rnm xat24cr x1mh8g0r x1vvkbs xtlvy1s x126k92a\">\n<ol>\n<li dir=\"auto\"><img fetchpriority=\"high\" decoding=\"async\" class=\"aligncenter wp-image-1609 size-full\" src=\"https:\/\/parafia.faustyna.bialystok.pl\/wp-content\/uploads\/2024\/04\/lk-24-3548.jpeg\" alt=\"\" width=\"1200\" height=\"768\" srcset=\"https:\/\/parafia.faustyna.bialystok.pl\/wp-content\/uploads\/2024\/04\/lk-24-3548.jpeg 1200w, https:\/\/parafia.faustyna.bialystok.pl\/wp-content\/uploads\/2024\/04\/lk-24-3548-300x192.jpeg 300w, https:\/\/parafia.faustyna.bialystok.pl\/wp-content\/uploads\/2024\/04\/lk-24-3548-1024x655.jpeg 1024w, https:\/\/parafia.faustyna.bialystok.pl\/wp-content\/uploads\/2024\/04\/lk-24-3548-768x492.jpeg 768w, https:\/\/parafia.faustyna.bialystok.pl\/wp-content\/uploads\/2024\/04\/lk-24-3548-465x298.jpeg 465w, https:\/\/parafia.faustyna.bialystok.pl\/wp-content\/uploads\/2024\/04\/lk-24-3548-695x445.jpeg 695w\" sizes=\"(max-width: 1200px) 100vw, 1200px\" \/>Dzisiaj prze\u017cywamy Niedziel\u0119 Biblijn\u0105, kt\u00f3ra rozpoczyna Tydzie\u0144 Biblijny. Serdecznie zach\u0119camy w tym tygodniu do modlitwy S\u0142owem Bo\u017cym.<\/li>\n<li dir=\"auto\">W tym tygodniu:<br \/>\n&#8211; wtorek \u2013 r\u00f3\u017caniec po wieczornej Eucharystii<br \/>\n&#8211; \u015broda \u2013 Adoracja od godz. 17:00<br \/>\n&#8211; czwartek \u2013 Uwielbienie po wieczornej Eucharystii<\/li>\n<li dir=\"auto\">W nast\u0119pn\u0105 niedziel\u0119 \u2013 Niedziela Dobrego Pasterza. 60 \u015awiatowy Dzie\u0144 Modlitw o Powo\u0142ania. Rozpocz\u0119cie tygodnia modlitw o powo\u0142ania do s\u0142u\u017cby w Ko\u015bciele. Og\u00f3lnopolska Niedziela Modlitw za Kierowc\u00f3w.<\/li>\n<li dir=\"auto\">Dnia 27 kwietnia zapraszamy na pielgrzymk\u0119 do Niepokalanowa. Wyjazd spod ko\u015bcio\u0142a o godz. 6:00. Koszt 70 z\u0142.<\/li>\n<li dir=\"auto\">U Pana Marka s\u0105 do nabycia nowe Drogi Mi\u0142osierdzia.<\/li>\n<li dir=\"auto\">Stowarzyszenie Czcicieli Mi\u0142osierdzia Bo\u017cego i Sanktuarium Mi\u0142osierdzia Bo\u017cego w Bia\u0142ymstoku zapraszaj\u0105 do udzia\u0142u w pielgrzymowaniu Bia\u0142ostockim Szlakiem b\u0142. Micha\u0142a Sopo\u0107ki. Pierwszy etap odb\u0119dzie si\u0119 w poniedzia\u0142ek 15 kwietnia i rozpocznie si\u0119 Msz\u0105 \u015awi\u0119t\u0105 w Bazylice \u015aw. Rocha o godz. 18.00. Po Mszy \u015awi\u0119tej nast\u0105pi przej\u015bcie do Bazyliki Katedralnej. Tegoroczne pielgrzymowanie b\u0119dzie zarazem przygotowaniem do obchod\u00f3w 50. rocznicy \u015bmierci b\u0142. Micha\u0142a.<\/li>\n<li dir=\"auto\">Dominika\u0144ska Szko\u0142a Wiary w Bia\u0142ymstoku zaprasza na wyk\u0142ad otwarty &#8220;To czy\u0144cie na moj\u0105 pami\u0105tk\u0119, czyli ofiarny wymiar Eucharystii&#8221;.<br \/>\nWyk\u0142ad wyg\u0142osi dominikanin \u2013 o. Piotr Laskowski. Zapraszamy w sobot\u0119 20 kwietnia na Msz\u0119 \u015awi\u0119t\u0105 o godz. 10:00, a potem na wyk\u0142ad o 11:00 do Arkad Katedralnych (wej\u015bcie A za katedr\u0105 bia\u0142ostock\u0105).<\/li>\n<li dir=\"auto\">Prowadzimy nab\u00f3r do ch\u00f3ru parafialnego. Ch\u0119tnych do \u015bpiewania zapraszamy do zapisywania si\u0119 w zakrystii lub kancelarii.<\/li>\n<li dir=\"auto\">Wszystkim naszym Parafianom i Go\u015bciom, \u017cyczymy Bo\u017cego b\u0142ogos\u0142awie\u0144stwa.<\/li>\n<\/ol>\n<\/div>\n","protected":false},"excerpt":{"rendered":"<p>Dzisiaj prze\u017cywamy Niedziel\u0119 Biblijn\u0105, kt\u00f3ra rozpoczyna Tydzie\u0144 Biblijny. Serdecznie zach\u0119camy w tym tygodniu do modlitwy S\u0142owem Bo\u017cym. W tym tygodniu: &#8211; wtorek \u2013 r\u00f3\u017caniec po wieczornej Eucharystii &#8211; \u015broda \u2013 Adoracja od godz. 17:00 &#8211; czwartek \u2013 Uwielbienie po wieczornej Eucharystii W nast\u0119pn\u0105 niedziel\u0119 \u2013 Niedziela Dobrego Pasterza. 60 \u015awiatowy<span class=\"more-link\"><a href=\"https:\/\/parafia.faustyna.bialystok.pl\/?p=1607\">Czytaj dalej<\/a><\/span><\/p>\n","protected":false},"author":1,"featured_media":1608,"comment_status":"open","ping_status":"closed","sticky":false,"template":"","format":"standard","meta":{"footnotes":""},"categories":[3],"tags":[],"class_list":["entry","author-parafia_admin","post-1607","post","type-post","status-publish","format-standard","has-post-thumbnail","category-ogloszenia"],"_links":{"self":[{"href":"https:\/\/parafia.faustyna.bialystok.pl\/index.php?rest_route=\/wp\/v2\/posts\/1607","targetHints":{"allow":["GET"]}}],"collection":[{"href":"https:\/\/parafia.faustyna.bialystok.pl\/index.php?rest_route=\/wp\/v2\/posts"}],"about":[{"href":"https:\/\/parafia.faustyna.bialystok.pl\/index.php?rest_route=\/wp\/v2\/types\/post"}],"author":[{"embeddable":true,"href":"https:\/\/parafia.faustyna.bialystok.pl\/index.php?rest_route=\/wp\/v2\/users\/1"}],"replies":[{"embeddable":true,"href":"https:\/\/parafia.faustyna.bialystok.pl\/index.php?rest_route=%2Fwp%2Fv2%2Fcomments&post=1607"}],"version-history":[{"count":1,"href":"https:\/\/parafia.faustyna.bialystok.pl\/index.php?rest_route=\/wp\/v2\/posts\/1607\/revisions"}],"predecessor-version":[{"id":1610,"href":"https:\/\/parafia.faustyna.bialystok.pl\/index.php?rest_route=\/wp\/v2\/posts\/1607\/revisions\/1610"}],"wp:featuredmedia":[{"embeddable":true,"href":"https:\/\/parafia.faustyna.bialystok.pl\/index.php?rest_route=\/wp\/v2\/media\/1608"}],"wp:attachment":[{"href":"https:\/\/parafia.faustyna.bialystok.pl\/index.php?rest_route=%2Fwp%2Fv2%2Fmedia&parent=1607"}],"wp:term":[{"taxonomy":"category","embeddable":true,"href":"https:\/\/parafia.faustyna.bialystok.pl\/index.php?rest_route=%2Fwp%2Fv2%2Fcategories&post=1607"},{"taxonomy":"post_tag","embeddable":true,"href":"https:\/\/parafia.faustyna.bialystok.pl\/index.php?rest_route=%2Fwp%2Fv2%2Ftags&post=1607"}],"curies":[{"name":"wp","href":"https:\/\/api.w.org\/{rel}","templated":true}]}}