{"id":1612,"date":"2024-04-21T19:18:47","date_gmt":"2024-04-21T18:18:47","guid":{"rendered":"https:\/\/parafia.faustyna.bialystok.pl\/?p=1612"},"modified":"2024-04-28T21:05:07","modified_gmt":"2024-04-28T20:05:07","slug":"2024-04-14-iv-niedziela-wielkanocna","status":"publish","type":"post","link":"https:\/\/parafia.faustyna.bialystok.pl\/?p=1612","title":{"rendered":"2024.04.21 \u2013 IV Niedziela Wielkanocna"},"content":{"rendered":"<div class=\"x11i5rnm xat24cr x1mh8g0r x1vvkbs xtlvy1s x126k92a\">\n<p><img fetchpriority=\"high\" decoding=\"async\" class=\"aligncenter wp-image-1613 size-full\" src=\"https:\/\/parafia.faustyna.bialystok.pl\/wp-content\/uploads\/2024\/04\/dobrypasterz.jpg\" alt=\"\" width=\"1600\" height=\"726\" srcset=\"https:\/\/parafia.faustyna.bialystok.pl\/wp-content\/uploads\/2024\/04\/dobrypasterz.jpg 1600w, https:\/\/parafia.faustyna.bialystok.pl\/wp-content\/uploads\/2024\/04\/dobrypasterz-300x136.jpg 300w, https:\/\/parafia.faustyna.bialystok.pl\/wp-content\/uploads\/2024\/04\/dobrypasterz-1024x465.jpg 1024w, https:\/\/parafia.faustyna.bialystok.pl\/wp-content\/uploads\/2024\/04\/dobrypasterz-768x348.jpg 768w, https:\/\/parafia.faustyna.bialystok.pl\/wp-content\/uploads\/2024\/04\/dobrypasterz-1536x697.jpg 1536w, https:\/\/parafia.faustyna.bialystok.pl\/wp-content\/uploads\/2024\/04\/dobrypasterz-465x211.jpg 465w, https:\/\/parafia.faustyna.bialystok.pl\/wp-content\/uploads\/2024\/04\/dobrypasterz-695x315.jpg 695w\" sizes=\"(max-width: 1600px) 100vw, 1600px\" \/><\/p>\n<ol>\n<li dir=\"auto\">Dzisiaj \u2013 Niedziela Dobrego Pasterza. 61 \u015awiatowy Dzie\u0144 Modlitw o Powo\u0142ania. Rozpocz\u0119cie tygodnia modlitw o powo\u0142ania do s\u0142u\u017cby w Ko\u015bciele. Og\u00f3lnopolska Niedziela Modlitw za Kierowc\u00f3w.<\/li>\n<li dir=\"auto\">W tym tygodniu:<br \/>\n&#8211; wtorek \u2013 uroczysto\u015b\u0107 \u015bw. Wojciecha, biskupa i m\u0119czennika, g\u0142\u00f3wnego patrona Polski. Tego dnia swoje imieniny obchodzi nasz wikariusz ks. Jerzy, polecajmy Go w modlitwie<br \/>\n&#8211; \u015broda \u2013 uroczysto\u015b\u0107 \u015bw. Jerzego, m\u0119czennika, g\u0142\u00f3wnego patrona Archidiecezji<br \/>\n&#8211; czwartek \u2013 \u015bwi\u0119to \u015bw. Marka, Ewangelisty. Dzie\u0144 modlitw o urodzaje.<\/li>\n<li dir=\"auto\">We \u015brod\u0119 nasza m\u0142odzie\u017c przyjmie Sakrament Bierzmowania z r\u0105k ks. Biskupa Henryka Ciereszki. Otoczmy ich nasz\u0105 modlitw\u0105. W tym dniu kancelaria b\u0119dzie nie czynna.<\/li>\n<li dir=\"auto\">Dnia 27 kwietnia zapraszamy na pielgrzymk\u0119 do Niepokalanowa. Wyjazd spod ko\u015bcio\u0142a o godz: 6:00. Koszt 70 z\u0142.<\/li>\n<li dir=\"auto\">Od 28 kwietnia rozpocznie si\u0119 przygotowanie do Sakramentu Bierzmowania. Dotyczy to m\u0142odzie\u017c, kt\u00f3ra ucz\u0119szcza obecnie do 8 klasy szko\u0142y podstawowej, a tak\u017ce tych os\u00f3b, kt\u00f3re z r\u00f3\u017cnych powod\u00f3w w odpowiednim czasie nie przyj\u0119\u0142y bierzmowania. Zapraszamy na Msz\u0119 \u015aw. o godz: 13:30 i spotkanie.<\/li>\n<li dir=\"auto\">U Pana Marka s\u0105 do nabycia nowe Drogi Mi\u0142osierdzia.<\/li>\n<li dir=\"auto\">Prowadzimy nab\u00f3r do ch\u00f3ru parafialnego. Ch\u0119tnych do \u015bpiewania zapraszamy do zapisywania si\u0119 w zakrystii lub kancelarii.<\/li>\n<li dir=\"auto\">W przysz\u0142\u0105 niedziel\u0119 b\u0119dziemy go\u015bci\u0107 przedstawiciela naszego Seminarium. Taca tego dnia b\u0119dzie przeznaczona na utrzymanie Wy\u017cszego Seminarium Duchownego w Bia\u0142ymstoku.<\/li>\n<li dir=\"auto\">Wszystkim naszym Parafianom i Go\u015bciom, \u017cyczymy b\u0142ogos\u0142awie\u0144stwa Dobrego Pasterza.<\/li>\n<\/ol>\n<\/div>\n","protected":false},"excerpt":{"rendered":"<p>Dzisiaj \u2013 Niedziela Dobrego Pasterza. 61 \u015awiatowy Dzie\u0144 Modlitw o Powo\u0142ania. Rozpocz\u0119cie tygodnia modlitw o powo\u0142ania do s\u0142u\u017cby w Ko\u015bciele. Og\u00f3lnopolska Niedziela Modlitw za Kierowc\u00f3w. W tym tygodniu: &#8211; wtorek \u2013 uroczysto\u015b\u0107 \u015bw. Wojciecha, biskupa i m\u0119czennika, g\u0142\u00f3wnego patrona Polski. Tego dnia swoje imieniny obchodzi nasz wikariusz ks. Jerzy, polecajmy<span class=\"more-link\"><a href=\"https:\/\/parafia.faustyna.bialystok.pl\/?p=1612\">Czytaj dalej<\/a><\/span><\/p>\n","protected":false},"author":1,"featured_media":1614,"comment_status":"open","ping_status":"closed","sticky":false,"template":"","format":"standard","meta":{"footnotes":""},"categories":[3],"tags":[],"class_list":["entry","author-parafia_admin","post-1612","post","type-post","status-publish","format-standard","has-post-thumbnail","category-ogloszenia"],"_links":{"self":[{"href":"https:\/\/parafia.faustyna.bialystok.pl\/index.php?rest_route=\/wp\/v2\/posts\/1612","targetHints":{"allow":["GET"]}}],"collection":[{"href":"https:\/\/parafia.faustyna.bialystok.pl\/index.php?rest_route=\/wp\/v2\/posts"}],"about":[{"href":"https:\/\/parafia.faustyna.bialystok.pl\/index.php?rest_route=\/wp\/v2\/types\/post"}],"author":[{"embeddable":true,"href":"https:\/\/parafia.faustyna.bialystok.pl\/index.php?rest_route=\/wp\/v2\/users\/1"}],"replies":[{"embeddable":true,"href":"https:\/\/parafia.faustyna.bialystok.pl\/index.php?rest_route=%2Fwp%2Fv2%2Fcomments&post=1612"}],"version-history":[{"count":2,"href":"https:\/\/parafia.faustyna.bialystok.pl\/index.php?rest_route=\/wp\/v2\/posts\/1612\/revisions"}],"predecessor-version":[{"id":1620,"href":"https:\/\/parafia.faustyna.bialystok.pl\/index.php?rest_route=\/wp\/v2\/posts\/1612\/revisions\/1620"}],"wp:featuredmedia":[{"embeddable":true,"href":"https:\/\/parafia.faustyna.bialystok.pl\/index.php?rest_route=\/wp\/v2\/media\/1614"}],"wp:attachment":[{"href":"https:\/\/parafia.faustyna.bialystok.pl\/index.php?rest_route=%2Fwp%2Fv2%2Fmedia&parent=1612"}],"wp:term":[{"taxonomy":"category","embeddable":true,"href":"https:\/\/parafia.faustyna.bialystok.pl\/index.php?rest_route=%2Fwp%2Fv2%2Fcategories&post=1612"},{"taxonomy":"post_tag","embeddable":true,"href":"https:\/\/parafia.faustyna.bialystok.pl\/index.php?rest_route=%2Fwp%2Fv2%2Ftags&post=1612"}],"curies":[{"name":"wp","href":"https:\/\/api.w.org\/{rel}","templated":true}]}}