{"id":1616,"date":"2024-04-28T21:04:50","date_gmt":"2024-04-28T20:04:50","guid":{"rendered":"https:\/\/parafia.faustyna.bialystok.pl\/?p=1616"},"modified":"2024-04-28T21:04:50","modified_gmt":"2024-04-28T20:04:50","slug":"2024-04-28-v-niedziela-wielkanocna","status":"publish","type":"post","link":"https:\/\/parafia.faustyna.bialystok.pl\/?p=1616","title":{"rendered":"2024.04.28 \u2013 V Niedziela Wielkanocna"},"content":{"rendered":"<div class=\"x11i5rnm xat24cr x1mh8g0r x1vvkbs xtlvy1s x126k92a\">\n<div dir=\"auto\" style=\"text-align: center;\"><img fetchpriority=\"high\" decoding=\"async\" class=\"alignnone wp-image-1618 size-full\" src=\"https:\/\/parafia.faustyna.bialystok.pl\/wp-content\/uploads\/2024\/04\/winorosl.jpeg\" alt=\"\" width=\"1400\" height=\"602\" srcset=\"https:\/\/parafia.faustyna.bialystok.pl\/wp-content\/uploads\/2024\/04\/winorosl.jpeg 1400w, https:\/\/parafia.faustyna.bialystok.pl\/wp-content\/uploads\/2024\/04\/winorosl-300x129.jpeg 300w, https:\/\/parafia.faustyna.bialystok.pl\/wp-content\/uploads\/2024\/04\/winorosl-1024x440.jpeg 1024w, https:\/\/parafia.faustyna.bialystok.pl\/wp-content\/uploads\/2024\/04\/winorosl-768x330.jpeg 768w, https:\/\/parafia.faustyna.bialystok.pl\/wp-content\/uploads\/2024\/04\/winorosl-465x200.jpeg 465w, https:\/\/parafia.faustyna.bialystok.pl\/wp-content\/uploads\/2024\/04\/winorosl-695x299.jpeg 695w\" sizes=\"(max-width: 1400px) 100vw, 1400px\" \/><\/div>\n<ol>\n<li dir=\"auto\">Dzisiaj ofiary sk\u0142adane na tac\u0119 przeznaczone s\u0105 na utrzymanie Archidiecezjalnego Wy\u017cszego Seminarium Duchownego w Bia\u0142ymstoku.<\/li>\n<li dir=\"auto\">W tym tygodniu:<br \/>\n&#8211; poniedzia\u0142ek \u2013 \u015bwi\u0119to \u015bw. Katarzyny Siene\u0144skiej, dziewicy i doktora Ko\u015bcio\u0142a, patronki Europy. Jest to dzie\u0144 M\u0119czennik\u00f3w Duchownych Polskich z czas\u00f3w II wojny \u015bwiatowej.<br \/>\n&#8211; wtorek \u2013 po Mszy wieczornej zapraszamy na modlitw\u0119 r\u00f3\u017ca\u0144cow\u0105<br \/>\n&#8211; \u015broda \u2013 Adoracja od godz. 17.00. Kwartalne dni modlitw o powo\u0142ania do s\u0142u\u017cby w Ko\u015bciele. \u015awi\u0119to Pracy<br \/>\n&#8211; czwartek \u2013 wspomnienie \u015bw. Atanazego, biskupa i doktora Ko\u015bcio\u0142a. Jest to Dzie\u0144 Flagi Rzeczpospolitej. Jest to r\u00f3wnie\u017c pierwszy czwartek miesi\u0105ca. Od 23.00 do 24.00 \u2013 Godzina \u015awi\u0119ta w intencji powo\u0142a\u0144<br \/>\n&#8211; pi\u0105tek \u2013 uroczysto\u015b\u0107 Naj\u015bwi\u0119tszej Maryi Panny, Kr\u00f3lowej Polski.; Msze \u015awi\u0119te o godz. 9.00 i 18.00. W tym dniu nie obowi\u0105zuje wstrzemi\u0119\u017aliwo\u015b\u0107 od pokarm\u00f3w mi\u0119snych.. Jest to r\u00f3wnie\u017c pierwszy pi\u0105tek miesi\u0105ca<br \/>\n&#8211; sobota \u2013 wspomnienie \u015bw. Floriana, m\u0119czennika, patrona stra\u017cak\u00f3w, nabo\u017ce\u0144stwo pierwszosobotnie po wieczornej Eucharystii.<\/li>\n<li dir=\"auto\">Za tydzie\u0144 pierwsza niedziela miesi\u0105ca. Po Mszy \u015awi\u0119tej o 9.00, Procesja Eucharystyczna.<\/li>\n<li dir=\"auto\">W najbli\u017csz\u0105 \u015brod\u0119 rozpoczniemy miesi\u0105c maj. Zapraszamy na nabo\u017ce\u0144stwa majowe, odprawiane codziennie po wieczornej Mszy \u015awi\u0119tej, natomiast w niedziele po Mszy \u015awi\u0119tej o godz. 9.00.<\/li>\n<li dir=\"auto\">We \u015brod\u0119 (24 kwietnia) Sakrament bierzmowania z r\u0105k ks. Biskupa Henryka Ciereszki otrzyma\u0142o 64 naszych m\u0142odych parafian. Serdeczne \u201eB\u00f3g zap\u0142a\u0107\u201d ks. Jerzemu za przygotowanie naszej m\u0142odzie\u017cy do przyj\u0119cia tego sakramentu.<\/li>\n<li dir=\"auto\">Dnia 11 maja zapraszamy na pielgrzymk\u0119 do Loretto. Wyjazd spod ko\u015bcio\u0142a o godz. 7:30. Koszt 50 z\u0142.<\/li>\n<li dir=\"auto\">Od dzi\u015b 28 kwietnia rozpoczyna si\u0119 przygotowanie do Sakramentu Bierzmowania. Dotyczy to m\u0142odzie\u017cy, kt\u00f3ra ucz\u0119szcza obecnie do 8 klasy szko\u0142y podstawowej, a tak\u017ce tych os\u00f3b, kt\u00f3re z r\u00f3\u017cnych powod\u00f3w w odpowiednim czasie nie przyj\u0119\u0142y bierzmowania. Zapraszamy na Msz\u0119 \u015aw. o godz. 13.30 i spotkanie.<\/li>\n<li dir=\"auto\">U Pana Marka s\u0105 do nabycia Drogi Mi\u0142osierdzia.<\/li>\n<li dir=\"auto\">Prowadzimy nab\u00f3r do ch\u00f3ru parafialnego. Ch\u0119tnych do \u015bpiewania zapraszamy do zapisywania si\u0119 w zakrystii lub kancelarii.<\/li>\n<li dir=\"auto\">Msza \u015bw. w intencji Ojczyzny zostanie odprawiona przez Arcybiskupa Metropolit\u0119 J\u00f3zefa Guzdka, w pi\u0105tek 3 maja br. o godz. 11.00 w Archikatedrze Bia\u0142ostockiej. Zapraszamy do udzia\u0142u w ww. uroczysto\u015bci oraz wsp\u00f3lnej modlitwy za wstawiennictwem NMP Kr\u00f3lowej Polski.<\/li>\n<li dir=\"auto\">Rozpoczynamy sezon pieszych pielgrzymek, jak co roku, na pocz\u0105tku maja organizowana jest Piesza Pielgrzymka M\u0119\u017cczyzn do Krypna. Tegoroczna XXIX pielgrzymka wyruszy z Bia\u0142ostockiej Katedry w sobot\u0119 4 maja o godz. 8.00. Has\u0142em tegorocznej pielgrzymki s\u0105 s\u0142owa: \u201eZ\u0142o dobrem zwyci\u0119\u017caj\u201d. Ukoronowaniem p\u0105tniczej w\u0119dr\u00f3wki b\u0119dzie uroczysta Msza \u015bw. celebrowana w Krypnie o godz. 18.00. Zapisy organizowane s\u0105 na trasie. Istnieje tak\u017ce mo\u017cliwo\u015b\u0107 zapisania si\u0119 na autokar powrotny do Bia\u0142egostoku. Ch\u0119tnych do pielgrzymowania zapraszamy do ks. Proboszcza.<\/li>\n<li dir=\"auto\">Wszystkim \u017cyczymy b\u0142ogos\u0142awie\u0144stwa Dobrego Pasterza, dobrej pogody i udanej maj\u00f3wki.<\/li>\n<\/ol>\n<\/div>\n","protected":false},"excerpt":{"rendered":"<p>Dzisiaj ofiary sk\u0142adane na tac\u0119 przeznaczone s\u0105 na utrzymanie Archidiecezjalnego Wy\u017cszego Seminarium Duchownego w Bia\u0142ymstoku. W tym tygodniu: &#8211; poniedzia\u0142ek \u2013 \u015bwi\u0119to \u015bw. Katarzyny Siene\u0144skiej, dziewicy i doktora Ko\u015bcio\u0142a, patronki Europy. Jest to dzie\u0144 M\u0119czennik\u00f3w Duchownych Polskich z czas\u00f3w II wojny \u015bwiatowej. &#8211; wtorek \u2013 po Mszy wieczornej zapraszamy na<span class=\"more-link\"><a href=\"https:\/\/parafia.faustyna.bialystok.pl\/?p=1616\">Czytaj dalej<\/a><\/span><\/p>\n","protected":false},"author":1,"featured_media":1617,"comment_status":"open","ping_status":"closed","sticky":false,"template":"","format":"standard","meta":{"footnotes":""},"categories":[3],"tags":[],"class_list":["entry","author-parafia_admin","post-1616","post","type-post","status-publish","format-standard","has-post-thumbnail","category-ogloszenia"],"_links":{"self":[{"href":"https:\/\/parafia.faustyna.bialystok.pl\/index.php?rest_route=\/wp\/v2\/posts\/1616","targetHints":{"allow":["GET"]}}],"collection":[{"href":"https:\/\/parafia.faustyna.bialystok.pl\/index.php?rest_route=\/wp\/v2\/posts"}],"about":[{"href":"https:\/\/parafia.faustyna.bialystok.pl\/index.php?rest_route=\/wp\/v2\/types\/post"}],"author":[{"embeddable":true,"href":"https:\/\/parafia.faustyna.bialystok.pl\/index.php?rest_route=\/wp\/v2\/users\/1"}],"replies":[{"embeddable":true,"href":"https:\/\/parafia.faustyna.bialystok.pl\/index.php?rest_route=%2Fwp%2Fv2%2Fcomments&post=1616"}],"version-history":[{"count":1,"href":"https:\/\/parafia.faustyna.bialystok.pl\/index.php?rest_route=\/wp\/v2\/posts\/1616\/revisions"}],"predecessor-version":[{"id":1619,"href":"https:\/\/parafia.faustyna.bialystok.pl\/index.php?rest_route=\/wp\/v2\/posts\/1616\/revisions\/1619"}],"wp:featuredmedia":[{"embeddable":true,"href":"https:\/\/parafia.faustyna.bialystok.pl\/index.php?rest_route=\/wp\/v2\/media\/1617"}],"wp:attachment":[{"href":"https:\/\/parafia.faustyna.bialystok.pl\/index.php?rest_route=%2Fwp%2Fv2%2Fmedia&parent=1616"}],"wp:term":[{"taxonomy":"category","embeddable":true,"href":"https:\/\/parafia.faustyna.bialystok.pl\/index.php?rest_route=%2Fwp%2Fv2%2Fcategories&post=1616"},{"taxonomy":"post_tag","embeddable":true,"href":"https:\/\/parafia.faustyna.bialystok.pl\/index.php?rest_route=%2Fwp%2Fv2%2Ftags&post=1616"}],"curies":[{"name":"wp","href":"https:\/\/api.w.org\/{rel}","templated":true}]}}