{"id":1658,"date":"2024-06-30T17:57:00","date_gmt":"2024-06-30T16:57:00","guid":{"rendered":"https:\/\/parafia.faustyna.bialystok.pl\/?p=1658"},"modified":"2024-07-03T18:01:46","modified_gmt":"2024-07-03T17:01:46","slug":"2024-06-30-xiii-niedziela-zwykla","status":"publish","type":"post","link":"https:\/\/parafia.faustyna.bialystok.pl\/?p=1658","title":{"rendered":"2024.06.30 \u2013 XIII Niedziela Zwyk\u0142a"},"content":{"rendered":"<div class=\"wp-block-image\">\n<figure class=\"aligncenter size-full\"><img fetchpriority=\"high\" decoding=\"async\" width=\"722\" height=\"900\" src=\"https:\/\/parafia.faustyna.bialystok.pl\/wp-content\/uploads\/2024\/02\/Faustyna.jpg\" alt=\"\" class=\"wp-image-1559\" srcset=\"https:\/\/parafia.faustyna.bialystok.pl\/wp-content\/uploads\/2024\/02\/Faustyna.jpg 722w, https:\/\/parafia.faustyna.bialystok.pl\/wp-content\/uploads\/2024\/02\/Faustyna-241x300.jpg 241w, https:\/\/parafia.faustyna.bialystok.pl\/wp-content\/uploads\/2024\/02\/Faustyna-441x550.jpg 441w, https:\/\/parafia.faustyna.bialystok.pl\/wp-content\/uploads\/2024\/02\/Faustyna-401x500.jpg 401w\" sizes=\"(max-width: 722px) 100vw, 722px\" \/><\/figure>\n<\/div>\n\n\n<ol class=\"wp-block-list\">\n<li>W nast\u0119pn\u0105 niedziel\u0119 (7.07) taca na potrzeby Archidiecezji. B\u0119dzie to r\u00f3wnie\u017c pierwsza niedziela miesi\u0105ca, dlatego po Mszy \u015awi\u0119tej o godz. 9.00 procesja eucharystyczna.<\/li>\n\n\n\n<li>W tym tygodniu:<br>&#8211; \u015broda \u2013 \u015bwi\u0119to \u015bw. Tomasza Aposto\u0142a; Adoracja od godz. 17.00<br>&#8211; czwartek \u2013 pierwszy czwartek miesi\u0105ca, o godz. 18.00 Msza \u015aw. w intencji powo\u0142a\u0144, a od 23.00 do 24.00 \u2013 Godzina \u015awi\u0119ta<br>&#8211; pi\u0105tek \u2013 pierwszy pi\u0105tek miesi\u0105ca; Msze \u015aw. o godz. 7.00 i 18.00; spowied\u017a 30 minut przed rozpocz\u0119ciem Eucharystii. Jest to r\u00f3wnie\u017c 5 dzie\u0144 miesi\u0105ca \u2013 nowenna do \u015bw. Faustyny o godz. 17.30<br>&#8211; sobota \u2013 pierwsza sobota miesi\u0105ca, wieczorem Nabo\u017ce\u0144stwo Pierwszosobotnie<\/li>\n\n\n\n<li>Przypominamy, \u017ce w lipcu i sierpniu nie b\u0119dzie Mszy \u015aw. o godzinie 13.30, natomiast kancelaria b\u0119dzie czynna 30 min. po zako\u0144czonej wieczornej Eucharystii.<\/li>\n\n\n\n<li>W letnie dni przypominamy o odpowiednim stroju do ko\u015bcio\u0142a. Niech b\u0119dzie on wyrazem naszego szacunku do miejsca \u015bwi\u0119tego, a gromadz\u0105cym si\u0119 na Eucharystii pomaga w skupieniu i modlitwie.<\/li>\n\n\n\n<li>U Pana Marka s\u0105 do nabycia Drogi Mi\u0142osierdzia oraz dla najm\u0142odszych czasopismo Sta\u015b.<\/li>\n\n\n\n<li>Przypominamy o pielgrzymce do Medjugorje. Termin pielgrzymki: 19 \u2013 26.09.2024 r. Program pielgrzymki na ulotkach. Zapisy do 7 lipca.<\/li>\n\n\n\n<li>XXVIII Archidiecezjalna Piesza Pielgrzymka do Sanktuarium Matki Bo\u017cej Kr\u00f3lowej Rodzin w Juchnowcu odb\u0119dzie si\u0119 w sobot\u0119 6 lipca br. Pielgrzymka rozpocznie si\u0119 o godz. 8.00 modlitw\u0105 przed obrazem Matki Mi\u0142osierdzia w archikatedrze bia\u0142ostockiej. Do uczestnictwa w niej zapraszamy wszystkich wiernych, a zw\u0142aszcza rodziny.<\/li>\n\n\n\n<li>38. Bia\u0142ostocka Piesza Pielgrzymka na Jasn\u0105 G\u00f3r\u0119 odb\u0119dzie si\u0119 w dniach 30 lipca \u2013 12 sierpnia 2024 r. Pielgrzymka wyruszy pod has\u0142em ,,Przez lustro Maryi\u201d. Zapisy na pielgrzymk\u0119 przyjmowane b\u0119d\u0105: Bia\u0142ystok &#8211; od 25 do 29 lipca br., w godz. 17.00-19.00, w Arkadach Katedralnych A. Ci, kt\u00f3rzy z r\u00f3\u017cnych powod\u00f3w nie mog\u0105 wyruszy\u0107 na pielgrzymi szlak, a chc\u0105 wesprze\u0107 pielgrzym\u00f3w zach\u0119camy, aby \u0142\u0105czyli si\u0119 duchowo zapisuj\u0105c si\u0119 do \u201eGrupy Z\u0142otej\u201d powierzaj\u0105c intencje, w kt\u00f3rych ka\u017cdego dnia b\u0119d\u0105 modlili si\u0119 pielgrzymi (zapisy w ka\u017cdej parafii oraz w miejscach zapis\u00f3w na pielgrzymk\u0119).<\/li>\n\n\n\n<li>\u017byczymy wszystkim Bo\u017cego b\u0142ogos\u0142awie\u0144stwa i opieki Matki Bo\u017cej, szczeg\u00f3lnie wypoczywaj\u0105cym na wakacjach i urlopach.<\/li>\n<\/ol>\n","protected":false},"excerpt":{"rendered":"<p><span class=\"more-link\"><a href=\"https:\/\/parafia.faustyna.bialystok.pl\/?p=1658\">Czytaj dalej<\/a><\/span><\/p>\n","protected":false},"author":1,"featured_media":1558,"comment_status":"open","ping_status":"closed","sticky":false,"template":"","format":"standard","meta":{"footnotes":""},"categories":[3],"tags":[],"class_list":["entry","author-parafia_admin","post-1658","post","type-post","status-publish","format-standard","has-post-thumbnail","category-ogloszenia"],"_links":{"self":[{"href":"https:\/\/parafia.faustyna.bialystok.pl\/index.php?rest_route=\/wp\/v2\/posts\/1658","targetHints":{"allow":["GET"]}}],"collection":[{"href":"https:\/\/parafia.faustyna.bialystok.pl\/index.php?rest_route=\/wp\/v2\/posts"}],"about":[{"href":"https:\/\/parafia.faustyna.bialystok.pl\/index.php?rest_route=\/wp\/v2\/types\/post"}],"author":[{"embeddable":true,"href":"https:\/\/parafia.faustyna.bialystok.pl\/index.php?rest_route=\/wp\/v2\/users\/1"}],"replies":[{"embeddable":true,"href":"https:\/\/parafia.faustyna.bialystok.pl\/index.php?rest_route=%2Fwp%2Fv2%2Fcomments&post=1658"}],"version-history":[{"count":6,"href":"https:\/\/parafia.faustyna.bialystok.pl\/index.php?rest_route=\/wp\/v2\/posts\/1658\/revisions"}],"predecessor-version":[{"id":1665,"href":"https:\/\/parafia.faustyna.bialystok.pl\/index.php?rest_route=\/wp\/v2\/posts\/1658\/revisions\/1665"}],"wp:featuredmedia":[{"embeddable":true,"href":"https:\/\/parafia.faustyna.bialystok.pl\/index.php?rest_route=\/wp\/v2\/media\/1558"}],"wp:attachment":[{"href":"https:\/\/parafia.faustyna.bialystok.pl\/index.php?rest_route=%2Fwp%2Fv2%2Fmedia&parent=1658"}],"wp:term":[{"taxonomy":"category","embeddable":true,"href":"https:\/\/parafia.faustyna.bialystok.pl\/index.php?rest_route=%2Fwp%2Fv2%2Fcategories&post=1658"},{"taxonomy":"post_tag","embeddable":true,"href":"https:\/\/parafia.faustyna.bialystok.pl\/index.php?rest_route=%2Fwp%2Fv2%2Ftags&post=1658"}],"curies":[{"name":"wp","href":"https:\/\/api.w.org\/{rel}","templated":true}]}}