{"id":1742,"date":"2024-08-24T21:23:46","date_gmt":"2024-08-24T20:23:46","guid":{"rendered":"https:\/\/parafia.faustyna.bialystok.pl\/?p=1742"},"modified":"2024-08-27T00:35:28","modified_gmt":"2024-08-26T23:35:28","slug":"2024-08-25-xxi-niedziela-zwykla","status":"publish","type":"post","link":"https:\/\/parafia.faustyna.bialystok.pl\/?p=1742","title":{"rendered":"2024.08.25 \u2013 XXI Niedziela Zwyk\u0142a"},"content":{"rendered":"<p><img fetchpriority=\"high\" decoding=\"async\" class=\"aligncenter wp-image-1559 size-full\" src=\"https:\/\/parafia.faustyna.bialystok.pl\/wp-content\/uploads\/2024\/02\/Faustyna.jpg\" alt=\"\" width=\"722\" height=\"900\" srcset=\"https:\/\/parafia.faustyna.bialystok.pl\/wp-content\/uploads\/2024\/02\/Faustyna.jpg 722w, https:\/\/parafia.faustyna.bialystok.pl\/wp-content\/uploads\/2024\/02\/Faustyna-241x300.jpg 241w, https:\/\/parafia.faustyna.bialystok.pl\/wp-content\/uploads\/2024\/02\/Faustyna-441x550.jpg 441w, https:\/\/parafia.faustyna.bialystok.pl\/wp-content\/uploads\/2024\/02\/Faustyna-401x500.jpg 401w\" sizes=\"(max-width: 722px) 100vw, 722px\" \/><\/p>\n<div class=\"x11i5rnm xat24cr x1mh8g0r x1vvkbs xtlvy1s x126k92a\">\n<ol>\n<li dir=\"auto\">W tym tygodniu:<br \/>\n&#8211; poniedzia\u0142ek &#8211; uroczysto\u015b\u0107 Naj\u015bwi\u0119tszej Maryi Panny Cz\u0119stochowskiej<br \/>\n&#8211; wtorek &#8211; wspomnienie \u015bw. Moniki<br \/>\n&#8211; \u015broda &#8211; wspomnienie \u015bw. Augustyna, biskupa &#8211; adoracja od godz. 17:00<br \/>\n&#8211; czwartek &#8211; wspomnienie M\u0119cze\u0144stwa \u015bw. Jana Chrzciciela.<\/li>\n<li dir=\"auto\">W nast\u0119pn\u0105 niedziel\u0119 taca b\u0119dzie przeznaczona na potrzeby Archidiecezji, jest to r\u00f3wnie\u017c pierwsza niedziele wrze\u015bnia, po Mszy \u015bw. o godz. 9:00 procesja Eucharystyczna.<\/li>\n<li dir=\"auto\">Kancelaria jeszcze w tym tygodniu b\u0119dzie czynna od poniedzia\u0142ku do pi\u0105tku przez p\u00f3\u0142 godziny po zako\u0144czonej wieczornej Mszy \u015bw.<\/li>\n<li dir=\"auto\">W naszej parafii zosta\u0142 opracowany i wprowadzony w \u017cycie wewn\u0119trzny dokument okre\u015blaj\u0105cy polityk\u0119 ochrony przebywaj\u0105cych na terenie parafii dzieci i os\u00f3b doros\u0142ych zgodnie z obowi\u0105zuj\u0105cymi standardami wyznaczonymi przez dokumenty pa\u0144stwowe, w tym tzw \u201eUstaw\u0119 Kamilka\u201d i wytyczne Ko\u015bcio\u0142a katolickiego w Polsce. Dokument jest dost\u0119pny na <a href=\"https:\/\/parafia.faustyna.bialystok.pl\/?page_id=1755\">stronie internetowej<\/a> parafii oraz w kancelarii parafialnej.<\/li>\n<li dir=\"auto\">40. Piesza Pielgrzymka do sanktuarium Matki Bo\u017cej Pocieszenia wyruszy z Bia\u0142egostoku w sobot\u0119 7 wrze\u015bnia br. Wi\u0119cej informacji w og\u0142oszeniach za tydzie\u0144.<\/li>\n<li dir=\"auto\">Wyj\u0105tkowe, uroczyste oddanie \u017cycia Jezusowi przez r\u0119ce Maryi b\u0119dzie mia\u0142o miejsce w \u015bwi\u0119to Matki Bo\u017cej R\u00f3\u017ca\u0144cowej w parafii Zmartwychwstania Pa\u0144skiego w Bia\u0142ymstoku. Uroczysto\u015b\u0107 ta b\u0119dzie poprzedzona 33-dniowym przygotowaniem w formie rekolekcji. Wi\u0119cej informacji znajduje si\u0119 na plakacie na tablicy og\u0142osze\u0144.<\/li>\n<li dir=\"auto\">\u017byczymy wszystkim b\u0142ogos\u0142awie\u0144stwa Bo\u017cego i opieki Matki Bo\u017cej oraz bezpiecznych powrot\u00f3w do domu.<\/li>\n<\/ol>\n<\/div>\n","protected":false},"excerpt":{"rendered":"<p>W tym tygodniu: &#8211; poniedzia\u0142ek &#8211; uroczysto\u015b\u0107 Naj\u015bwi\u0119tszej Maryi Panny Cz\u0119stochowskiej &#8211; wtorek &#8211; wspomnienie \u015bw. Moniki &#8211; \u015broda &#8211; wspomnienie \u015bw. Augustyna, biskupa &#8211; adoracja od godz. 17:00 &#8211; czwartek &#8211; wspomnienie M\u0119cze\u0144stwa \u015bw. Jana Chrzciciela. W nast\u0119pn\u0105 niedziel\u0119 taca b\u0119dzie przeznaczona na potrzeby Archidiecezji, jest to r\u00f3wnie\u017c pierwsza<span class=\"more-link\"><a href=\"https:\/\/parafia.faustyna.bialystok.pl\/?p=1742\">Czytaj dalej<\/a><\/span><\/p>\n","protected":false},"author":1,"featured_media":1558,"comment_status":"open","ping_status":"closed","sticky":false,"template":"","format":"standard","meta":{"footnotes":""},"categories":[3],"tags":[],"class_list":["entry","author-parafia_admin","post-1742","post","type-post","status-publish","format-standard","has-post-thumbnail","category-ogloszenia"],"_links":{"self":[{"href":"https:\/\/parafia.faustyna.bialystok.pl\/index.php?rest_route=\/wp\/v2\/posts\/1742","targetHints":{"allow":["GET"]}}],"collection":[{"href":"https:\/\/parafia.faustyna.bialystok.pl\/index.php?rest_route=\/wp\/v2\/posts"}],"about":[{"href":"https:\/\/parafia.faustyna.bialystok.pl\/index.php?rest_route=\/wp\/v2\/types\/post"}],"author":[{"embeddable":true,"href":"https:\/\/parafia.faustyna.bialystok.pl\/index.php?rest_route=\/wp\/v2\/users\/1"}],"replies":[{"embeddable":true,"href":"https:\/\/parafia.faustyna.bialystok.pl\/index.php?rest_route=%2Fwp%2Fv2%2Fcomments&post=1742"}],"version-history":[{"count":3,"href":"https:\/\/parafia.faustyna.bialystok.pl\/index.php?rest_route=\/wp\/v2\/posts\/1742\/revisions"}],"predecessor-version":[{"id":1763,"href":"https:\/\/parafia.faustyna.bialystok.pl\/index.php?rest_route=\/wp\/v2\/posts\/1742\/revisions\/1763"}],"wp:featuredmedia":[{"embeddable":true,"href":"https:\/\/parafia.faustyna.bialystok.pl\/index.php?rest_route=\/wp\/v2\/media\/1558"}],"wp:attachment":[{"href":"https:\/\/parafia.faustyna.bialystok.pl\/index.php?rest_route=%2Fwp%2Fv2%2Fmedia&parent=1742"}],"wp:term":[{"taxonomy":"category","embeddable":true,"href":"https:\/\/parafia.faustyna.bialystok.pl\/index.php?rest_route=%2Fwp%2Fv2%2Fcategories&post=1742"},{"taxonomy":"post_tag","embeddable":true,"href":"https:\/\/parafia.faustyna.bialystok.pl\/index.php?rest_route=%2Fwp%2Fv2%2Ftags&post=1742"}],"curies":[{"name":"wp","href":"https:\/\/api.w.org\/{rel}","templated":true}]}}