{"id":186,"date":"2021-12-04T18:10:00","date_gmt":"2021-12-04T18:10:00","guid":{"rendered":"https:\/\/parafia.faustyna.bialystok.pl\/?p=186"},"modified":"2021-12-30T09:33:02","modified_gmt":"2021-12-30T08:33:02","slug":"05-12-2021-ii-niedziela-adwentu","status":"publish","type":"post","link":"https:\/\/parafia.faustyna.bialystok.pl\/?p=186","title":{"rendered":"05.12.2021 &#8211; II Niedziela Adwentu"},"content":{"rendered":"\n<div class=\"wp-block-image\"><figure class=\"alignright size-full is-resized\"><img decoding=\"async\" src=\"https:\/\/parafia.faustyna.bialystok.pl\/wp-content\/uploads\/2021\/12\/candle-2-wp-1.jpg\" alt=\"\" class=\"wp-image-184\" height=\"400\" srcset=\"https:\/\/parafia.faustyna.bialystok.pl\/wp-content\/uploads\/2021\/12\/candle-2-wp-1.jpg 384w, https:\/\/parafia.faustyna.bialystok.pl\/wp-content\/uploads\/2021\/12\/candle-2-wp-1-199x300.jpg 199w, https:\/\/parafia.faustyna.bialystok.pl\/wp-content\/uploads\/2021\/12\/candle-2-wp-1-365x550.jpg 365w, https:\/\/parafia.faustyna.bialystok.pl\/wp-content\/uploads\/2021\/12\/candle-2-wp-1-332x500.jpg 332w\" sizes=\"(max-width: 384px) 100vw, 384px\" \/><\/figure><\/div>\n\n\n\n<ol class=\"wp-block-list\"><li>Dzisiaj przed ko\u015bcio\u0142em zbi\u00f3rka ofiar na Pomoc Ko\u015bcio\u0142owi na Wschodzie natomiast taca przeznaczona jest na potrzeby Kurii.<\/li><li>Z powod\u00f3w losowych, odwo\u0142ane zostaje spotkanie autorskie z ks. Markiem.<\/li><li>Dost\u0119pne s\u0105, u Pana Marka, \u015bwiecie Wigilijnego Dzie\u0142a Pomocy Dzieciom Caritas oraz \u201eS\u0142owo na ka\u017cdy dzie\u0144\u201d. U Pana Tomka, mo\u017cna zaopatrzy\u0107 si\u0119 w op\u0142atki na st\u00f3\u0142 wigilijny.<\/li><li>Przez ca\u0142y dzie\u0144, jak co roku, zapraszamy do Starej Kaplicy na kiermasz \u015bwi\u0105tecznych ozd\u00f3b. Natomiast za tydzie\u0144 ministranci, b\u0119d\u0105 rozprowadza\u0107 sianko na st\u00f3\u0142 wigilijny.<\/li><li>Wspomnienia Liturgiczne:<br>&#8211; poniedzia\u0142ek \u2013 wspomnienie \u015bw. Miko\u0142aja; dodatkowa Eucharystia w intencji dzieci o godz. 16.30. Oczekujemy na specjalnego go\u015bcia.<br>&#8211; wtorek \u2013 wspomnienie \u015bw. Ambro\u017cego<br>&#8211; \u015broda \u2013 uroczysto\u015b\u0107 Niepokalanego Pocz\u0119cia NMP; Dzie\u0144 \u015awi\u0119to\u015bci \u017bycia i mo\u017cliwo\u015b\u0107 Duchowej Adopcji Dziecka Pocz\u0119tego. Zapraszamy na Godzin\u0119 \u0141aski o 12.00. Dodatkowa Eucharystia o 16.30. Na wieczornej Mszy \u2013 przyj\u0119cie nowych cz\u0142onk\u00f3w wsp\u00f3lnoty Czcicieli Mi\u0142osierdzia.<br>&#8211; Msze \u015awi\u0119te Roratnie w \u015brody i soboty o godz. 6.30.<\/li><li>Jako duszpasterze, cieszymy si\u0119 z kolejnych oddolnych inicjatyw. Grupa rodzic\u00f3w pragnie stworzy\u0107 K\u017bR: ojc\u00f3w za swoje dzieci i matek za swoje dzieci. Zapisy ch\u0119tnych w zakrystii.<br>Natomiast w najbli\u017csza niedziel\u0119 po Mszy \u015awi\u0119tej o godz. 12.00 spotkanie dzieci i rodzic\u00f3w, ch\u0119tnych do modlitwy w Kole R\u00f3\u017ca\u0144cowym dzieci.<\/li><li>Zapraszamy wszystkich, kt\u00f3rzy pragn\u0105 w czasie Adwentu wykona\u0107 gest mi\u0142o\u015bci w kierunku najmniejszych do w\u0142\u0105czenia si\u0119 w akcj\u0119 \u201ePaczuszka dla Maluszka\u201d! Zbi\u00f3rka trwa do czwartej niedzieli Adwentu.<\/li><li>Zapraszamy na wsp\u00f3lne wyj\u015bcie do Seminaryjnego Teatru, na sztuk\u0119 pt. \u201eMaximilianus\u201d, kt\u00f3ra przybli\u017cy nam osob\u0119 \u015bw. Maksymiliana Kolbego. Wyj\u015bcie 9 grudnia na godz. 19.00. Zapisy w zakrystii. Ilo\u015b\u0107 miejsc, z powodu pandemii, ograniczona.<\/li><li>Wraz z przedszkolem przy bulwarach, pragniemy wspom\u00f3c chore dziecko, poprzez zbi\u00f3rk\u0119 plastikowych nakr\u0119tek. Nakr\u0119tki mo\u017cna wrzuca\u0107 do serca przy Starej Kaplicy.<\/li><li>Serdeczne podzi\u0119kowania sk\u0142adamy Wojownikom Maryi, kt\u00f3rzy podarowali parafii, pulpit po mikrofon, kt\u00f3ry b\u0119dzie s\u0142u\u017cy\u0142 podczas Adoracji Naj\u015bwi\u0119tszego Sakramentu.<\/li><li>Bardzo prosimy o zachowywanie przepis\u00f3w sanitarnych, obowi\u0105zuj\u0105cych w przestrzeni zamkni\u0119tej.<\/li><li>\u017byczymy dobrego czasu Adwentu.<\/li><\/ol>\n","protected":false},"excerpt":{"rendered":"<p>Dzisiaj przed ko\u015bcio\u0142em zbi\u00f3rka ofiar na Pomoc Ko\u015bcio\u0142owi na Wschodzie natomiast taca przeznaczona jest na potrzeby Kurii. Z powod\u00f3w losowych, odwo\u0142ane zostaje spotkanie autorskie z ks. Markiem. Dost\u0119pne s\u0105, u Pana Marka, \u015bwiecie Wigilijnego Dzie\u0142a Pomocy Dzieciom Caritas oraz \u201eS\u0142owo na ka\u017cdy dzie\u0144\u201d. U Pana Tomka, mo\u017cna zaopatrzy\u0107 si\u0119 w<span class=\"more-link\"><a href=\"https:\/\/parafia.faustyna.bialystok.pl\/?p=186\">Czytaj dalej<\/a><\/span><\/p>\n","protected":false},"author":1,"featured_media":177,"comment_status":"open","ping_status":"closed","sticky":false,"template":"","format":"standard","meta":{"footnotes":""},"categories":[3],"tags":[],"class_list":["entry","author-parafia_admin","post-186","post","type-post","status-publish","format-standard","has-post-thumbnail","category-ogloszenia"],"_links":{"self":[{"href":"https:\/\/parafia.faustyna.bialystok.pl\/index.php?rest_route=\/wp\/v2\/posts\/186","targetHints":{"allow":["GET"]}}],"collection":[{"href":"https:\/\/parafia.faustyna.bialystok.pl\/index.php?rest_route=\/wp\/v2\/posts"}],"about":[{"href":"https:\/\/parafia.faustyna.bialystok.pl\/index.php?rest_route=\/wp\/v2\/types\/post"}],"author":[{"embeddable":true,"href":"https:\/\/parafia.faustyna.bialystok.pl\/index.php?rest_route=\/wp\/v2\/users\/1"}],"replies":[{"embeddable":true,"href":"https:\/\/parafia.faustyna.bialystok.pl\/index.php?rest_route=%2Fwp%2Fv2%2Fcomments&post=186"}],"version-history":[{"count":1,"href":"https:\/\/parafia.faustyna.bialystok.pl\/index.php?rest_route=\/wp\/v2\/posts\/186\/revisions"}],"predecessor-version":[{"id":187,"href":"https:\/\/parafia.faustyna.bialystok.pl\/index.php?rest_route=\/wp\/v2\/posts\/186\/revisions\/187"}],"wp:featuredmedia":[{"embeddable":true,"href":"https:\/\/parafia.faustyna.bialystok.pl\/index.php?rest_route=\/wp\/v2\/media\/177"}],"wp:attachment":[{"href":"https:\/\/parafia.faustyna.bialystok.pl\/index.php?rest_route=%2Fwp%2Fv2%2Fmedia&parent=186"}],"wp:term":[{"taxonomy":"category","embeddable":true,"href":"https:\/\/parafia.faustyna.bialystok.pl\/index.php?rest_route=%2Fwp%2Fv2%2Fcategories&post=186"},{"taxonomy":"post_tag","embeddable":true,"href":"https:\/\/parafia.faustyna.bialystok.pl\/index.php?rest_route=%2Fwp%2Fv2%2Ftags&post=186"}],"curies":[{"name":"wp","href":"https:\/\/api.w.org\/{rel}","templated":true}]}}