{"id":190,"date":"2021-12-18T18:14:00","date_gmt":"2021-12-18T18:14:00","guid":{"rendered":"https:\/\/parafia.faustyna.bialystok.pl\/?p=190"},"modified":"2021-12-30T09:33:01","modified_gmt":"2021-12-30T08:33:01","slug":"19-12-2021-iv-niedziela-adwentu","status":"publish","type":"post","link":"https:\/\/parafia.faustyna.bialystok.pl\/?p=190","title":{"rendered":"19.12.2021 &#8211; IV Niedziela Adwentu"},"content":{"rendered":"\n<div class=\"wp-block-image\"><figure class=\"alignright size-full is-resized\"><img decoding=\"async\" src=\"https:\/\/parafia.faustyna.bialystok.pl\/wp-content\/uploads\/2021\/12\/candle-4-wp-1.jpg\" alt=\"\" class=\"wp-image-180\" height=\"400\" srcset=\"https:\/\/parafia.faustyna.bialystok.pl\/wp-content\/uploads\/2021\/12\/candle-4-wp-1.jpg 384w, https:\/\/parafia.faustyna.bialystok.pl\/wp-content\/uploads\/2021\/12\/candle-4-wp-1-199x300.jpg 199w, https:\/\/parafia.faustyna.bialystok.pl\/wp-content\/uploads\/2021\/12\/candle-4-wp-1-365x550.jpg 365w, https:\/\/parafia.faustyna.bialystok.pl\/wp-content\/uploads\/2021\/12\/candle-4-wp-1-332x500.jpg 332w\" sizes=\"(max-width: 384px) 100vw, 384px\" \/><\/figure><\/div>\n\n\n\n<ol class=\"wp-block-list\"><li>Dzisiaj rozpoczynamy nasze rekolekcje parafialne, kt\u00f3re prowadzi ks. Karol Swatkowski. Polecamy go, waszej modlitwie.<\/li><li>Dzisiaj ko\u0144czymy akcj\u0119 \u201ePaczuszka dla maluszka\u201d oraz zbi\u00f3rk\u0119 s\u0142oik\u00f3w na wigili\u0119 dla bezdomnych.<\/li><li>Tak jak og\u0142aszali\u015bmy tydzie\u0144 temu, zapraszamy serdecznie na godz. 16.30 do wsp\u00f3lnej modlitwy Nieszporami Eucharystycznymi.<\/li><li>W poniedzia\u0142ek i wtorek Msze \u015awi\u0119te o godz. 7.00 (bez kazania) oraz o 16.30 i 18.00 wraz z kazaniem i mo\u017cliwo\u015bci\u0105 spowiedzi.<\/li><li>Podczas rekolekcji mo\u017cna zaopatrzy\u0107 si\u0119 w sianko, \u015bwiece wigilijne, op\u0142atki oraz czasopisma katolickie.<\/li><li>W \u015brod\u0119 ostatnie roraty o godz. 6.30. Wieczorem adoracja od godz. 17.00.<\/li><li>W \u015brod\u0119 i czwartek dodatkowa spowied\u017a od godz. 17.30.<\/li><li>W czwartek, 23 grudnia od godz. 9.00, odwiedzimy chorych z parafii. Zapisy w zakrystii.<\/li><li>W wigili\u0119 Msza \u015awi\u0119ta o godz. 7.00. Mo\u017cliwo\u015b\u0107 spowiedzi od godz. 8.00 do 10.00.<br>Pasterki o godz. 22.00 z udzia\u0142em dzieci oraz zwyczajowa o 24.00. B\u0119d\u0105 zbierane ofiary na Fundusz Obrony \u017bycia.<\/li><li>W sobot\u0119 i niedziel\u0119, Eucharystie o godz. 9.00, 10.30, 12.00, 13.00. Nie b\u0119dzie Mszy \u015awi\u0119tych wieczornych.<\/li><li>Uroczysto\u015b\u0107 Narodzenia Pa\u0144skiego obchodzimy przez oktaw\u0119, czyli osiem dni.<\/li><li>Dzisiaj wieczorem do parafii przyb\u0119dzie \u201e\u015awiate\u0142ko Betlejemskie\u201d. Jest ju\u017c ono sta\u0142ym elementem naszych wigilijnych sto\u0142\u00f3w. Mo\u017cna je, ze sob\u0105 zabra\u0107 na dwa sposoby. Albo przyj\u015b\u0107 w wigili\u0119 pomi\u0119dzy 8.00 a 10.00 i odpali\u0107 swoj\u0105 \u015bwi\u0119c\u0119 od lamiponu albo zabra\u0107 ze sob\u0105 po\u015bwi\u0119cone zapa\u0142ki \u201eOgie\u0144 Mi\u0142osierdzia\u201d i u\u017cy\u0107 ich podczas wieczerzy wigilijnej, odczytuj\u0105c przy zapalonej \u015bwiecy fragment z Pisma \u015awi\u0119tego.<\/li><li>Ks. Abp. J\u00f3zef udziela dyspensy na czas Sylwestra. Osoby korzystaj\u0105ce z dyspensy zobowi\u0105zane s\u0105 w sumieniu zado\u015b\u0107uczyni\u0107 modlitw\u0105 (dziesi\u0105tk\u0105 r\u00f3\u017ca\u0144ca) w intencji misji lub z\u0142o\u017cy\u0107 ja\u0142mu\u017cn\u0119 na ubogich.<\/li><li>Otrzymali\u015bmy z Kurii, wytyczne dotycz\u0105ce tegorocznej wizyty duszpasterskiej. Zaleca si\u0119 aby r\u00f3wnie\u017c w tym roku kol\u0119da odbywa\u0142a si\u0119 podczas Eucharystii, w ko\u015bciele parafialnym. Wizyt\u0119 duszpastersk\u0105 w domach i mieszkaniach parafian, kap\u0142ani mog\u0105 z\u0142o\u017cy\u0107 wy\u0142\u0105cznie na wyra\u017ane zaproszenie zainteresowanych os\u00f3b. O szczeg\u00f3\u0142ach kol\u0119dy poinformujemy w okolicach \u015bwi\u0105t Bo\u017cego Narodzenia.<\/li><li>Bardzo prosimy o zachowywanie przepis\u00f3w sanitarnych, obowi\u0105zuj\u0105cych w przestrzeni zamkni\u0119tej.<\/li><li>\u017byczymy b\u0142ogos\u0142awionego i radosnego tygodnia oraz duchowych prze\u017cy\u0107 w czasie rekolekcji.<\/li><\/ol>\n","protected":false},"excerpt":{"rendered":"<p>Dzisiaj rozpoczynamy nasze rekolekcje parafialne, kt\u00f3re prowadzi ks. Karol Swatkowski. Polecamy go, waszej modlitwie. Dzisiaj ko\u0144czymy akcj\u0119 \u201ePaczuszka dla maluszka\u201d oraz zbi\u00f3rk\u0119 s\u0142oik\u00f3w na wigili\u0119 dla bezdomnych. Tak jak og\u0142aszali\u015bmy tydzie\u0144 temu, zapraszamy serdecznie na godz. 16.30 do wsp\u00f3lnej modlitwy Nieszporami Eucharystycznymi. W poniedzia\u0142ek i wtorek Msze \u015awi\u0119te o godz.<span class=\"more-link\"><a href=\"https:\/\/parafia.faustyna.bialystok.pl\/?p=190\">Czytaj dalej<\/a><\/span><\/p>\n","protected":false},"author":1,"featured_media":181,"comment_status":"open","ping_status":"closed","sticky":false,"template":"","format":"standard","meta":{"footnotes":""},"categories":[3],"tags":[],"class_list":["entry","author-parafia_admin","post-190","post","type-post","status-publish","format-standard","has-post-thumbnail","category-ogloszenia"],"_links":{"self":[{"href":"https:\/\/parafia.faustyna.bialystok.pl\/index.php?rest_route=\/wp\/v2\/posts\/190","targetHints":{"allow":["GET"]}}],"collection":[{"href":"https:\/\/parafia.faustyna.bialystok.pl\/index.php?rest_route=\/wp\/v2\/posts"}],"about":[{"href":"https:\/\/parafia.faustyna.bialystok.pl\/index.php?rest_route=\/wp\/v2\/types\/post"}],"author":[{"embeddable":true,"href":"https:\/\/parafia.faustyna.bialystok.pl\/index.php?rest_route=\/wp\/v2\/users\/1"}],"replies":[{"embeddable":true,"href":"https:\/\/parafia.faustyna.bialystok.pl\/index.php?rest_route=%2Fwp%2Fv2%2Fcomments&post=190"}],"version-history":[{"count":1,"href":"https:\/\/parafia.faustyna.bialystok.pl\/index.php?rest_route=\/wp\/v2\/posts\/190\/revisions"}],"predecessor-version":[{"id":191,"href":"https:\/\/parafia.faustyna.bialystok.pl\/index.php?rest_route=\/wp\/v2\/posts\/190\/revisions\/191"}],"wp:featuredmedia":[{"embeddable":true,"href":"https:\/\/parafia.faustyna.bialystok.pl\/index.php?rest_route=\/wp\/v2\/media\/181"}],"wp:attachment":[{"href":"https:\/\/parafia.faustyna.bialystok.pl\/index.php?rest_route=%2Fwp%2Fv2%2Fmedia&parent=190"}],"wp:term":[{"taxonomy":"category","embeddable":true,"href":"https:\/\/parafia.faustyna.bialystok.pl\/index.php?rest_route=%2Fwp%2Fv2%2Fcategories&post=190"},{"taxonomy":"post_tag","embeddable":true,"href":"https:\/\/parafia.faustyna.bialystok.pl\/index.php?rest_route=%2Fwp%2Fv2%2Ftags&post=190"}],"curies":[{"name":"wp","href":"https:\/\/api.w.org\/{rel}","templated":true}]}}