{"id":192,"date":"2021-12-24T18:19:00","date_gmt":"2021-12-24T18:19:00","guid":{"rendered":"https:\/\/parafia.faustyna.bialystok.pl\/?p=192"},"modified":"2021-12-30T09:33:01","modified_gmt":"2021-12-30T08:33:01","slug":"25-12-2021-narodzenie-panskie","status":"publish","type":"post","link":"https:\/\/parafia.faustyna.bialystok.pl\/?p=192","title":{"rendered":"25.12.2021 &#8211; Narodzenie Pa\u0144skie"},"content":{"rendered":"\n<figure class=\"wp-block-image size-full\"><img fetchpriority=\"high\" decoding=\"async\" width=\"800\" height=\"533\" src=\"https:\/\/parafia.faustyna.bialystok.pl\/wp-content\/uploads\/2021\/12\/Boze-narodzenie-1.jpg\" alt=\"\" class=\"wp-image-196\" srcset=\"https:\/\/parafia.faustyna.bialystok.pl\/wp-content\/uploads\/2021\/12\/Boze-narodzenie-1.jpg 800w, https:\/\/parafia.faustyna.bialystok.pl\/wp-content\/uploads\/2021\/12\/Boze-narodzenie-1-300x200.jpg 300w, https:\/\/parafia.faustyna.bialystok.pl\/wp-content\/uploads\/2021\/12\/Boze-narodzenie-1-768x512.jpg 768w, https:\/\/parafia.faustyna.bialystok.pl\/wp-content\/uploads\/2021\/12\/Boze-narodzenie-1-465x310.jpg 465w, https:\/\/parafia.faustyna.bialystok.pl\/wp-content\/uploads\/2021\/12\/Boze-narodzenie-1-695x463.jpg 695w\" sizes=\"(max-width: 800px) 100vw, 800px\" \/><\/figure>\n\n\n\n<ol class=\"wp-block-list\"><li>Uroczysto\u015b\u0107 Narodzenia Pa\u0144skiego obchodzi si\u0119 przez osiem dni. Zach\u0119camy do udzia\u0142u we Mszach \u015awi\u0119tych podczas oktawy. Dzisiejsza taca przeznaczona jest na Fundusz Obrony \u017bycia.<\/li><li>W niedziel\u0119 \u015bwi\u0119to \u015awi\u0119tej Rodziny: Jezusa, Maryi i J\u00f3zefa. Msze \u015awi\u0119te o godz. 9.00; 10.30; 12.00; 13.00. Tego dnia taca przeznaczona jest na KUL.<\/li><li>Wydarzenia liturgiczne:<br>&#8211; poniedzia\u0142ek \u2013 \u015bwi\u0119to \u015bw. Jana Ewangelisty; po\u015bwi\u0119cenie wina po ka\u017cdej Mszy<br>&#8211; wtorek \u2013 \u015bwi\u0119to \u015bw. M\u0142odziank\u00f3w; Dzie\u0144 modlitw w intencji dzieci nienarodzonych; wieczorem r\u00f3\u017caniec wraz z Wojownikami Maryi<br>&#8211; \u015broda \u2013 Adoracja od godz. 17.00<br>&#8211; pi\u0105tek \u2013 ostatni dzie\u0144 roku kalendarzowego; nabo\u017ce\u0144stwo dzi\u0119kczynne za mijaj\u0105cy rok oraz Eucharystia o godz. 17.00; Tego dnia nie ma Mszy o godz. 18.00. Ks. Abp. J\u00f3zef Guzdek udziela dyspensy na czas Sylwestra. Osoby korzystaj\u0105ce z dyspensy zobowi\u0105zane s\u0105 w sumieniu zado\u015b\u0107uczyni\u0107 modlitw\u0105 (dziesi\u0105tk\u0105 r\u00f3\u017ca\u0144ca) w intencji misji lub z\u0142o\u017cy\u0107 ja\u0142mu\u017cn\u0119 na ubogich<br>&#8211; sobota \u2013 Uroczysto\u015b\u0107 \u015awi\u0119tej Bo\u017cej Rodzicielki Maryi oraz \u015awiatowy Dzie\u0144 Modlitw o Pok\u00f3j; Msze \u015awi\u0119te wed\u0142ug rozk\u0142adu niedzielnego. Jest to te\u017c pierwsza sobota miesi\u0105ca, nabo\u017ce\u0144stwo po wieczornej Eucharystii.<\/li><li>Pragniemy z\u0142o\u017cy\u0107 najserdeczniejsze podzi\u0119kowania tym wszystkim, kt\u00f3rzy zaanga\u017cowali si\u0119 w pomoc podczas \u015bniada\u0144 adwentowych oraz tym, kt\u00f3rzy przez ostatnie dni pomagali przygotowa\u0107 \u015bwi\u0105tyni\u0119 do uroczysto\u015bci Narodzenia Pa\u0144skiego. Serce ro\u015bnie, kiedy mo\u017cemy wsp\u00f3lnie si\u0119 modli\u0107, pracowa\u0107, wymienia\u0107 si\u0119 pomys\u0142ami i kiedy ka\u017cdy wzajemnie wspiera si\u0119 w czynieniu dobra we wsp\u00f3lnocie parafii.<\/li><li>Wraz z ksi\u0119dzem Mateuszem, sk\u0142adamy na Wasze r\u0119ce najserdeczniejsze \u017cyczenia. Prosimy przeka\u017ccie je waszym domownikom jak i go\u015bciom. Niech za wyraziciela naszych serc pos\u0142u\u017c\u0105 s\u0142owa \u015bw. Matki Teresy z Kalkuty:<\/li><\/ol>\n\n\n\n<blockquote class=\"wp-block-quote is-style-default is-layout-flow wp-block-quote-is-layout-flow\"><p><em>\u201eZawsze, ilekro\u0107 u\u015bmiechasz si\u0119 do swojego brata i wyci\u0105gasz do niego r\u0119ce, jest Bo\u017ce Narodzenie. Zawsze, kiedy milkniesz, aby wys\u0142ucha\u0107, jest Bo\u017ce Narodzenie.<br>Zawsze, kiedy rezygnujesz z zasad, kt\u00f3re jak \u017celazna obr\u0119cz uciskaj\u0105 ludzi w ich samotno\u015bci, jest Bo\u017ce Narodzenie.<br>Zawsze, kiedy dajesz odrobin\u0119 nadziei &#8220;wi\u0119\u017aniom&#8221;, tym, kt\u00f3rzy s\u0105 przyt\u0142oczeni ci\u0119\u017carem fizycznego, moralnego i duchowego ub\u00f3stwa, jest Bo\u017ce Narodzenie.<br>Zawsze, kiedy rozpoznajesz w pokorze, jak bardzo znikome s\u0105 twoje mo\u017cliwo\u015bci i jak wielka jest twoja s\u0142abo\u015b\u0107, jest Bo\u017ce Narodzenie.<br>Zawsze, ilekro\u0107 pozwolisz by B\u00f3g pokocha\u0142 innych przez ciebie, zawsze wtedy, jest Bo\u017ce Narodzenie\u201d.<\/em><\/p><cite><em>\u015aw. Matka Teresa z Kalkuty<\/em><\/cite><\/blockquote>\n\n\n\n<p>Niech takie Bo\u017ce Narodzenie, wraz z rado\u015bci\u0105 nowonarodzonego Dzieci\u0119cia, umacnia Wasze rodziny, ka\u017cdego dnia. Weso\u0142ych, bo\u017cych i rodzinnych \u015bwi\u0105t!<\/p>\n","protected":false},"excerpt":{"rendered":"<p>Uroczysto\u015b\u0107 Narodzenia Pa\u0144skiego obchodzi si\u0119 przez osiem dni. Zach\u0119camy do udzia\u0142u we Mszach \u015awi\u0119tych podczas oktawy. Dzisiejsza taca przeznaczona jest na Fundusz Obrony \u017bycia. W niedziel\u0119 \u015bwi\u0119to \u015awi\u0119tej Rodziny: Jezusa, Maryi i J\u00f3zefa. Msze \u015awi\u0119te o godz. 9.00; 10.30; 12.00; 13.00. Tego dnia taca przeznaczona jest na KUL. Wydarzenia liturgiczne:&#8211;<span class=\"more-link\"><a href=\"https:\/\/parafia.faustyna.bialystok.pl\/?p=192\">Czytaj dalej<\/a><\/span><\/p>\n","protected":false},"author":1,"featured_media":195,"comment_status":"open","ping_status":"closed","sticky":false,"template":"","format":"standard","meta":{"footnotes":""},"categories":[3],"tags":[],"class_list":["entry","author-parafia_admin","post-192","post","type-post","status-publish","format-standard","has-post-thumbnail","category-ogloszenia"],"_links":{"self":[{"href":"https:\/\/parafia.faustyna.bialystok.pl\/index.php?rest_route=\/wp\/v2\/posts\/192","targetHints":{"allow":["GET"]}}],"collection":[{"href":"https:\/\/parafia.faustyna.bialystok.pl\/index.php?rest_route=\/wp\/v2\/posts"}],"about":[{"href":"https:\/\/parafia.faustyna.bialystok.pl\/index.php?rest_route=\/wp\/v2\/types\/post"}],"author":[{"embeddable":true,"href":"https:\/\/parafia.faustyna.bialystok.pl\/index.php?rest_route=\/wp\/v2\/users\/1"}],"replies":[{"embeddable":true,"href":"https:\/\/parafia.faustyna.bialystok.pl\/index.php?rest_route=%2Fwp%2Fv2%2Fcomments&post=192"}],"version-history":[{"count":2,"href":"https:\/\/parafia.faustyna.bialystok.pl\/index.php?rest_route=\/wp\/v2\/posts\/192\/revisions"}],"predecessor-version":[{"id":197,"href":"https:\/\/parafia.faustyna.bialystok.pl\/index.php?rest_route=\/wp\/v2\/posts\/192\/revisions\/197"}],"wp:featuredmedia":[{"embeddable":true,"href":"https:\/\/parafia.faustyna.bialystok.pl\/index.php?rest_route=\/wp\/v2\/media\/195"}],"wp:attachment":[{"href":"https:\/\/parafia.faustyna.bialystok.pl\/index.php?rest_route=%2Fwp%2Fv2%2Fmedia&parent=192"}],"wp:term":[{"taxonomy":"category","embeddable":true,"href":"https:\/\/parafia.faustyna.bialystok.pl\/index.php?rest_route=%2Fwp%2Fv2%2Fcategories&post=192"},{"taxonomy":"post_tag","embeddable":true,"href":"https:\/\/parafia.faustyna.bialystok.pl\/index.php?rest_route=%2Fwp%2Fv2%2Ftags&post=192"}],"curies":[{"name":"wp","href":"https:\/\/api.w.org\/{rel}","templated":true}]}}