{"id":2434,"date":"2025-04-21T19:52:28","date_gmt":"2025-04-21T18:52:28","guid":{"rendered":"https:\/\/parafia.faustyna.bialystok.pl\/?p=2434"},"modified":"2025-04-21T19:52:28","modified_gmt":"2025-04-21T18:52:28","slug":"2025-04-20-niedziela-zmartwychwstania-panskiego-2","status":"publish","type":"post","link":"https:\/\/parafia.faustyna.bialystok.pl\/?p=2434","title":{"rendered":"2025.04.20 \u2013 Niedziela Zmartwychwstania Pa\u0144skiego"},"content":{"rendered":"<div class=\"x11i5rnm xat24cr x1mh8g0r x1vvkbs xtlvy1s x126k92a\">\n<ol>\n<li dir=\"auto\"><img fetchpriority=\"high\" decoding=\"async\" class=\" wp-image-2436 alignright\" src=\"https:\/\/parafia.faustyna.bialystok.pl\/wp-content\/uploads\/2025\/04\/Zmartwychwstanie2-169x300.jpg\" alt=\"\" width=\"332\" height=\"590\" srcset=\"https:\/\/parafia.faustyna.bialystok.pl\/wp-content\/uploads\/2025\/04\/Zmartwychwstanie2-169x300.jpg 169w, https:\/\/parafia.faustyna.bialystok.pl\/wp-content\/uploads\/2025\/04\/Zmartwychwstanie2-309x550.jpg 309w, https:\/\/parafia.faustyna.bialystok.pl\/wp-content\/uploads\/2025\/04\/Zmartwychwstanie2-281x500.jpg 281w, https:\/\/parafia.faustyna.bialystok.pl\/wp-content\/uploads\/2025\/04\/Zmartwychwstanie2.jpg 540w\" sizes=\"(max-width: 332px) 100vw, 332px\" \/>Sk\u0142adamy serdeczne podzi\u0119kowania tym wszystkim, kt\u00f3rzy w tym roku zaanga\u017cowali si\u0119 w przebieg obchod\u00f3w Triduum Paschalnego. Ma\u0142gorzacie Gawryluk i Annie Klimaszewskiej za przygotowanie Ciemnicy i Grobu Pa\u0144skiego, Liturgicznej S\u0142u\u017cbie O\u0142tarza, Lektorom, Psalmistom, Panu Markowi i Panu Organi\u015bcie Micha\u0142owi oraz Ch\u00f3rowi.<\/li>\n<li dir=\"auto\">NIEDZIELA ZMARTWYCHWSTANIA \u2013 Msze \u015awi\u0119te o 6:00 wraz z procesj\u0105 rezurekcyjn\u0105, 9:00 , 10:30 i ostatnia Msza \u015awi\u0119ta o 12:00 (nie ma Mszy \u015awi\u0119tej o 13:30 i 17:00).<\/li>\n<li dir=\"auto\">PONIEDZIA\u0141EK WIELKANOCNY \u2013 Msze \u015awi\u0119te o 9:00 (IV Dzie\u0144 Nowenny), 10:30, 12:00 ( nie ma Mszy \u015awi\u0119tej o 1330 i 17:00). Tego dnia taca na uczelnie katolickie.<\/li>\n<li dir=\"auto\">Z racji na oktaw\u0119 wielkanocn\u0105 uroczysto\u015b\u0107 \u015bw. Wojciecha zosta\u0142a przeniesiona na 28.04 oraz uroczysto\u015b\u0107 \u015bw. Jerzego na 30.04.<\/li>\n<li dir=\"auto\">\u015aroda \u2013 Adoracja od 17:00. Tego dnia ks. Jerzy obchodzi swoje imieniny. Otoczmy Go nasz\u0105 modlitw\u0105.<\/li>\n<li dir=\"auto\">W pi\u0105tek nasza m\u0142odzie\u017c podczas Mszy o godz. 18:00 z r\u0105k ks. biskupa Henryka Ciereszki przyjmie Sakrament Bierzmowania. Tego dnia z racji na Oktaw\u0119 Wielkanocy nie obowi\u0105zuje wstrzemi\u0119\u017aliwo\u015b\u0107 od pokarm\u00f3w mi\u0119snych. W tym dniu kancelaria b\u0119dzie nieczynna.<\/li>\n<li dir=\"auto\">W nast\u0119pn\u0105 niedziel\u0119 \u015awi\u0119to Mi\u0142osierdzia Bo\u017cego. Zainteresowanych pielgrzymowaniem do Sanktuarium Mi\u0142osierdzia Bo\u017cego, zapraszamy na godz. 13:00 pod ko\u015bci\u00f3\u0142 Kr\u00f3lowej Rodzin, gdzie wraz z naszym ks. Proboszczem, wyruszy piesza pielgrzymka. W ty dniu rozpoczyna si\u0119 Tydzie\u0144 Mi\u0142osierdzia. Puszka tego dnia na Caritas Archidiecezji.<\/li>\n<li dir=\"auto\">Dnia 26 kwietnia zapraszamy na pielgrzymk\u0119 do Niepokalanowa. Wyjazd sprzed ko\u015bcio\u0142a o godz. 6:00. Koszt 80 z\u0142.<\/li>\n<li dir=\"auto\">Drodzy Parafianie i Go\u015bcie. Niech Zmartwychwsta\u0142y Chrystus o\u015bwieca drogi codziennego \u017cycia, obdarza b\u0142ogos\u0142awie\u0144stwem i pomaga \u017cycie czyni\u0107 szcz\u0119\u015bliwszym. B\u0142ogos\u0142awionych \u015awi\u0105t Wielkanocnych.<\/li>\n<\/ol>\n<\/div>\n","protected":false},"excerpt":{"rendered":"<p>Sk\u0142adamy serdeczne podzi\u0119kowania tym wszystkim, kt\u00f3rzy w tym roku zaanga\u017cowali si\u0119 w przebieg obchod\u00f3w Triduum Paschalnego. Ma\u0142gorzacie Gawryluk i Annie Klimaszewskiej za przygotowanie Ciemnicy i Grobu Pa\u0144skiego, Liturgicznej S\u0142u\u017cbie O\u0142tarza, Lektorom, Psalmistom, Panu Markowi i Panu Organi\u015bcie Micha\u0142owi oraz Ch\u00f3rowi. NIEDZIELA ZMARTWYCHWSTANIA \u2013 Msze \u015awi\u0119te o 6:00 wraz z procesj\u0105<span class=\"more-link\"><a href=\"https:\/\/parafia.faustyna.bialystok.pl\/?p=2434\">Czytaj dalej<\/a><\/span><\/p>\n","protected":false},"author":1,"featured_media":2435,"comment_status":"open","ping_status":"closed","sticky":false,"template":"","format":"standard","meta":{"footnotes":""},"categories":[3],"tags":[],"class_list":["entry","author-parafia_admin","post-2434","post","type-post","status-publish","format-standard","has-post-thumbnail","category-ogloszenia"],"_links":{"self":[{"href":"https:\/\/parafia.faustyna.bialystok.pl\/index.php?rest_route=\/wp\/v2\/posts\/2434","targetHints":{"allow":["GET"]}}],"collection":[{"href":"https:\/\/parafia.faustyna.bialystok.pl\/index.php?rest_route=\/wp\/v2\/posts"}],"about":[{"href":"https:\/\/parafia.faustyna.bialystok.pl\/index.php?rest_route=\/wp\/v2\/types\/post"}],"author":[{"embeddable":true,"href":"https:\/\/parafia.faustyna.bialystok.pl\/index.php?rest_route=\/wp\/v2\/users\/1"}],"replies":[{"embeddable":true,"href":"https:\/\/parafia.faustyna.bialystok.pl\/index.php?rest_route=%2Fwp%2Fv2%2Fcomments&post=2434"}],"version-history":[{"count":1,"href":"https:\/\/parafia.faustyna.bialystok.pl\/index.php?rest_route=\/wp\/v2\/posts\/2434\/revisions"}],"predecessor-version":[{"id":2437,"href":"https:\/\/parafia.faustyna.bialystok.pl\/index.php?rest_route=\/wp\/v2\/posts\/2434\/revisions\/2437"}],"wp:featuredmedia":[{"embeddable":true,"href":"https:\/\/parafia.faustyna.bialystok.pl\/index.php?rest_route=\/wp\/v2\/media\/2435"}],"wp:attachment":[{"href":"https:\/\/parafia.faustyna.bialystok.pl\/index.php?rest_route=%2Fwp%2Fv2%2Fmedia&parent=2434"}],"wp:term":[{"taxonomy":"category","embeddable":true,"href":"https:\/\/parafia.faustyna.bialystok.pl\/index.php?rest_route=%2Fwp%2Fv2%2Fcategories&post=2434"},{"taxonomy":"post_tag","embeddable":true,"href":"https:\/\/parafia.faustyna.bialystok.pl\/index.php?rest_route=%2Fwp%2Fv2%2Ftags&post=2434"}],"curies":[{"name":"wp","href":"https:\/\/api.w.org\/{rel}","templated":true}]}}