{"id":2443,"date":"2025-05-11T10:44:00","date_gmt":"2025-05-11T09:44:00","guid":{"rendered":"https:\/\/parafia.faustyna.bialystok.pl\/?p=2443"},"modified":"2025-05-11T10:44:00","modified_gmt":"2025-05-11T09:44:00","slug":"2025-04-27-ii-niedziela-wielkanocna","status":"publish","type":"post","link":"https:\/\/parafia.faustyna.bialystok.pl\/?p=2443","title":{"rendered":"2025.04.27 \u2013 II Niedziela Wielkanocna"},"content":{"rendered":"<div class=\"x11i5rnm xat24cr x1mh8g0r x1vvkbs xtlvy1s x126k92a\">\n<ol>\n<li dir=\"auto\"><img fetchpriority=\"high\" decoding=\"async\" class=\" wp-image-2440 alignright\" src=\"https:\/\/parafia.faustyna.bialystok.pl\/wp-content\/uploads\/2025\/04\/jezu_ufam_tobie-220x300.jpg\" alt=\"\" width=\"472\" height=\"644\" srcset=\"https:\/\/parafia.faustyna.bialystok.pl\/wp-content\/uploads\/2025\/04\/jezu_ufam_tobie-220x300.jpg 220w, https:\/\/parafia.faustyna.bialystok.pl\/wp-content\/uploads\/2025\/04\/jezu_ufam_tobie-404x550.jpg 404w, https:\/\/parafia.faustyna.bialystok.pl\/wp-content\/uploads\/2025\/04\/jezu_ufam_tobie-367x500.jpg 367w\" sizes=\"(max-width: 472px) 100vw, 472px\" \/>Dzisiaj prze\u017cywamy Niedziel\u0119 Mi\u0142osierdzia Bo\u017cego, kt\u00f3ra rozpoczyna Tydzie\u0144 Mi\u0142osierdzia. Do\u015bwiadczaj\u0105c mi\u0142osierdzia Bo\u017cego, powinni\u015bmy by\u0107 mi\u0142osierni dla naszych si\u00f3str i braci. St\u0105d te\u017c dzisiaj, przy wyj\u015bciu z ko\u015bcio\u0142a ofiarami do puszek wspieramy dzie\u0142a prowadzone przez Archidiecezjaln\u0105 Caritas. Og\u00f3lnopolska Niedziela Modlitw za kierowc\u00f3w.<\/li>\n<li dir=\"auto\">W tym tygodniu:<br \/>\n&#8211; poniedzia\u0142ek \u2013 uroczysto\u015b\u0107 \u015bw. Wojciecha, biskupa i m\u0119czennika, g\u0142\u00f3wnego Patrona Polski. Rozpocz\u0119cie pielgrzymowania Szlakiem b\u0142. Micha\u0142a Sopo\u0107ki (pocz\u0105tek godz. 18.00 \u2013 ko\u015bci\u00f3\u0142 \u015bw. Rocha). Przej\u015bcie do katedry<br \/>\n&#8211; wtorek \u2013 \u015bwi\u0119to \u015bw. Katarzyny Siene\u0144skiej, dziewicy i doktora Ko\u015bcio\u0142a patronki Europy. Jest to dzie\u0144 M\u0119czennik\u00f3w Duchownych Polskich z czas\u00f3w II wojny \u015bwiatowej. Zapraszamy na kolejne spotkanie Przyjaci\u00f3\u0142 Oblubie\u0144ca<br \/>\n&#8211; \u015broda \u2013 Adoracja od godz. 17.00. Uroczysto\u015b\u0107 \u015bw. Jerzego, m\u0119czennika, g\u0142\u00f3wnego patrona Archidiecezji.<br \/>\n&#8211; czwartek \u2013 pierwszy czwartek miesi\u0105ca. Od 23:00 do 24:00 \u2013 Godzina \u015awi\u0119ta w intencji powo\u0142a\u0144<br \/>\n&#8211; pi\u0105tek &#8211; pierwszy pi\u0105tek miesi\u0105ca, wspomnienie \u015bw. Atanazego, biskupa i doktora Ko\u015bcio\u0142a. Jest to Dzie\u0144 Flagi Rzeczpospolitej. Po wieczornej Mszy \u015aw. spotkanie ministrant\u00f3w.<br \/>\n&#8211; sobota \u2013 uroczysto\u015b\u0107 Naj\u015bwi\u0119tszej Maryi Panny, Kr\u00f3lowej Polski.; Msze \u015awi\u0119te o godz. 9:00 i 18:00. Jest to r\u00f3wnie\u017c pierwsza sobota miesi\u0105ca. Nabo\u017ce\u0144stwo pierwszosobotnie po wieczornej Eucharystii. Tego dnia podczas Mszy \u015aw. o godz. 9:00 uroczy\u015bcie zostan\u0105 po\u015bwi\u0119cone nasze organy ko\u015bcielne przez ks. Biskupa Henryka Ciereszko.<\/li>\n<li dir=\"auto\">Za tydzie\u0144 pierwsza niedziela miesi\u0105ca. Po Mszy \u015awi\u0119tej o 9:00, Procesja Eucharystyczna.<\/li>\n<li dir=\"auto\">W najbli\u017cszy czwartek rozpoczniemy miesi\u0105c maj. Zapraszamy na nabo\u017ce\u0144stwa majowe, odprawiane codziennie po wieczornej Mszy \u015awi\u0119tej, natomiast w niedziele po Mszy \u015awi\u0119tej o godz. 9:00.<\/li>\n<li dir=\"auto\">W pi\u0105tek (25 kwietnia) Sakrament bierzmowania z r\u0105k ks. Biskupa Henryka Ciereszki otrzyma\u0142o 27 naszych m\u0142odych parafian. Serdeczne \u201eB\u00f3g zap\u0142a\u0107\u201d ks. Jerzemu za przygotowanie naszej m\u0142odzie\u017cy do przyj\u0119cia tego sakramentu.<\/li>\n<li dir=\"auto\">Dnia 10 maja zapraszamy na pielgrzymk\u0119 do Loretto. Wyjazd sprzed ko\u015bcio\u0142a o godz. 7:30. Koszt 60 z\u0142. Zapisy do 3 maja w\u0142\u0105cznie.<\/li>\n<li dir=\"auto\">U Pana Marka s\u0105 do nabycia Drogi Mi\u0142osierdzia.<\/li>\n<li dir=\"auto\">Do ko\u0144ca tego tygodnia mo\u017cna przynosi\u0107 skarbonki \u201eJa\u0142mu\u017cna Wielkopostna\u201d.<\/li>\n<li dir=\"auto\">Ks. Arcybiskup Metropolita J\u00f3zef Guzdek, udziela dyspensy od obowi\u0105zku zachowania wstrzemi\u0119\u017aliwo\u015bci od pokarm\u00f3w mi\u0119snych w pi\u0105tek 2 maja 2025r. wszystkim wiernym Archidiecezji Bia\u0142ostockiej oraz innym wiernym w tym dniu przebywaj\u0105cym na terenie Archidiecezji. Korzystaj\u0105cy z tej dyspensy s\u0105 zobowi\u0105zani do zado\u015b\u0107uczynienia w formie modlitwy w intencji o pok\u00f3j na \u015bwiecie (dziesi\u0105tek r\u00f3\u017ca\u0144ca) lub dobrowolnej ja\u0142mu\u017cny na rzecz potrzebuj\u0105cych lub ubogich.<\/li>\n<li dir=\"auto\">Wszystkim naszym Parafianom i Go\u015bciom, \u017cyczymy, aby B\u00f3g bogaty w mi\u0142osierdzie hojnie b\u0142ogos\u0142awi\u0142.<\/li>\n<\/ol>\n<\/div>\n","protected":false},"excerpt":{"rendered":"<p>Dzisiaj prze\u017cywamy Niedziel\u0119 Mi\u0142osierdzia Bo\u017cego, kt\u00f3ra rozpoczyna Tydzie\u0144 Mi\u0142osierdzia. Do\u015bwiadczaj\u0105c mi\u0142osierdzia Bo\u017cego, powinni\u015bmy by\u0107 mi\u0142osierni dla naszych si\u00f3str i braci. St\u0105d te\u017c dzisiaj, przy wyj\u015bciu z ko\u015bcio\u0142a ofiarami do puszek wspieramy dzie\u0142a prowadzone przez Archidiecezjaln\u0105 Caritas. Og\u00f3lnopolska Niedziela Modlitw za kierowc\u00f3w. W tym tygodniu: &#8211; poniedzia\u0142ek \u2013 uroczysto\u015b\u0107 \u015bw. Wojciecha,<span class=\"more-link\"><a href=\"https:\/\/parafia.faustyna.bialystok.pl\/?p=2443\">Czytaj dalej<\/a><\/span><\/p>\n","protected":false},"author":1,"featured_media":2439,"comment_status":"closed","ping_status":"closed","sticky":false,"template":"","format":"standard","meta":{"footnotes":""},"categories":[3],"tags":[],"class_list":["entry","author-parafia_admin","post-2443","post","type-post","status-publish","format-standard","has-post-thumbnail","category-ogloszenia"],"_links":{"self":[{"href":"https:\/\/parafia.faustyna.bialystok.pl\/index.php?rest_route=\/wp\/v2\/posts\/2443","targetHints":{"allow":["GET"]}}],"collection":[{"href":"https:\/\/parafia.faustyna.bialystok.pl\/index.php?rest_route=\/wp\/v2\/posts"}],"about":[{"href":"https:\/\/parafia.faustyna.bialystok.pl\/index.php?rest_route=\/wp\/v2\/types\/post"}],"author":[{"embeddable":true,"href":"https:\/\/parafia.faustyna.bialystok.pl\/index.php?rest_route=\/wp\/v2\/users\/1"}],"replies":[{"embeddable":true,"href":"https:\/\/parafia.faustyna.bialystok.pl\/index.php?rest_route=%2Fwp%2Fv2%2Fcomments&post=2443"}],"version-history":[{"count":1,"href":"https:\/\/parafia.faustyna.bialystok.pl\/index.php?rest_route=\/wp\/v2\/posts\/2443\/revisions"}],"predecessor-version":[{"id":2444,"href":"https:\/\/parafia.faustyna.bialystok.pl\/index.php?rest_route=\/wp\/v2\/posts\/2443\/revisions\/2444"}],"wp:featuredmedia":[{"embeddable":true,"href":"https:\/\/parafia.faustyna.bialystok.pl\/index.php?rest_route=\/wp\/v2\/media\/2439"}],"wp:attachment":[{"href":"https:\/\/parafia.faustyna.bialystok.pl\/index.php?rest_route=%2Fwp%2Fv2%2Fmedia&parent=2443"}],"wp:term":[{"taxonomy":"category","embeddable":true,"href":"https:\/\/parafia.faustyna.bialystok.pl\/index.php?rest_route=%2Fwp%2Fv2%2Fcategories&post=2443"},{"taxonomy":"post_tag","embeddable":true,"href":"https:\/\/parafia.faustyna.bialystok.pl\/index.php?rest_route=%2Fwp%2Fv2%2Ftags&post=2443"}],"curies":[{"name":"wp","href":"https:\/\/api.w.org\/{rel}","templated":true}]}}