{"id":2445,"date":"2025-05-11T10:59:30","date_gmt":"2025-05-11T09:59:30","guid":{"rendered":"https:\/\/parafia.faustyna.bialystok.pl\/?p=2445"},"modified":"2025-05-11T11:00:21","modified_gmt":"2025-05-11T10:00:21","slug":"2025-05-03-uroczyste-poswiecenie-organow","status":"publish","type":"post","link":"https:\/\/parafia.faustyna.bialystok.pl\/?p=2445","title":{"rendered":"2025.05.03 &#8211; Uroczyste po\u015bwi\u0119cenie organ\u00f3w"},"content":{"rendered":"<div class=\"xdj266r x11i5rnm xat24cr x1mh8g0r x1vvkbs x126k92a\">\n<div dir=\"auto\">Dzi\u015b podczas Mszy \u015aw. o godz. 09:00 nasze nowe organy zosta\u0142y uroczy\u015bcie po\u015bwi\u0119cone przez ks. bp Henryka Ciereszko <span class=\"html-span xexx8yu x4uap5 x18d9i69 xkhd6sd x1hl2dhg x16tdsg8 x1vvkbs x3nfvp2 x1j61x8r x1fcty0u xdj266r xat24cr xgzva0m xhhsvwb xxymvpz xlup9mm x1kky2od\"><img decoding=\"async\" class=\"xz74otr x168nmei x13lgxp2 x5pf9jr xo71vjh\" src=\"https:\/\/static.xx.fbcdn.net\/images\/emoji.php\/v9\/t55\/1\/16\/1f607.png\" alt=\"&#x1f607;\" width=\"16\" height=\"16\" \/><\/span><\/div>\n<\/div>\n<div class=\"x11i5rnm xat24cr x1mh8g0r x1vvkbs xtlvy1s x126k92a\">\n<div dir=\"auto\">Jest do dla nas wszystkich ogromna rado\u015b\u0107, \u017ce nasza parafia rozwija si\u0119 pod wzgl\u0119dem duchowym, relacyjnym, a dzi\u0119ki organi\u015bcie Micha\u0142owi i dyrygentce ch\u00f3ru- Pani Gosi, r\u00f3wnie\u017c muzycznie <span class=\"html-span xexx8yu x4uap5 x18d9i69 xkhd6sd x1hl2dhg x16tdsg8 x1vvkbs x3nfvp2 x1j61x8r x1fcty0u xdj266r xat24cr xgzva0m xhhsvwb xxymvpz xlup9mm x1kky2od\"><img decoding=\"async\" class=\"xz74otr x168nmei x13lgxp2 x5pf9jr xo71vjh\" src=\"https:\/\/static.xx.fbcdn.net\/images\/emoji.php\/v9\/tfb\/1\/16\/263a.png\" alt=\"&#x263a;\" width=\"16\" height=\"16\" \/><\/span> Wspania\u0142a ta nasza wsp\u00f3lnota parafialna <span class=\"html-span xexx8yu x4uap5 x18d9i69 xkhd6sd x1hl2dhg x16tdsg8 x1vvkbs x3nfvp2 x1j61x8r x1fcty0u xdj266r xat24cr xgzva0m xhhsvwb xxymvpz xlup9mm x1kky2od\"><img decoding=\"async\" class=\"xz74otr x168nmei x13lgxp2 x5pf9jr xo71vjh\" src=\"https:\/\/static.xx.fbcdn.net\/images\/emoji.php\/v9\/t2\/1\/16\/1f60d.png\" alt=\"&#x1f60d;\" width=\"16\" height=\"16\" \/><\/span><\/div>\n<\/div>\n<div class=\"x11i5rnm xat24cr x1mh8g0r x1vvkbs xtlvy1s x126k92a\">\n<div dir=\"auto\">Na koniec Mszy odby\u0142 si\u0119 pierwszy mini koncert organowy w wykonaniu naszego organisty- Micha\u0142a G\u00f3reckiego <span class=\"html-span xexx8yu x4uap5 x18d9i69 xkhd6sd x1hl2dhg x16tdsg8 x1vvkbs x3nfvp2 x1j61x8r x1fcty0u xdj266r xat24cr xgzva0m xhhsvwb xxymvpz xlup9mm x1kky2od\"><img decoding=\"async\" class=\"xz74otr x168nmei x13lgxp2 x5pf9jr xo71vjh\" src=\"https:\/\/static.xx.fbcdn.net\/images\/emoji.php\/v9\/t55\/1\/16\/1f607.png\" alt=\"&#x1f607;\" width=\"16\" height=\"16\" \/><\/span><span class=\"html-span xexx8yu x4uap5 x18d9i69 xkhd6sd x1hl2dhg x16tdsg8 x1vvkbs x3nfvp2 x1j61x8r x1fcty0u xdj266r xat24cr xgzva0m xhhsvwb xxymvpz xlup9mm x1kky2od\"><img loading=\"lazy\" decoding=\"async\" class=\"xz74otr x168nmei x13lgxp2 x5pf9jr xo71vjh\" src=\"https:\/\/static.xx.fbcdn.net\/images\/emoji.php\/v9\/tcc\/1\/16\/1f3bc.png\" alt=\"&#x1f3bc;\" width=\"16\" height=\"16\" \/><\/span><span class=\"html-span xexx8yu x4uap5 x18d9i69 xkhd6sd x1hl2dhg x16tdsg8 x1vvkbs x3nfvp2 x1j61x8r x1fcty0u xdj266r xat24cr xgzva0m xhhsvwb xxymvpz xlup9mm x1kky2od\"><img loading=\"lazy\" decoding=\"async\" class=\"xz74otr x168nmei x13lgxp2 x5pf9jr xo71vjh\" src=\"https:\/\/static.xx.fbcdn.net\/images\/emoji.php\/v9\/ta2\/1\/16\/1f3b9.png\" alt=\"&#x1f3b9;\" width=\"16\" height=\"16\" \/><\/span><\/div>\n<\/div>\n<div class=\"x11i5rnm xat24cr x1mh8g0r x1vvkbs xtlvy1s x126k92a\">\n<div dir=\"auto\">Dzi\u0119kujemy ks. biskupowi, \u017ce przyj\u0105\u0142 zaproszenie i przewodniczy\u0142 dzisiejszej Eucharystii oraz dokona\u0142 po\u015bwi\u0119cenia organ\u00f3w. Dzi\u0119kujemy Micha\u0142owi wraz z ch\u00f3rem za opraw\u0119 muzyczn\u0105 oraz Wam, drodzy Parafianie, za przybycie i wsp\u00f3ln\u0105 modlitw\u0119 <span class=\"html-span xexx8yu x4uap5 x18d9i69 xkhd6sd x1hl2dhg x16tdsg8 x1vvkbs x3nfvp2 x1j61x8r x1fcty0u xdj266r xat24cr xgzva0m xhhsvwb xxymvpz xlup9mm x1kky2od\"><img decoding=\"async\" class=\"xz74otr x168nmei x13lgxp2 x5pf9jr xo71vjh\" src=\"https:\/\/static.xx.fbcdn.net\/images\/emoji.php\/v9\/t55\/1\/16\/1f607.png\" alt=\"&#x1f607;\" width=\"16\" height=\"16\" \/><\/span><\/div>\n<\/div>\n\n\n<div class=\"awp_center awl-ag-row\"><div class=\"awl-ag-col\" style=\"flex:0 0 100%;max-width:100%;\">\t\t<div id=\"album_gallery_2447\"\n\t\t\tclass=\"awl-ag-col col-lg-4 col-md-4 col-sm-4 col-xs-6 album-gallery nag-gallery-container lg-id-2447\"\n\t\t\tstyle=\"--ag-title-color: #000000; --ag-title-size: 20px; --ag-lb-title-size: 16px; \"\n\t\t\tdata-gallery-json=\"[{&quot;src&quot;:&quot;https:\\\/\\\/parafia.faustyna.bialystok.pl\\\/wp-content\\\/uploads\\\/2025\\\/05\\\/495260813_996064272694526_6410421237472413822_n.jpg&quot;,&quot;thumb&quot;:&quot;https:\\\/\\\/parafia.faustyna.bialystok.pl\\\/wp-content\\\/uploads\\\/2025\\\/05\\\/495260813_996064272694526_6410421237472413822_n-150x150.jpg&quot;,&quot;subHtml&quot;:&quot; &quot;},{&quot;src&quot;:&quot;https:\\\/\\\/parafia.faustyna.bialystok.pl\\\/wp-content\\\/uploads\\\/2025\\\/05\\\/495141280_996065999361020_4891119034599319367_n.jpg&quot;,&quot;thumb&quot;:&quot;https:\\\/\\\/parafia.faustyna.bialystok.pl\\\/wp-content\\\/uploads\\\/2025\\\/05\\\/495141280_996065999361020_4891119034599319367_n-150x150.jpg&quot;,&quot;subHtml&quot;:&quot; &quot;},{&quot;src&quot;:&quot;https:\\\/\\\/parafia.faustyna.bialystok.pl\\\/wp-content\\\/uploads\\\/2025\\\/05\\\/495137586_996066916027595_3985014250300581898_n.jpg&quot;,&quot;thumb&quot;:&quot;https:\\\/\\\/parafia.faustyna.bialystok.pl\\\/wp-content\\\/uploads\\\/2025\\\/05\\\/495137586_996066916027595_3985014250300581898_n-150x150.jpg&quot;,&quot;subHtml&quot;:&quot; &quot;},{&quot;src&quot;:&quot;https:\\\/\\\/parafia.faustyna.bialystok.pl\\\/wp-content\\\/uploads\\\/2025\\\/05\\\/495083089_996065242694429_2990404484189626403_n.jpg&quot;,&quot;thumb&quot;:&quot;https:\\\/\\\/parafia.faustyna.bialystok.pl\\\/wp-content\\\/uploads\\\/2025\\\/05\\\/495083089_996065242694429_2990404484189626403_n-150x150.jpg&quot;,&quot;subHtml&quot;:&quot; &quot;},{&quot;src&quot;:&quot;https:\\\/\\\/parafia.faustyna.bialystok.pl\\\/wp-content\\\/uploads\\\/2025\\\/05\\\/495079992_996066702694283_2838448182852073979_n.jpg&quot;,&quot;thumb&quot;:&quot;https:\\\/\\\/parafia.faustyna.bialystok.pl\\\/wp-content\\\/uploads\\\/2025\\\/05\\\/495079992_996066702694283_2838448182852073979_n-150x150.jpg&quot;,&quot;subHtml&quot;:&quot; &quot;},{&quot;src&quot;:&quot;https:\\\/\\\/parafia.faustyna.bialystok.pl\\\/wp-content\\\/uploads\\\/2025\\\/05\\\/494992956_996066096027677_8637847187092806004_n.jpg&quot;,&quot;thumb&quot;:&quot;https:\\\/\\\/parafia.faustyna.bialystok.pl\\\/wp-content\\\/uploads\\\/2025\\\/05\\\/494992956_996066096027677_8637847187092806004_n-150x150.jpg&quot;,&quot;subHtml&quot;:&quot; &quot;},{&quot;src&quot;:&quot;https:\\\/\\\/parafia.faustyna.bialystok.pl\\\/wp-content\\\/uploads\\\/2025\\\/05\\\/494975584_996063999361220_1171563010323079623_n.jpg&quot;,&quot;thumb&quot;:&quot;https:\\\/\\\/parafia.faustyna.bialystok.pl\\\/wp-content\\\/uploads\\\/2025\\\/05\\\/494975584_996063999361220_1171563010323079623_n-150x150.jpg&quot;,&quot;subHtml&quot;:&quot; &quot;},{&quot;src&quot;:&quot;https:\\\/\\\/parafia.faustyna.bialystok.pl\\\/wp-content\\\/uploads\\\/2025\\\/05\\\/494943079_996064332694520_6893077406071340942_n.jpg&quot;,&quot;thumb&quot;:&quot;https:\\\/\\\/parafia.faustyna.bialystok.pl\\\/wp-content\\\/uploads\\\/2025\\\/05\\\/494943079_996064332694520_6893077406071340942_n-150x150.jpg&quot;,&quot;subHtml&quot;:&quot; &quot;},{&quot;src&quot;:&quot;https:\\\/\\\/parafia.faustyna.bialystok.pl\\\/wp-content\\\/uploads\\\/2025\\\/05\\\/494939692_996065342694419_2923690814710992459_n.jpg&quot;,&quot;thumb&quot;:&quot;https:\\\/\\\/parafia.faustyna.bialystok.pl\\\/wp-content\\\/uploads\\\/2025\\\/05\\\/494939692_996065342694419_2923690814710992459_n-150x150.jpg&quot;,&quot;subHtml&quot;:&quot; &quot;},{&quot;src&quot;:&quot;https:\\\/\\\/parafia.faustyna.bialystok.pl\\\/wp-content\\\/uploads\\\/2025\\\/05\\\/495153144_996064869361133_4069992803162943300_n.jpg&quot;,&quot;thumb&quot;:&quot;https:\\\/\\\/parafia.faustyna.bialystok.pl\\\/wp-content\\\/uploads\\\/2025\\\/05\\\/495153144_996064869361133_4069992803162943300_n-150x150.jpg&quot;,&quot;subHtml&quot;:&quot; &quot;},{&quot;src&quot;:&quot;https:\\\/\\\/parafia.faustyna.bialystok.pl\\\/wp-content\\\/uploads\\\/2025\\\/05\\\/494888183_996065556027731_1747025707730759943_n.jpg&quot;,&quot;thumb&quot;:&quot;https:\\\/\\\/parafia.faustyna.bialystok.pl\\\/wp-content\\\/uploads\\\/2025\\\/05\\\/494888183_996065556027731_1747025707730759943_n-150x150.jpg&quot;,&quot;subHtml&quot;:&quot; &quot;},{&quot;src&quot;:&quot;https:\\\/\\\/parafia.faustyna.bialystok.pl\\\/wp-content\\\/uploads\\\/2025\\\/05\\\/494758626_996064139361206_7431436999492205738_n.jpg&quot;,&quot;thumb&quot;:&quot;https:\\\/\\\/parafia.faustyna.bialystok.pl\\\/wp-content\\\/uploads\\\/2025\\\/05\\\/494758626_996064139361206_7431436999492205738_n-150x150.jpg&quot;,&quot;subHtml&quot;:&quot; &quot;},{&quot;src&quot;:&quot;https:\\\/\\\/parafia.faustyna.bialystok.pl\\\/wp-content\\\/uploads\\\/2025\\\/05\\\/494699641_996066296027657_8792278398864787011_n.jpg&quot;,&quot;thumb&quot;:&quot;https:\\\/\\\/parafia.faustyna.bialystok.pl\\\/wp-content\\\/uploads\\\/2025\\\/05\\\/494699641_996066296027657_8792278398864787011_n-150x150.jpg&quot;,&quot;subHtml&quot;:&quot; &quot;},{&quot;src&quot;:&quot;https:\\\/\\\/parafia.faustyna.bialystok.pl\\\/wp-content\\\/uploads\\\/2025\\\/05\\\/495207710_996065122694441_4685171093002456820_n.jpg&quot;,&quot;thumb&quot;:&quot;https:\\\/\\\/parafia.faustyna.bialystok.pl\\\/wp-content\\\/uploads\\\/2025\\\/05\\\/495207710_996065122694441_4685171093002456820_n-150x150.jpg&quot;,&quot;subHtml&quot;:&quot; &quot;},{&quot;src&quot;:&quot;https:\\\/\\\/parafia.faustyna.bialystok.pl\\\/wp-content\\\/uploads\\\/2025\\\/05\\\/495626669_996066792694274_2858289383666650853_n.jpg&quot;,&quot;thumb&quot;:&quot;https:\\\/\\\/parafia.faustyna.bialystok.pl\\\/wp-content\\\/uploads\\\/2025\\\/05\\\/495626669_996066792694274_2858289383666650853_n-150x150.jpg&quot;,&quot;subHtml&quot;:&quot; &quot;},{&quot;src&quot;:&quot;https:\\\/\\\/parafia.faustyna.bialystok.pl\\\/wp-content\\\/uploads\\\/2025\\\/05\\\/495508674_996064599361160_1242984247226673794_n.jpg&quot;,&quot;thumb&quot;:&quot;https:\\\/\\\/parafia.faustyna.bialystok.pl\\\/wp-content\\\/uploads\\\/2025\\\/05\\\/495508674_996064599361160_1242984247226673794_n-150x150.jpg&quot;,&quot;subHtml&quot;:&quot; &quot;},{&quot;src&quot;:&quot;https:\\\/\\\/parafia.faustyna.bialystok.pl\\\/wp-content\\\/uploads\\\/2025\\\/05\\\/495585898_996066196027667_5600674826033975479_n.jpg&quot;,&quot;thumb&quot;:&quot;https:\\\/\\\/parafia.faustyna.bialystok.pl\\\/wp-content\\\/uploads\\\/2025\\\/05\\\/495585898_996066196027667_5600674826033975479_n-150x150.jpg&quot;,&quot;subHtml&quot;:&quot; &quot;},{&quot;src&quot;:&quot;https:\\\/\\\/parafia.faustyna.bialystok.pl\\\/wp-content\\\/uploads\\\/2025\\\/05\\\/495243149_996066472694306_3505246230946872595_n.jpg&quot;,&quot;thumb&quot;:&quot;https:\\\/\\\/parafia.faustyna.bialystok.pl\\\/wp-content\\\/uploads\\\/2025\\\/05\\\/495243149_996066472694306_3505246230946872595_n-150x150.jpg&quot;,&quot;subHtml&quot;:&quot; &quot;},{&quot;src&quot;:&quot;https:\\\/\\\/parafia.faustyna.bialystok.pl\\\/wp-content\\\/uploads\\\/2025\\\/05\\\/495389237_996064702694483_7171782093029371681_n.jpg&quot;,&quot;thumb&quot;:&quot;https:\\\/\\\/parafia.faustyna.bialystok.pl\\\/wp-content\\\/uploads\\\/2025\\\/05\\\/495389237_996064702694483_7171782093029371681_n-150x150.jpg&quot;,&quot;subHtml&quot;:&quot; &quot;},{&quot;src&quot;:&quot;https:\\\/\\\/parafia.faustyna.bialystok.pl\\\/wp-content\\\/uploads\\\/2025\\\/05\\\/495355949_996065716027715_5348222601512299218_n.jpg&quot;,&quot;thumb&quot;:&quot;https:\\\/\\\/parafia.faustyna.bialystok.pl\\\/wp-content\\\/uploads\\\/2025\\\/05\\\/495355949_996065716027715_5348222601512299218_n-150x150.jpg&quot;,&quot;subHtml&quot;:&quot; &quot;},{&quot;src&quot;:&quot;https:\\\/\\\/parafia.faustyna.bialystok.pl\\\/wp-content\\\/uploads\\\/2025\\\/05\\\/495317129_996066909360929_4558061319577176001_n.jpg&quot;,&quot;thumb&quot;:&quot;https:\\\/\\\/parafia.faustyna.bialystok.pl\\\/wp-content\\\/uploads\\\/2025\\\/05\\\/495317129_996066909360929_4558061319577176001_n-150x150.jpg&quot;,&quot;subHtml&quot;:&quot; &quot;},{&quot;src&quot;:&quot;https:\\\/\\\/parafia.faustyna.bialystok.pl\\\/wp-content\\\/uploads\\\/2025\\\/05\\\/495177569_996065446027742_33616308454022519_n.jpg&quot;,&quot;thumb&quot;:&quot;https:\\\/\\\/parafia.faustyna.bialystok.pl\\\/wp-content\\\/uploads\\\/2025\\\/05\\\/495177569_996065446027742_33616308454022519_n-150x150.jpg&quot;,&quot;subHtml&quot;:&quot; &quot;},{&quot;src&quot;:&quot;https:\\\/\\\/parafia.faustyna.bialystok.pl\\\/wp-content\\\/uploads\\\/2025\\\/05\\\/495169432_996065829361037_5657571688983976104_n.jpg&quot;,&quot;thumb&quot;:&quot;https:\\\/\\\/parafia.faustyna.bialystok.pl\\\/wp-content\\\/uploads\\\/2025\\\/05\\\/495169432_996065829361037_5657571688983976104_n-150x150.jpg&quot;,&quot;subHtml&quot;:&quot; &quot;}]\"\n\t\t\tdata-lg-config='{&quot;loop&quot;:false,&quot;thumbnail&quot;:true,&quot;autoplay&quot;:false,&quot;pause&quot;:3000,&quot;addClass&quot;:&quot;lg-id-2447&quot;}'>\n\n\t\t\t<div class=\"album_wrapper nag-album-cover\">\n\t\t\t\t\n\t\t\t\t\t\t\t\t\t<div class=\"album_title_div\">\n\t\t\t\t\t\t<p class=\"album_title-dynamic\">2025.05.03 &#8211; \u015awi\u0119cenie Organ\u00f3w<\/p>\n\t\t\t\t\t<\/div>\n\t\t\t\t\n\t\t\t\t\n\t\t\t\t\t\t\t\t\t<a href=\"https:\/\/parafia.faustyna.bialystok.pl\/wp-content\/uploads\/2025\/05\/495260813_996064272694526_6410421237472413822_n.jpg\" data-type=\"image\" class=\"nag-trigger\" title=\"495260813_996064272694526_6410421237472413822_n\">\n\t\t\t\t\t\t<div class=\"group\">\n\t\t\t\t\t\t\t<div class=\"stack twisted animated wobble\">\n\t\t\t\t\t\t\t\t<div class=\"nag-skeleton nag-loading\">\n\t\t\t\t\t\t\t\t\t<img decoding=\"async\" src=\"https:\/\/parafia.faustyna.bialystok.pl\/wp-content\/uploads\/2025\/05\/495260813_996064272694526_6410421237472413822_n-300x225.jpg\" alt=\"495260813_996064272694526_6410421237472413822_n\">\n\t\t\t\t\t\t\t\t<\/div>\n\t\t\t\t\t\t\t<\/div>\n\t\t\t\t\t\t<\/div>\n\t\t\t\t\t<\/a>\n\t\t\t\t\t\t<\/div>\n\t\t<\/div>\n<\/div><\/div>\n","protected":false},"excerpt":{"rendered":"<p>Dzi\u015b podczas Mszy \u015aw. o godz. 09:00 nasze nowe organy zosta\u0142y uroczy\u015bcie po\u015bwi\u0119cone przez ks. bp Henryka Ciereszko Jest do dla nas wszystkich ogromna rado\u015b\u0107, \u017ce nasza parafia rozwija si\u0119 pod wzgl\u0119dem duchowym, relacyjnym, a dzi\u0119ki organi\u015bcie Micha\u0142owi i dyrygentce ch\u00f3ru- Pani Gosi, r\u00f3wnie\u017c muzycznie Wspania\u0142a ta nasza wsp\u00f3lnota parafialna<span class=\"more-link\"><a href=\"https:\/\/parafia.faustyna.bialystok.pl\/?album_gallery=2025-05-03-swiecenie-organow\">Czytaj dalej<\/a><\/span><\/p>\n","protected":false},"author":1,"featured_media":2448,"comment_status":"closed","ping_status":"closed","sticky":false,"template":"","format":"standard","meta":{"footnotes":""},"categories":[2],"tags":[],"class_list":["entry","author-parafia_admin","post-2445","post","type-post","status-publish","format-standard","has-post-thumbnail","category-wydarzenia"],"_links":{"self":[{"href":"https:\/\/parafia.faustyna.bialystok.pl\/index.php?rest_route=\/wp\/v2\/posts\/2445","targetHints":{"allow":["GET"]}}],"collection":[{"href":"https:\/\/parafia.faustyna.bialystok.pl\/index.php?rest_route=\/wp\/v2\/posts"}],"about":[{"href":"https:\/\/parafia.faustyna.bialystok.pl\/index.php?rest_route=\/wp\/v2\/types\/post"}],"author":[{"embeddable":true,"href":"https:\/\/parafia.faustyna.bialystok.pl\/index.php?rest_route=\/wp\/v2\/users\/1"}],"replies":[{"embeddable":true,"href":"https:\/\/parafia.faustyna.bialystok.pl\/index.php?rest_route=%2Fwp%2Fv2%2Fcomments&post=2445"}],"version-history":[{"count":2,"href":"https:\/\/parafia.faustyna.bialystok.pl\/index.php?rest_route=\/wp\/v2\/posts\/2445\/revisions"}],"predecessor-version":[{"id":2472,"href":"https:\/\/parafia.faustyna.bialystok.pl\/index.php?rest_route=\/wp\/v2\/posts\/2445\/revisions\/2472"}],"wp:featuredmedia":[{"embeddable":true,"href":"https:\/\/parafia.faustyna.bialystok.pl\/index.php?rest_route=\/wp\/v2\/media\/2448"}],"wp:attachment":[{"href":"https:\/\/parafia.faustyna.bialystok.pl\/index.php?rest_route=%2Fwp%2Fv2%2Fmedia&parent=2445"}],"wp:term":[{"taxonomy":"category","embeddable":true,"href":"https:\/\/parafia.faustyna.bialystok.pl\/index.php?rest_route=%2Fwp%2Fv2%2Fcategories&post=2445"},{"taxonomy":"post_tag","embeddable":true,"href":"https:\/\/parafia.faustyna.bialystok.pl\/index.php?rest_route=%2Fwp%2Fv2%2Ftags&post=2445"}],"curies":[{"name":"wp","href":"https:\/\/api.w.org\/{rel}","templated":true}]}}