{"id":2473,"date":"2025-05-11T11:04:18","date_gmt":"2025-05-11T10:04:18","guid":{"rendered":"https:\/\/parafia.faustyna.bialystok.pl\/?p=2473"},"modified":"2025-05-11T11:28:23","modified_gmt":"2025-05-11T10:28:23","slug":"2025-05-08-habemus-papam","status":"publish","type":"post","link":"https:\/\/parafia.faustyna.bialystok.pl\/?p=2473","title":{"rendered":"2025-05.08 &#8211; HABEMUS PAPAM"},"content":{"rendered":"<div class=\"wp-block-image\">\n<figure class=\"aligncenter size-large\"><img fetchpriority=\"high\" decoding=\"async\" width=\"752\" height=\"1024\" src=\"https:\/\/parafia.faustyna.bialystok.pl\/wp-content\/uploads\/2025\/05\/Insigne_Leonis_XIV.svg_-752x1024.webp\" alt=\"\" class=\"wp-image-2481\" srcset=\"https:\/\/parafia.faustyna.bialystok.pl\/wp-content\/uploads\/2025\/05\/Insigne_Leonis_XIV.svg_-752x1024.webp 752w, https:\/\/parafia.faustyna.bialystok.pl\/wp-content\/uploads\/2025\/05\/Insigne_Leonis_XIV.svg_-220x300.webp 220w, https:\/\/parafia.faustyna.bialystok.pl\/wp-content\/uploads\/2025\/05\/Insigne_Leonis_XIV.svg_-768x1046.webp 768w, https:\/\/parafia.faustyna.bialystok.pl\/wp-content\/uploads\/2025\/05\/Insigne_Leonis_XIV.svg_-404x550.webp 404w, https:\/\/parafia.faustyna.bialystok.pl\/wp-content\/uploads\/2025\/05\/Insigne_Leonis_XIV.svg_-367x500.webp 367w, https:\/\/parafia.faustyna.bialystok.pl\/wp-content\/uploads\/2025\/05\/Insigne_Leonis_XIV.svg_.webp 800w\" sizes=\"(max-width: 752px) 100vw, 752px\" \/><\/figure>\n<\/div>\n\n<p style=\"text-align: center;\">HABEMUS PAPAM LEON XIV!<\/p>\n<p>\u00a0<img decoding=\"async\" class=\"aligncenter wp-image-2475 size-full\" src=\"https:\/\/parafia.faustyna.bialystok.pl\/wp-content\/uploads\/2025\/05\/LEON-XIV.jpg\" alt=\"\" width=\"1200\" height=\"800\" srcset=\"https:\/\/parafia.faustyna.bialystok.pl\/wp-content\/uploads\/2025\/05\/LEON-XIV.jpg 1200w, https:\/\/parafia.faustyna.bialystok.pl\/wp-content\/uploads\/2025\/05\/LEON-XIV-300x200.jpg 300w, https:\/\/parafia.faustyna.bialystok.pl\/wp-content\/uploads\/2025\/05\/LEON-XIV-1024x683.jpg 1024w, https:\/\/parafia.faustyna.bialystok.pl\/wp-content\/uploads\/2025\/05\/LEON-XIV-768x512.jpg 768w, https:\/\/parafia.faustyna.bialystok.pl\/wp-content\/uploads\/2025\/05\/LEON-XIV-465x310.jpg 465w, https:\/\/parafia.faustyna.bialystok.pl\/wp-content\/uploads\/2025\/05\/LEON-XIV-695x463.jpg 695w\" sizes=\"(max-width: 1200px) 100vw, 1200px\" \/><\/p>\n\n\n<p>Leon XIV (\u0142ac. Leo PP. XIV, w\u0142. Leone XIV; w\u0142a\u015bc. Robert Francis Prevost OSA; ur. 14 wrze\u015bnia 1955 w Chicago) \u2013 ameryka\u0144ski duchowny rzymskokatolicki, augustianin, doktor prawa kanonicznego, prze\u0142o\u017cony generalny Zakonu \u015bw. Augustyna w latach 2001\u20132013, administrator apostolski sede vacante diecezji Chiclayo w latach 2014\u20132015, biskup diecezjalny Chiclayo w latach 2015\u20132023, administrator apostolski diecezji Callao w latach 2020\u20132021, arcybiskup ad personam w latach 2023\u20132025, prefekt Dykasterii ds. Biskup\u00f3w i przewodnicz\u0105cy Papieskiej Komisji ds. Ameryki \u0141aci\u0144skiej w latach 2023\u20132025, kardyna\u0142 w latach 2023\u20132025 (najpierw w stopniu diakona, w 2025 promowany do stopnia biskupa), 267. papie\u017c i 9. suweren Pa\u0144stwa Watyka\u0144skiego i prefekt Dykasterii ds. Ewangelizacji\ufeff[w innych j\u0119zykach] od 8 maja 2025.<\/p>\n\n\n\n<p>Posiadaj\u0105c podw\u00f3jne obywatelstwo, ameryka\u0144skie i peruwia\u0144skie, jest drugim papie\u017cem pochodz\u0105cym z kontynentu ameryka\u0144skiego (po swoim poprzedniku Franciszku), pierwszym w historii ze Stan\u00f3w Zjednoczonych Ameryki, a tak\u017ce pierwszym nale\u017c\u0105cym do Zakonu \u015awi\u0119tego Augustyna. Jest drugim po Hadrianie IV papie\u017cem pos\u0142uguj\u0105cym si\u0119 angielskim jako ojczystym j\u0119zykiem. Jego papieskie imi\u0119 zosta\u0142o zainspirowane przez papie\u017ca Leona XIII, kt\u00f3ry rozwin\u0105\u0142 katolick\u0105 nauk\u0119 spo\u0142eczn\u0105.<\/p>\n\n\n<div class=\"wp-block-image\">\n<figure class=\"alignright size-large\"><img decoding=\"async\" width=\"1024\" height=\"768\" src=\"https:\/\/parafia.faustyna.bialystok.pl\/wp-content\/uploads\/2025\/05\/Pope_Leo_XIV_childhood_home.jpg-1024x768.webp\" alt=\"\" class=\"wp-image-2478\" srcset=\"https:\/\/parafia.faustyna.bialystok.pl\/wp-content\/uploads\/2025\/05\/Pope_Leo_XIV_childhood_home.jpg-1024x768.webp 1024w, https:\/\/parafia.faustyna.bialystok.pl\/wp-content\/uploads\/2025\/05\/Pope_Leo_XIV_childhood_home.jpg-300x225.webp 300w, https:\/\/parafia.faustyna.bialystok.pl\/wp-content\/uploads\/2025\/05\/Pope_Leo_XIV_childhood_home.jpg-768x576.webp 768w, https:\/\/parafia.faustyna.bialystok.pl\/wp-content\/uploads\/2025\/05\/Pope_Leo_XIV_childhood_home.jpg-465x349.webp 465w, https:\/\/parafia.faustyna.bialystok.pl\/wp-content\/uploads\/2025\/05\/Pope_Leo_XIV_childhood_home.jpg-667x500.webp 667w, https:\/\/parafia.faustyna.bialystok.pl\/wp-content\/uploads\/2025\/05\/Pope_Leo_XIV_childhood_home.jpg-320x240.webp 320w, https:\/\/parafia.faustyna.bialystok.pl\/wp-content\/uploads\/2025\/05\/Pope_Leo_XIV_childhood_home.jpg.webp 1280w\" sizes=\"(max-width: 1024px) 100vw, 1024px\" \/><figcaption class=\"wp-element-caption\">Dom rodzinny Leona XIV w Dolton<\/figcaption><\/figure>\n<\/div>\n\n\n<p>\u017byciorys<br>M\u0142odo\u015b\u0107 i wykszta\u0142cenie<\/p>\n\n\n\n<p>Robert Prevost urodzi\u0142 si\u0119 14 wrze\u015bnia 1955 w Chicago jako syn Louisa Mariusa Prevosta i Mildred z domu Martinez. Ojciec papie\u017ca by\u0142 synem imigrant\u00f3w z Europy. Dziadek ze strony ojca pochodzi\u0142 z W\u0142och, a babcia z Francji. Matka papie\u017ca pochodzi\u0142a z Nowego Orleanu. Dziadek ze strony matki urodzi\u0142 si\u0119 w Santo Domingo na wyspie Haiti, a babka w Nowym Orleanie. Ojciec w czasie II wojny \u015bwiatowej s\u0142u\u017cy\u0142 w marynarce wojennej, posiada\u0142 tytu\u0142 magistra sztuk pi\u0119knych, pracowa\u0142 jako administrator szkolny. Matka uko\u0144czy\u0142a uniwersytet z tytu\u0142em licencjata bibliotekoznawstwa i pracowa\u0142a jako bibliotekarka. Ma dw\u00f3ch starszych braci \u2013 Louisa Martina i Johna Josepha. Dorasta\u0142 w Dolton, na przedmie\u015bciach Chicago, na terenie katolickiej parafii Naj\u015bwi\u0119tszej Maryi Panny Wniebowzi\u0119tej, gdzie ucz\u0119szcza\u0142 do o\u015bmioklasowej szko\u0142y parafialnej (St. Mary of the Assumption School), kt\u00f3r\u0105 uko\u0144czy\u0142 w 1969. \u015apiewa\u0142 w ch\u00f3rze ko\u015bcielnym i s\u0142u\u017cy\u0142 jako ministrant.<\/p>\n\n\n\n<p>W 1973 uko\u0144czy\u0142 ni\u017csze seminarium duchowne St. Augustine Seminary High School w miejscowo\u015bci Holland w stanie Michigan[9]. W 1977 uzyska\u0142 licencjat z matematyki na Uniwersytecie Villanova\ufeff[w innych j\u0119zykach] w stanie Pensylwania. 5 lat p\u00f3\u017aniej, w 1982 roku uko\u0144czy\u0142 studia teologiczne na Catholic Theological Union\ufeff[w innych j\u0119zykach], uzyskuj\u0105c stopie\u0144 naukowy Master of Divinity. W trakcie studi\u00f3w naucza\u0142 fizyki i matematyki w St. Rita of Cascia High School. W 1984 zdoby\u0142 licencjat, a trzy lata p\u00f3\u017aniej stopie\u0144 naukowy doktora prawa kanonicznego na Papieskim Uniwersytecie \u015awi\u0119tego Tomasza z Akwinu. Jego praca doktorska nosi\u0142a tytu\u0142 \u201eRola lokalnego przeora w Zakonie \u015awi\u0119tego Augustyna\u201d. W 2014 roku Uniwersytet Villanova przyzna\u0142 mu tytu\u0142 doktora nauk humanistycznych honoris causa.<\/p>\n\n\n\n<p>Prezbiter (1982\u20132014)<br>1 wrze\u015bnia 1977 wst\u0105pi\u0142 do nowicjatu zakonu \u015bw. Augustyna w Saint Louis w stanie Missouri, w prowincji Matki Bo\u017cej Dobrej Rady w Chicago. 2 wrze\u015bnia 1978, po zako\u0144czeniu nowicjatu, z\u0142o\u017cy\u0142 pierwsze \u015bluby zakonne, a 29 sierpnia 1981 z\u0142o\u017cy\u0142 profesj\u0119 wieczyst\u0105. W 1982 uzyska\u0142 tytu\u0142 magistra teologii w chicagowskim Catholic Theological Union\ufeff[w innych j\u0119zykach]. \u015awi\u0119cenia prezbiteratu otrzyma\u0142 19 czerwca 1982 w Rzymie. Udzieli\u0142 mu ich arcybiskup Jean Jadot, pro-przewodnicz\u0105cy Sekretariatu ds. Niechrze\u015bcijan. W 1984 uzyska\u0142 licencjat, za\u015b w 1987 stopie\u0144 doktora prawa kanonicznego na Papieskim Uniwersytecie \u015awi\u0119tego Tomasza z Akwinu w Rzymie.<\/p>\n\n\n\n<p>W latach 1985\u20131986 i 1988\u20131998 pracowa\u0142 w Peru, m.in. jako prefekt w zakonnym seminarium w Trujillo. W latach 1999\u20132001 by\u0142 prowincja\u0142em ameryka\u0144skiej prowincji zakonnej z siedzib\u0105 w Chicago. W latach 2001\u20132013, przez dwie kolejne sze\u015bcioletnie kadencje, by\u0142 przeorem generalnym zakonu \u015bw. Augustyna, a w kolejnych dw\u00f3ch latach wikariuszem prowincjalnym oraz dyrektorem formacyjnym w konwencie w Chicago. W 2014 Uniwersytet Villanova uhonorowa\u0142 go tytu\u0142em doktora honoris causa nauk humanistycznych.<\/p>\n\n\n\n<p>Biskup (2014\u20132023)<br>3 listopada 2014 papie\u017c Franciszek mianowa\u0142 go administratorem apostolskim peruwia\u0144skiej diecezji Chiclayo oraz biskupem tytularnym Sufar. \u015awi\u0119cenia biskupie otrzyma\u0142 12 grudnia 2014, w \u015bwi\u0119to Matki Bo\u017cej z Guadalupe, w katedrze \u015bw. Marii\ufeff w Chiclayo. G\u0142\u00f3wnym konsekratorem by\u0142 arcybiskup James Green, nuncjusz apostolski w Peru, za\u015b wsp\u00f3\u0142konsekratorami Jes\u00fas Molin\u00e9 Labarta, biskup senior Chiclayo, i Salvador Pi\u00f1eiro Garc\u00eda-Calder\u00f3n, arcybiskup metropolita Ayacucho. Jako zawo\u0142anie biskupie przyj\u0105\u0142 s\u0142owa In Illo uno unum (pol. W Nim stanowimy jedno) z \u201eObja\u015bnie\u0144 Psalm\u00f3w\u201d \u015bw. Augustyna. 26 wrze\u015bnia 2015 papie\u017c mianowa\u0142 go biskupem diecezjalnym tej\u017ce diecezji.<\/p>\n\n\n\n<p>15 kwietnia 2020 papie\u017c Franciszek mianowa\u0142 go administratorem apostolskim diecezji Callao. Funkcj\u0119 t\u0119 pe\u0142ni\u0142 do 26 maja 2021, kiedy zarz\u0105d nad diecezj\u0105 obj\u0105\u0142 biskup Luis Alberto Barrera Pacheco MCCI.<\/p>\n\n\n\n<p>Kardyna\u0142 i prefekt Dykasterii ds. Biskup\u00f3w (2023\u20132025)<\/p>\n\n\n\n<figure class=\"wp-block-image size-full\"><img loading=\"lazy\" decoding=\"async\" width=\"800\" height=\"853\" src=\"https:\/\/parafia.faustyna.bialystok.pl\/wp-content\/uploads\/2025\/05\/Coat_of_arms_of_Robert_Francis_Prevost_Martinez_cardinal.svg_.webp\" alt=\"\" class=\"wp-image-2479\" srcset=\"https:\/\/parafia.faustyna.bialystok.pl\/wp-content\/uploads\/2025\/05\/Coat_of_arms_of_Robert_Francis_Prevost_Martinez_cardinal.svg_.webp 800w, https:\/\/parafia.faustyna.bialystok.pl\/wp-content\/uploads\/2025\/05\/Coat_of_arms_of_Robert_Francis_Prevost_Martinez_cardinal.svg_-281x300.webp 281w, https:\/\/parafia.faustyna.bialystok.pl\/wp-content\/uploads\/2025\/05\/Coat_of_arms_of_Robert_Francis_Prevost_Martinez_cardinal.svg_-768x819.webp 768w, https:\/\/parafia.faustyna.bialystok.pl\/wp-content\/uploads\/2025\/05\/Coat_of_arms_of_Robert_Francis_Prevost_Martinez_cardinal.svg_-465x496.webp 465w, https:\/\/parafia.faustyna.bialystok.pl\/wp-content\/uploads\/2025\/05\/Coat_of_arms_of_Robert_Francis_Prevost_Martinez_cardinal.svg_-469x500.webp 469w\" sizes=\"(max-width: 800px) 100vw, 800px\" \/><figcaption class=\"wp-element-caption\">Herb Kardymalski<\/figcaption><\/figure>\n\n\n\n<p><br>30 stycznia 2023 papie\u017c Franciszek mianowa\u0142 go prefektem Dykasterii ds. Biskup\u00f3w i przewodnicz\u0105cym Papieskiej Komisji ds. Ameryki \u0141aci\u0144skiej, wynosz\u0105c go jednocze\u015bnie do godno\u015bci arcybiskupa ad personam. Urz\u0105d obj\u0105\u0142 12 kwietnia 2023.<\/p>\n\n\n\n<p>9 lipca 2023 podczas modlitwy Anio\u0142 Pa\u0144ski papie\u017c Franciszek zapowiedzia\u0142 w\u0142\u0105czenie go do Kolegium Kardyna\u0142\u00f3w, a 30 wrze\u015bnia 2023 w trakcie konsystorza na placu \u015awi\u0119tego Piotra[26] kreowa\u0142 go kardyna\u0142em diakonem, a jako ko\u015bci\u00f3\u0142 tytularny nada\u0142 mu ko\u015bci\u00f3\u0142 \u015bw. Moniki\ufeff. 28 stycznia 2024 uroczy\u015bcie obj\u0105\u0142 sw\u00f3j ko\u015bci\u00f3\u0142 tytularny w Rzymie. 6 lutego 2025 zosta\u0142 podniesiony przez papie\u017ca do rangi kardyna\u0142a biskupa, diecezji suburbikarnej Albano.<\/p>\n\n\n\n<p>4 pa\u017adziernika 2023 papie\u017c Franciszek mianowa\u0142 go cz\u0142onkiem Papieskiej Komisji ds. Pa\u0144stwa Watyka\u0144skiego, a tak\u017ce cz\u0142onkiem w nast\u0119puj\u0105cych Dykasteriach: ds. Ewangelizacji \u2013 Sekcji ds. Pierwszej Ewangelizacji i Nowych Ko\u015bcio\u0142\u00f3w Partykularnych; Nauki Wiary; ds. Ko\u015bcio\u0142\u00f3w Wschodnich; ds. Duchowie\u0144stwa; ds. Instytut\u00f3w \u017bycia Konsekrowanego i Stowarzysze\u0144 \u017bycia Apostolskiego; ds. Kultury i Edukacji; ds. Tekst\u00f3w Prawnych.<\/p>\n\n\n\n<p>Pontyfikat<\/p>\n\n\n\n<figure class=\"wp-block-image size-large\"><img loading=\"lazy\" decoding=\"async\" width=\"1024\" height=\"682\" src=\"https:\/\/parafia.faustyna.bialystok.pl\/wp-content\/uploads\/2025\/05\/Pope_Leo_XIV_on_the_loggia.jpg-1024x682.webp\" alt=\"\" class=\"wp-image-2480\" srcset=\"https:\/\/parafia.faustyna.bialystok.pl\/wp-content\/uploads\/2025\/05\/Pope_Leo_XIV_on_the_loggia.jpg-1024x682.webp 1024w, https:\/\/parafia.faustyna.bialystok.pl\/wp-content\/uploads\/2025\/05\/Pope_Leo_XIV_on_the_loggia.jpg-300x200.webp 300w, https:\/\/parafia.faustyna.bialystok.pl\/wp-content\/uploads\/2025\/05\/Pope_Leo_XIV_on_the_loggia.jpg-768x512.webp 768w, https:\/\/parafia.faustyna.bialystok.pl\/wp-content\/uploads\/2025\/05\/Pope_Leo_XIV_on_the_loggia.jpg-465x310.webp 465w, https:\/\/parafia.faustyna.bialystok.pl\/wp-content\/uploads\/2025\/05\/Pope_Leo_XIV_on_the_loggia.jpg-695x463.webp 695w, https:\/\/parafia.faustyna.bialystok.pl\/wp-content\/uploads\/2025\/05\/Pope_Leo_XIV_on_the_loggia.jpg.webp 1280w\" sizes=\"(max-width: 1024px) 100vw, 1024px\" \/><figcaption class=\"wp-element-caption\">Leon XIV w Lo\u017cy B\u0142ogos\u0142awie\u0144stw bazyliki \u015bw. Piotra w dniu wyboru<\/figcaption><\/figure>\n\n\n\n<p>8 maja 2025 podczas drugiego dnia konklawe, zwo\u0142anego po \u015bmierci papie\u017ca Franciszka, w czwartym g\u0142osowaniu zosta\u0142 wybrany biskupem Rzymu \u2013 267. papie\u017cem. Tradycyjny bia\u0142y dym, obwieszczaj\u0105cy \u015bwiatu wyb\u00f3r nowej g\u0142owy Ko\u015bcio\u0142a katolickiego, pojawi\u0142 si\u0119 o godz. 18:08 czasu rzymskiego. Leon XIV pojawi\u0142 si\u0119 w tradycyjnej papieskiej czerwonej stule i mucecie, szatach, z kt\u00f3rych u\u017cywania zrezygnowa\u0142 papie\u017c Franciszek po swoim wyborze w 2013 roku. Nast\u0119pnie wyg\u0142osi\u0142 swoje pierwsze przem\u00f3wienie po w\u0142osku i hiszpa\u0144sku oraz udzieli\u0142 b\u0142ogos\u0142awie\u0144stwa Urbi et Orbi po \u0142acinie. Jako papie\u017c zosta\u0142 te\u017c z urz\u0119du prefektem Dykasterii ds. Ewangelizacji.<\/p>\n\n\n\n<p>Wyb\u00f3r imienia podyktowany zosta\u0142 odwo\u0142aniem do papie\u017ca Leona XIII i rzeczywisto\u015bci Ko\u015bcio\u0142a podczas pierwszej rewolucji przemys\u0142owej. Ko\u015bci\u00f3\u0142 w momencie wyboru Leona XIV ma \u201eoferowa\u0107 swoj\u0105 nauk\u0119 w odpowiedzi na kolejn\u0105 rewolucj\u0119 przemys\u0142ow\u0105\u201d.<\/p>\n\n\n\n<p>9 maja 2025 papie\u017c Leon XIV postanowi\u0142 o tymczasowym pozostawieniu na stanowiskach dotychczasowych szef\u00f3w instytucji Kurii Rzymskiej i Pa\u0144stwa Watyka\u0144skiego.<\/p>\n\n\n\n<p>Papie\u017c Leon XIV utrzyma\u0142 swoj\u0105 biskupi\u0105 dewiz\u0119 In Illo Uno Unum zaczerpni\u0119t\u0105 z Obja\u015bnie\u0144 Psalm\u00f3w \u015bw. Augustyna komentuj\u0105cego Psalm 127. 10 maja podano, \u017ce Papie\u017c zachowa sw\u00f3j dotychczasowy herb, zmieniony zosta\u0142 jedynie kolor dolnej cz\u0119\u015bci tarczy z szarego na kremowy.<\/p>\n\n\n\n<p>Pogl\u0105dy teologiczne, moralne i spo\u0142eczne<br>Jako biskup Chiclayo krytykowa\u0142 koncepcj\u0119 gender i sprzeciwia\u0142 si\u0119 wprowadzeniu nauczania w tym zakresie w Peru, stwierdzaj\u0105c, \u017ce propagowanie ideologii \u201egender jest myl\u0105ce, poniewa\u017c ma na celu tworzenie p\u0142ci, kt\u00f3re nie istniej\u0105\u201d. Sprzeciwia si\u0119 przyjmowaniu kobiet do stanu duchownego jako diakon\u00f3w.<\/p>\n\n\n\n<p>Jako prze\u0142o\u017cony generalny Zakonu \u015bw. Augustyna w 2012 dystansowa\u0142 si\u0119 wobec kultury popularnej z powodu promocji \u201eprzekona\u0144 i praktyk sprzecznych z Ewangeli\u0105\u201d, a konkretnie \u201ehomoseksualnego stylu \u017cycia i alternatywnego modelu rodziny z\u0142o\u017conej z dw\u00f3ch partner\u00f3w tej samej p\u0142ci i adoptowanych przez nich dzieci\u201d.<\/p>\n\n\n\n<p>Jako kardyna\u0142 anga\u017cowa\u0142 si\u0119 w problematyk\u0119 imigracji i skrytykowa\u0142 podej\u015bcie administracji Donalda Trumpa w tej kwestii.<\/p>\n\n\n\n<p>Sprzeciwia si\u0119 aborcji, eutanazji i karze \u015bmierci.<\/p>\n\n\n\n<p>Po swoim wyborze na papie\u017ca, w jednym z wywiad\u00f3w pot\u0119pi\u0142 wojn\u0119 rosyjsko-ukrai\u0144sk\u0105, kt\u00f3r\u0105 uzna\u0142 za \u201eprawdziw\u0105 inwazj\u0119, o charakterze imperialnym, w kt\u00f3rej Rosja d\u0105\u017cy do podboju terytorium w celu zdobycia w\u0142adzy\u201d.<\/p>\n\n\n\n<p>\u017bycie prywatne<br>Jest poliglot\u0105, biegle w\u0142ada j\u0119zykiem angielskim, hiszpa\u0144skim, portugalskim, w\u0142oskim i francuskim. Ponadto potrafi czyta\u0107 w j\u0119zyku niemieckim i po \u0142acinie. Kibicuje ameryka\u0144skiej dru\u017cynie baseballowej Chicago White Sox oraz peruwia\u0144skiemu zespo\u0142owi pi\u0142karskiemu Alianza Lima.<\/p>\n","protected":false},"excerpt":{"rendered":"<p>HABEMUS PAPAM LEON XIV! \u00a0 Leon XIV (\u0142ac. Leo PP. XIV, w\u0142. Leone XIV; w\u0142a\u015bc. Robert Francis Prevost OSA; ur. 14 wrze\u015bnia 1955 w Chicago) \u2013 ameryka\u0144ski duchowny rzymskokatolicki, augustianin, doktor prawa kanonicznego, prze\u0142o\u017cony generalny Zakonu \u015bw. Augustyna w latach 2001\u20132013, administrator apostolski sede vacante diecezji Chiclayo w latach 2014\u20132015,<span class=\"more-link\"><a href=\"https:\/\/parafia.faustyna.bialystok.pl\/?p=2473\">Czytaj dalej<\/a><\/span><\/p>\n","protected":false},"author":1,"featured_media":2474,"comment_status":"closed","ping_status":"closed","sticky":false,"template":"","format":"standard","meta":{"footnotes":""},"categories":[2],"tags":[],"class_list":["entry","author-parafia_admin","post-2473","post","type-post","status-publish","format-standard","has-post-thumbnail","category-wydarzenia"],"_links":{"self":[{"href":"https:\/\/parafia.faustyna.bialystok.pl\/index.php?rest_route=\/wp\/v2\/posts\/2473","targetHints":{"allow":["GET"]}}],"collection":[{"href":"https:\/\/parafia.faustyna.bialystok.pl\/index.php?rest_route=\/wp\/v2\/posts"}],"about":[{"href":"https:\/\/parafia.faustyna.bialystok.pl\/index.php?rest_route=\/wp\/v2\/types\/post"}],"author":[{"embeddable":true,"href":"https:\/\/parafia.faustyna.bialystok.pl\/index.php?rest_route=\/wp\/v2\/users\/1"}],"replies":[{"embeddable":true,"href":"https:\/\/parafia.faustyna.bialystok.pl\/index.php?rest_route=%2Fwp%2Fv2%2Fcomments&post=2473"}],"version-history":[{"count":5,"href":"https:\/\/parafia.faustyna.bialystok.pl\/index.php?rest_route=\/wp\/v2\/posts\/2473\/revisions"}],"predecessor-version":[{"id":2484,"href":"https:\/\/parafia.faustyna.bialystok.pl\/index.php?rest_route=\/wp\/v2\/posts\/2473\/revisions\/2484"}],"wp:featuredmedia":[{"embeddable":true,"href":"https:\/\/parafia.faustyna.bialystok.pl\/index.php?rest_route=\/wp\/v2\/media\/2474"}],"wp:attachment":[{"href":"https:\/\/parafia.faustyna.bialystok.pl\/index.php?rest_route=%2Fwp%2Fv2%2Fmedia&parent=2473"}],"wp:term":[{"taxonomy":"category","embeddable":true,"href":"https:\/\/parafia.faustyna.bialystok.pl\/index.php?rest_route=%2Fwp%2Fv2%2Fcategories&post=2473"},{"taxonomy":"post_tag","embeddable":true,"href":"https:\/\/parafia.faustyna.bialystok.pl\/index.php?rest_route=%2Fwp%2Fv2%2Ftags&post=2473"}],"curies":[{"name":"wp","href":"https:\/\/api.w.org\/{rel}","templated":true}]}}