{"id":2485,"date":"2025-05-11T11:32:21","date_gmt":"2025-05-11T10:32:21","guid":{"rendered":"https:\/\/parafia.faustyna.bialystok.pl\/?p=2485"},"modified":"2025-05-11T11:32:21","modified_gmt":"2025-05-11T10:32:21","slug":"2025-05-04-iii-niedziela-wielkanocna","status":"publish","type":"post","link":"https:\/\/parafia.faustyna.bialystok.pl\/?p=2485","title":{"rendered":"2025.05.04 &#8211; III Niedziela Wielkanocna"},"content":{"rendered":"<div class=\"x11i5rnm xat24cr x1mh8g0r x1vvkbs xtlvy1s x126k92a\">\n<ol>\n<li dir=\"auto\"><img fetchpriority=\"high\" decoding=\"async\" class=\" wp-image-1559 alignright\" src=\"https:\/\/parafia.faustyna.bialystok.pl\/wp-content\/uploads\/2024\/02\/Faustyna-241x300.jpg\" alt=\"\" width=\"511\" height=\"636\" srcset=\"https:\/\/parafia.faustyna.bialystok.pl\/wp-content\/uploads\/2024\/02\/Faustyna-241x300.jpg 241w, https:\/\/parafia.faustyna.bialystok.pl\/wp-content\/uploads\/2024\/02\/Faustyna-441x550.jpg 441w, https:\/\/parafia.faustyna.bialystok.pl\/wp-content\/uploads\/2024\/02\/Faustyna-401x500.jpg 401w, https:\/\/parafia.faustyna.bialystok.pl\/wp-content\/uploads\/2024\/02\/Faustyna.jpg 722w\" sizes=\"(max-width: 511px) 100vw, 511px\" \/>Dzisiaj prze\u017cywamy Niedziel\u0119 Biblijn\u0105, kt\u00f3ra rozpoczyna Tydzie\u0144 Biblijny. Serdecznie zach\u0119camy w tym tygodniu do modlitwy S\u0142owem Bo\u017cym.<\/li>\n<li dir=\"auto\">W tym tygodniu:<br \/>\n&#8211; wtorek \u2013 \u015bwi\u0119to \u015bw. Aposto\u0142\u00f3w Filipa i Jakuba<br \/>\n&#8211; \u015broda \u2013 Adoracja od godz. 17.00<br \/>\n&#8211; czwartek \u2013 uroczysto\u015b\u0107 \u015bw. Stanis\u0142awa biskupa i m\u0119czennika, g\u0142\u00f3wnego patrona Polski.<\/li>\n<li dir=\"auto\">W nast\u0119pn\u0105 niedziel\u0119 \u2013 Niedziela Dobrego Pasterza. 62 \u015awiatowy Dzie\u0144 Modlitw o Powo\u0142ania. Rozpocz\u0119cie tygodnia modlitw o powo\u0142ania do s\u0142u\u017cby w Ko\u015bciele. B\u0119dziemy go\u015bci\u0107 przedstawiciela naszego Bia\u0142ostockiego Seminarium Taca tego dnia b\u0119dzie przeznaczona na utrzymanie Archidiecezjalnego Wy\u017cszego Seminarium Duchownego w Bia\u0142ymstoku.<\/li>\n<li dir=\"auto\">Od 11 maja rozpocznie si\u0119 przygotowanie do Sakramentu Bierzmowania. Dotyczy to m\u0142odzie\u017cy, kt\u00f3ra ucz\u0119szcza obecnie do 8 klasy szko\u0142y podstawowej, a tak\u017ce tych os\u00f3b, kt\u00f3re z r\u00f3\u017cnych powod\u00f3w w odpowiednim czasie nie przyj\u0119\u0142y bierzmowania. Zapraszamy na Msz\u0119 \u015aw. o godz. 13.30 i spotkanie.<\/li>\n<li dir=\"auto\">Zapraszamy na nabo\u017ce\u0144stwa majowe, odprawiane codziennie po wieczornej Mszy \u015awi\u0119tej, natomiast w niedziele po Mszy \u015awi\u0119tej o godz. 9.00. W maju zapraszamy r\u00f3wnie\u017c po Mszy wieczornej na czwartkowe wieczory papieskie.<\/li>\n<li dir=\"auto\">Dnia 10 maja zapraszamy na pielgrzymk\u0119 do Loretto. Wyjazd sprzed ko\u015bcio\u0142a o godz. 7.30. Koszt 60 z\u0142. Zapisy do 7 maja w\u0142\u0105cznie (\u015broda).<\/li>\n<li dir=\"auto\">Planujemy pielgrzymk\u0119 w dniach 30, 31 maja i 1 czerwca do P\u0142ocka, W\u0142oc\u0142awka, Torunia, Lichenia, G\u00f3rki Klasztornej, \u015awinic Warckich, G\u0142ogowca, Niepokalanowa i Warszawa (gr\u00f3b b\u0142. ks. Jerzego Popie\u0142uszko). Koszt 450 z\u0142. doro\u015bli, a dzieci 400 z\u0142.<\/li>\n<li dir=\"auto\">U Pana Marka mo\u017cemy naby\u0107 \u201e Drogi Misyjne\u201d, czasopismo dla najm\u0142odszych \u201eSta\u015b\u201d oraz ukaza\u0142y si\u0119 nowe \u201eDrogi Mi\u0142osierdzia\u201d. Znajdziemy w nim artyku\u0142 przypominaj\u0105cy osob\u0119 i g\u0142\u00f3wne nurty pontyfikatu Papie\u017ca Franciszka, nazywanego Papie\u017cem Mi\u0142osierdzia. W miesi\u0105cu po\u015bwi\u0119conym Matce Bo\u017cej warto przeczyta\u0107 tekst pod tytu\u0142em \u201eMaj, Maryja i my\u201d, a w cyklu &#8220;Maryje Papie\u017ca Franciszka&#8221; artyku\u0142 o Matce Bo\u017cej z Guadalupe. W maju obchodzimy r\u00f3wnie\u017c jubileusz 100-lecia bia\u0142ostockiej parafii pw. \u015bw. Rocha w Bia\u0142ymstoku &#8211; zapraszamy do zapoznania si\u0119 z jej histori\u0105 i tera\u017aniejszo\u015bci\u0105, o kt\u00f3rej opowiada ksi\u0105dz proboszcz Tadeusz \u017bdanuk.<\/li>\n<li dir=\"auto\">Wszystkim naszym Parafianom i Go\u015bciom, \u017cyczymy Bo\u017cego b\u0142ogos\u0142awie\u0144stwa.<\/li>\n<\/ol>\n<\/div>\n","protected":false},"excerpt":{"rendered":"<p>Dzisiaj prze\u017cywamy Niedziel\u0119 Biblijn\u0105, kt\u00f3ra rozpoczyna Tydzie\u0144 Biblijny. Serdecznie zach\u0119camy w tym tygodniu do modlitwy S\u0142owem Bo\u017cym. W tym tygodniu: &#8211; wtorek \u2013 \u015bwi\u0119to \u015bw. Aposto\u0142\u00f3w Filipa i Jakuba &#8211; \u015broda \u2013 Adoracja od godz. 17.00 &#8211; czwartek \u2013 uroczysto\u015b\u0107 \u015bw. Stanis\u0142awa biskupa i m\u0119czennika, g\u0142\u00f3wnego patrona Polski. W nast\u0119pn\u0105<span class=\"more-link\"><a href=\"https:\/\/parafia.faustyna.bialystok.pl\/?p=2485\">Czytaj dalej<\/a><\/span><\/p>\n","protected":false},"author":1,"featured_media":1558,"comment_status":"closed","ping_status":"closed","sticky":false,"template":"","format":"standard","meta":{"footnotes":""},"categories":[3],"tags":[],"class_list":["entry","author-parafia_admin","post-2485","post","type-post","status-publish","format-standard","has-post-thumbnail","category-ogloszenia"],"_links":{"self":[{"href":"https:\/\/parafia.faustyna.bialystok.pl\/index.php?rest_route=\/wp\/v2\/posts\/2485","targetHints":{"allow":["GET"]}}],"collection":[{"href":"https:\/\/parafia.faustyna.bialystok.pl\/index.php?rest_route=\/wp\/v2\/posts"}],"about":[{"href":"https:\/\/parafia.faustyna.bialystok.pl\/index.php?rest_route=\/wp\/v2\/types\/post"}],"author":[{"embeddable":true,"href":"https:\/\/parafia.faustyna.bialystok.pl\/index.php?rest_route=\/wp\/v2\/users\/1"}],"replies":[{"embeddable":true,"href":"https:\/\/parafia.faustyna.bialystok.pl\/index.php?rest_route=%2Fwp%2Fv2%2Fcomments&post=2485"}],"version-history":[{"count":1,"href":"https:\/\/parafia.faustyna.bialystok.pl\/index.php?rest_route=\/wp\/v2\/posts\/2485\/revisions"}],"predecessor-version":[{"id":2486,"href":"https:\/\/parafia.faustyna.bialystok.pl\/index.php?rest_route=\/wp\/v2\/posts\/2485\/revisions\/2486"}],"wp:featuredmedia":[{"embeddable":true,"href":"https:\/\/parafia.faustyna.bialystok.pl\/index.php?rest_route=\/wp\/v2\/media\/1558"}],"wp:attachment":[{"href":"https:\/\/parafia.faustyna.bialystok.pl\/index.php?rest_route=%2Fwp%2Fv2%2Fmedia&parent=2485"}],"wp:term":[{"taxonomy":"category","embeddable":true,"href":"https:\/\/parafia.faustyna.bialystok.pl\/index.php?rest_route=%2Fwp%2Fv2%2Fcategories&post=2485"},{"taxonomy":"post_tag","embeddable":true,"href":"https:\/\/parafia.faustyna.bialystok.pl\/index.php?rest_route=%2Fwp%2Fv2%2Ftags&post=2485"}],"curies":[{"name":"wp","href":"https:\/\/api.w.org\/{rel}","templated":true}]}}