{"id":2492,"date":"2025-05-11T11:42:16","date_gmt":"2025-05-11T10:42:16","guid":{"rendered":"https:\/\/parafia.faustyna.bialystok.pl\/?p=2492"},"modified":"2025-05-11T11:42:16","modified_gmt":"2025-05-11T10:42:16","slug":"2025-05-11-iv-niedziela-dobrego-pasterza","status":"publish","type":"post","link":"https:\/\/parafia.faustyna.bialystok.pl\/?p=2492","title":{"rendered":"2025.05.11 \u2013 IV Niedziela Dobrego Pasterza"},"content":{"rendered":"<div class=\"x11i5rnm xat24cr x1mh8g0r x1vvkbs xtlvy1s x126k92a\">\n<ol>\n<li dir=\"auto\"><img fetchpriority=\"high\" decoding=\"async\" class=\" wp-image-1559 alignright\" src=\"https:\/\/parafia.faustyna.bialystok.pl\/wp-content\/uploads\/2024\/02\/Faustyna-241x300.jpg\" alt=\"\" width=\"503\" height=\"626\" srcset=\"https:\/\/parafia.faustyna.bialystok.pl\/wp-content\/uploads\/2024\/02\/Faustyna-241x300.jpg 241w, https:\/\/parafia.faustyna.bialystok.pl\/wp-content\/uploads\/2024\/02\/Faustyna-441x550.jpg 441w, https:\/\/parafia.faustyna.bialystok.pl\/wp-content\/uploads\/2024\/02\/Faustyna-401x500.jpg 401w, https:\/\/parafia.faustyna.bialystok.pl\/wp-content\/uploads\/2024\/02\/Faustyna.jpg 722w\" sizes=\"(max-width: 503px) 100vw, 503px\" \/>Dzisiaj \u2013 Niedziela Dobrego Pasterza. 62 \u015awiatowy Dzie\u0144 Modlitw o Powo\u0142ania. Rozpocz\u0119cie tygodnia modlitw o powo\u0142ania do s\u0142u\u017cby w Ko\u015bciele.<\/li>\n<li dir=\"auto\">W tym tygodniu:<br \/>\n&#8211; wtorek \u2013 wspomnienie NMP z Fatimy; po Mszy wieczornej Nabo\u017ce\u0144stwo Fatimskie oraz pierwsza w tym roku procesja fatimska<br \/>\n&#8211; \u015broda \u2013 \u015bwi\u0119to \u015bw. Macieja Aposto\u0142a; Adoracja od godz. 17:00<br \/>\n&#8211; pi\u0105tek \u2013 \u015bwi\u0119to \u015bw. Andrzeja Boboli, prezbitera i m\u0119czennika, patrona Polski.<\/li>\n<li dir=\"auto\">W dniach (sobota, niedziela) \u015bwi\u0119towa\u0107 b\u0119dziemy I Komuni\u0119 \u015awi\u0119t\u0105 naszych parafian. Serdecznie prosimy, aby w niedziel\u0119 o godz. 10:30 umo\u017cliwi\u0107 uczestnictwo dzieciom komunijnym i ich go\u015bciom.<\/li>\n<li dir=\"auto\">Planujemy pielgrzymk\u0119 w dniach 30, 31 maja i 1 czerwca do P\u0142ocka, W\u0142oc\u0142awka, Torunia, Lichenia, G\u00f3rki Klasztornej, \u015awinic Warckich, G\u0142ogowca, Niepokalanowa i Warszawa (gr\u00f3b b\u0142. ks. Jerzego Popie\u0142uszko). Koszt 450 z\u0142. doro\u015bli, a dzieci 400 z\u0142.<\/li>\n<li dir=\"auto\">Zapraszamy na nabo\u017ce\u0144stwa majowe, odprawiane codziennie po wieczornej Mszy \u015awi\u0119tej, natomiast w niedziele po Mszy \u015awi\u0119tej o godz. 9:00.<\/li>\n<li dir=\"auto\">U Pana Marka s\u0105 do nabycia nowe Drogi Mi\u0142osierdzia.<\/li>\n<li dir=\"auto\">\u206024.05.2025r. zapraszamy na Pielgrzymk\u0119 do Matki Bo\u017cej Gietrzwa\u0142dzkiej wi\u0119cej informacji na plakacie w gablocie i na FB.<\/li>\n<li dir=\"auto\">Wszystkim naszym Parafianom i Go\u015bciom, \u017cyczymy b\u0142ogos\u0142awie\u0144stwa Dobrego Pasterza i wstawiennictwa Matki Bo\u017cej.<\/li>\n<\/ol>\n<\/div>\n","protected":false},"excerpt":{"rendered":"<p>Dzisiaj \u2013 Niedziela Dobrego Pasterza. 62 \u015awiatowy Dzie\u0144 Modlitw o Powo\u0142ania. Rozpocz\u0119cie tygodnia modlitw o powo\u0142ania do s\u0142u\u017cby w Ko\u015bciele. W tym tygodniu: &#8211; wtorek \u2013 wspomnienie NMP z Fatimy; po Mszy wieczornej Nabo\u017ce\u0144stwo Fatimskie oraz pierwsza w tym roku procesja fatimska &#8211; \u015broda \u2013 \u015bwi\u0119to \u015bw. Macieja Aposto\u0142a; Adoracja<span class=\"more-link\"><a href=\"https:\/\/parafia.faustyna.bialystok.pl\/?p=2492\">Czytaj dalej<\/a><\/span><\/p>\n","protected":false},"author":1,"featured_media":1715,"comment_status":"closed","ping_status":"closed","sticky":false,"template":"","format":"standard","meta":{"footnotes":""},"categories":[3],"tags":[],"class_list":["entry","author-parafia_admin","post-2492","post","type-post","status-publish","format-standard","has-post-thumbnail","category-ogloszenia"],"_links":{"self":[{"href":"https:\/\/parafia.faustyna.bialystok.pl\/index.php?rest_route=\/wp\/v2\/posts\/2492","targetHints":{"allow":["GET"]}}],"collection":[{"href":"https:\/\/parafia.faustyna.bialystok.pl\/index.php?rest_route=\/wp\/v2\/posts"}],"about":[{"href":"https:\/\/parafia.faustyna.bialystok.pl\/index.php?rest_route=\/wp\/v2\/types\/post"}],"author":[{"embeddable":true,"href":"https:\/\/parafia.faustyna.bialystok.pl\/index.php?rest_route=\/wp\/v2\/users\/1"}],"replies":[{"embeddable":true,"href":"https:\/\/parafia.faustyna.bialystok.pl\/index.php?rest_route=%2Fwp%2Fv2%2Fcomments&post=2492"}],"version-history":[{"count":1,"href":"https:\/\/parafia.faustyna.bialystok.pl\/index.php?rest_route=\/wp\/v2\/posts\/2492\/revisions"}],"predecessor-version":[{"id":2493,"href":"https:\/\/parafia.faustyna.bialystok.pl\/index.php?rest_route=\/wp\/v2\/posts\/2492\/revisions\/2493"}],"wp:featuredmedia":[{"embeddable":true,"href":"https:\/\/parafia.faustyna.bialystok.pl\/index.php?rest_route=\/wp\/v2\/media\/1715"}],"wp:attachment":[{"href":"https:\/\/parafia.faustyna.bialystok.pl\/index.php?rest_route=%2Fwp%2Fv2%2Fmedia&parent=2492"}],"wp:term":[{"taxonomy":"category","embeddable":true,"href":"https:\/\/parafia.faustyna.bialystok.pl\/index.php?rest_route=%2Fwp%2Fv2%2Fcategories&post=2492"},{"taxonomy":"post_tag","embeddable":true,"href":"https:\/\/parafia.faustyna.bialystok.pl\/index.php?rest_route=%2Fwp%2Fv2%2Ftags&post=2492"}],"curies":[{"name":"wp","href":"https:\/\/api.w.org\/{rel}","templated":true}]}}