{"id":2661,"date":"2025-05-18T06:38:19","date_gmt":"2025-05-18T05:38:19","guid":{"rendered":"https:\/\/parafia.faustyna.bialystok.pl\/?p=2661"},"modified":"2025-05-18T06:38:52","modified_gmt":"2025-05-18T05:38:52","slug":"2025-05-04-v-niedziela-wielkanocna","status":"publish","type":"post","link":"https:\/\/parafia.faustyna.bialystok.pl\/?p=2661","title":{"rendered":"2025.05.18 \u2013 V Niedziela Wielkanocna"},"content":{"rendered":"<div class=\"x11i5rnm xat24cr x1mh8g0r x1vvkbs xtlvy1s x126k92a\">\n<ol>\n<li dir=\"auto\"><img fetchpriority=\"high\" decoding=\"async\" class=\" wp-image-1559 alignright\" src=\"https:\/\/parafia.faustyna.bialystok.pl\/wp-content\/uploads\/2024\/02\/Faustyna-241x300.jpg\" alt=\"\" width=\"468\" height=\"583\" srcset=\"https:\/\/parafia.faustyna.bialystok.pl\/wp-content\/uploads\/2024\/02\/Faustyna-241x300.jpg 241w, https:\/\/parafia.faustyna.bialystok.pl\/wp-content\/uploads\/2024\/02\/Faustyna-441x550.jpg 441w, https:\/\/parafia.faustyna.bialystok.pl\/wp-content\/uploads\/2024\/02\/Faustyna-401x500.jpg 401w, https:\/\/parafia.faustyna.bialystok.pl\/wp-content\/uploads\/2024\/02\/Faustyna.jpg 722w\" sizes=\"(max-width: 468px) 100vw, 468px\" \/>Cieszymy si\u0119, \u017ce dzisiaj i wczoraj 46 dzieci przyst\u0105pi\u0142o do I Komunii \u015aw.<\/li>\n<li dir=\"auto\">W tym tygodniu:<br \/>\n&#8211; wtorek \u2013 po Mszy wieczornej spotkanie Przyjaci\u00f3\u0142 Oblubie\u0144ca<br \/>\n&#8211; \u015broda \u2013 Adoracja od godz. 17.00 do 17.45<br \/>\n&#8211; czwartek &#8211; wspomnienie \u015bw. Rity, patronki ma\u0142\u017ce\u0144stw, ci\u0119\u017cko chorych i spraw beznadziejnych. Po Mszy wieczornej zapraszamy na spotkanie Rady Duszpasterskiej i Rady Parafialnej<br \/>\n&#8211; sobota \u2013 wspomnienie NMP, Wspomo\u017cycielki Wiernych. Dzie\u0144 modlitw Ko\u015bcio\u0142a Powszechnego za Ko\u015bci\u00f3\u0142 w Chinach.<\/li>\n<li dir=\"auto\">W nast\u0119pn\u0105 niedziel\u0119 o 13.30 Msza \u015aw. K\u017bR. Po Mszy spotkanie. Zapraszamy te\u017c na rocznic\u0119 I Komunii \u015aw.<\/li>\n<li dir=\"auto\">W sobot\u0119 24 maja zapraszamy na pielgrzymk\u0119 do \u015awi\u0119tej Lipki i Gietrzwa\u0142du. Wi\u0119cej informacji na plakacie.<\/li>\n<li dir=\"auto\">Planujemy pielgrzymk\u0119 w dniach 30, 31 maja i 1 czerwca do P\u0142ocka, W\u0142oc\u0142awka, Torunia, Lichenia, G\u00f3rki Klasztornej, \u015awinic Warckich, G\u0142ogowca, Niepokalanowa i Warszawa (gr\u00f3b b\u0142. ks. Jerzego Popie\u0142uszko). Koszt 450 z\u0142. doro\u015bli, a dzieci 400 z\u0142.<\/li>\n<li dir=\"auto\">Zapraszamy na nabo\u017ce\u0144stwa majowe, odprawiane codziennie po wieczornej Mszy \u015awi\u0119tej, natomiast w niedziele po Mszy \u015awi\u0119tej o godz. 9.00.<\/li>\n<li dir=\"auto\">U Pana Marka s\u0105 do nabycia nowe Drogi Mi\u0142osierdzia.<\/li>\n<li dir=\"auto\">Wszystkim naszym Parafianom i Go\u015bciom, \u017cyczymy b\u0142ogos\u0142awie\u0144stwa Bo\u017cego i wstawiennictwa Matki Bo\u017cej.<\/li>\n<\/ol>\n<\/div>\n","protected":false},"excerpt":{"rendered":"<p>Cieszymy si\u0119, \u017ce dzisiaj i wczoraj 46 dzieci przyst\u0105pi\u0142o do I Komunii \u015aw. W tym tygodniu: &#8211; wtorek \u2013 po Mszy wieczornej spotkanie Przyjaci\u00f3\u0142 Oblubie\u0144ca &#8211; \u015broda \u2013 Adoracja od godz. 17.00 do 17.45 &#8211; czwartek &#8211; wspomnienie \u015bw. Rity, patronki ma\u0142\u017ce\u0144stw, ci\u0119\u017cko chorych i spraw beznadziejnych. Po Mszy wieczornej<span class=\"more-link\"><a href=\"https:\/\/parafia.faustyna.bialystok.pl\/?p=2661\">Czytaj dalej<\/a><\/span><\/p>\n","protected":false},"author":1,"featured_media":1558,"comment_status":"closed","ping_status":"closed","sticky":false,"template":"","format":"standard","meta":{"footnotes":""},"categories":[3],"tags":[],"class_list":["entry","author-parafia_admin","post-2661","post","type-post","status-publish","format-standard","has-post-thumbnail","category-ogloszenia"],"_links":{"self":[{"href":"https:\/\/parafia.faustyna.bialystok.pl\/index.php?rest_route=\/wp\/v2\/posts\/2661","targetHints":{"allow":["GET"]}}],"collection":[{"href":"https:\/\/parafia.faustyna.bialystok.pl\/index.php?rest_route=\/wp\/v2\/posts"}],"about":[{"href":"https:\/\/parafia.faustyna.bialystok.pl\/index.php?rest_route=\/wp\/v2\/types\/post"}],"author":[{"embeddable":true,"href":"https:\/\/parafia.faustyna.bialystok.pl\/index.php?rest_route=\/wp\/v2\/users\/1"}],"replies":[{"embeddable":true,"href":"https:\/\/parafia.faustyna.bialystok.pl\/index.php?rest_route=%2Fwp%2Fv2%2Fcomments&post=2661"}],"version-history":[{"count":2,"href":"https:\/\/parafia.faustyna.bialystok.pl\/index.php?rest_route=\/wp\/v2\/posts\/2661\/revisions"}],"predecessor-version":[{"id":2663,"href":"https:\/\/parafia.faustyna.bialystok.pl\/index.php?rest_route=\/wp\/v2\/posts\/2661\/revisions\/2663"}],"wp:featuredmedia":[{"embeddable":true,"href":"https:\/\/parafia.faustyna.bialystok.pl\/index.php?rest_route=\/wp\/v2\/media\/1558"}],"wp:attachment":[{"href":"https:\/\/parafia.faustyna.bialystok.pl\/index.php?rest_route=%2Fwp%2Fv2%2Fmedia&parent=2661"}],"wp:term":[{"taxonomy":"category","embeddable":true,"href":"https:\/\/parafia.faustyna.bialystok.pl\/index.php?rest_route=%2Fwp%2Fv2%2Fcategories&post=2661"},{"taxonomy":"post_tag","embeddable":true,"href":"https:\/\/parafia.faustyna.bialystok.pl\/index.php?rest_route=%2Fwp%2Fv2%2Ftags&post=2661"}],"curies":[{"name":"wp","href":"https:\/\/api.w.org\/{rel}","templated":true}]}}