{"id":2669,"date":"2025-05-24T19:57:24","date_gmt":"2025-05-24T18:57:24","guid":{"rendered":"https:\/\/parafia.faustyna.bialystok.pl\/?p=2669"},"modified":"2025-06-01T09:39:14","modified_gmt":"2025-06-01T08:39:14","slug":"2025-05-18-vi-niedziela-wielkanocna","status":"publish","type":"post","link":"https:\/\/parafia.faustyna.bialystok.pl\/?p=2669","title":{"rendered":"2025.05.25 \u2013 VI Niedziela Wielkanocna"},"content":{"rendered":"<div class=\"wp-block-image\">\n<figure class=\"aligncenter is-resized\"><img fetchpriority=\"high\" decoding=\"async\" width=\"722\" height=\"900\" src=\"https:\/\/parafia.faustyna.bialystok.pl\/wp-content\/uploads\/2024\/02\/Faustyna.jpg\" alt=\"\" class=\"wp-image-1559\" style=\"width:460px;height:auto\" srcset=\"https:\/\/parafia.faustyna.bialystok.pl\/wp-content\/uploads\/2024\/02\/Faustyna.jpg 722w, https:\/\/parafia.faustyna.bialystok.pl\/wp-content\/uploads\/2024\/02\/Faustyna-241x300.jpg 241w, https:\/\/parafia.faustyna.bialystok.pl\/wp-content\/uploads\/2024\/02\/Faustyna-441x550.jpg 441w, https:\/\/parafia.faustyna.bialystok.pl\/wp-content\/uploads\/2024\/02\/Faustyna-401x500.jpg 401w\" sizes=\"(max-width: 722px) 100vw, 722px\" \/><\/figure>\n<\/div>\n\n\n<div class=\"x11i5rnm xat24cr x1mh8g0r x1vvkbs xtlvy1s x126k92a\">\n<ol>\n<li dir=\"auto\">W nast\u0119pn\u0105 niedziel\u0119 uroczysto\u015b\u0107 Wniebowst\u0105pienia Pa\u0144skiego. Pierwsza niedziela miesi\u0105ca, po Mszy \u015aw. o godz. 9:00 procesja eucharystyczna. Od pierwszego czerwca zapraszamy na nabo\u017ce\u0144stwa czerwcowe. W tygodniu po Mszy wieczornej, natomiast w niedziel\u0119 po Mszy o godz. 9:00.<\/li>\n<li dir=\"auto\">W tym tygodniu:<br>&#8211; w poniedzia\u0142ek, wtorek i \u015brod\u0119 dni modlitw o dobre urodzaje i za kraje g\u0142oduj\u0105ce. Pro\u015bmy Boga o deszcz i b\u0142ogos\u0142awie\u0144stwo dla rolnik\u00f3w, aby dostatek po\u017cywienia dzielonego z chrze\u015bcija\u0144sk\u0105 mi\u0142o\u015bci\u0105 zlikwidowa\u0142 kl\u0119sk\u0119 g\u0142odu na ziemi<br>&#8211; poniedzia\u0142ek \u2013 wspomnienie \u015bw. Filipa Neri. Dzie\u0144 Matki<br>&#8211; \u015broda \u2013 Adoracja od godz. 17:00<br>&#8211; pi\u0105tek \u2013 \u015bwi\u0119to (w Archidiecezji), uroczysto\u015b\u0107 (w Bazylice Archikatedralnej) Rocznicy Po\u015bwi\u0119cenia Bazyliki Archikatedralnej. Pocz\u0105tek nowenny przed uroczysto\u015bci\u0105 Zes\u0142ania Ducha \u015awi\u0119tego. Za udzia\u0142 w nowennie mo\u017cna uzyska\u0107 odpust zupe\u0142ny<br>&#8211; sobota \u2013 \u015bwi\u0119to Nawiedzenia NMP.<\/li>\n<li dir=\"auto\">Za tydzie\u0144 w niedziel\u0119, zbi\u00f3rka do puszek, na utrzymanie parafialnej \u015bwietlicy.<\/li>\n<li dir=\"auto\">U Pana Marka s\u0105 do nabycia Drogi Mi\u0142osierdzia oraz czasopismo Sta\u015b.<\/li>\n<li dir=\"auto\">W zwi\u0105zku z rozpocz\u0119tym Rokiem Jubileuszowym zapraszamy na kolejn\u0105 katechez\u0119 dla doros\u0142ych po\u015bwi\u0119con\u0105 kwestii sakramentu pokuty i pojednania pt. \u201eNadzieja Mi\u0142osierdzia\u201d. Najbli\u017csze spotkanie odb\u0119dzie si\u0119 we \u015brod\u0119 28 maja o godz. 19:00 w Centrum Wystawienniczo-Konferencyjnym Archidiecezji Bia\u0142ostockiej przy ul. Ko\u015bcielnej 1a. Tematem spotkania b\u0119dzie kontekst teologiczny i \u017cyciowy sakramentu pokuty i pojednania.<\/li>\n<li dir=\"auto\">Diakonia Ewangelizacji, Diakonia Modlitwy i Diakonia Muzyczna Ruchu \u015awiat\u0142o-\u017bycie zapraszaj\u0105 serdecznie na adoracj\u0119 pod nazw\u0105 \u201cDzie\u0144 Dziecka Bo\u017cego\u201d Odb\u0119dzie si\u0119 ona w niedziel\u0119 1.06 po Mszy o godzinie 17:00 w naszej parafii. W czasie wystawienia b\u0119dzie mo\u017cliwo\u015b\u0107 spowiedzi, a sama adoracja b\u0119dzie trwa\u0107 do godziny 19:00.<\/li>\n<li dir=\"auto\">Wszystkim \u017cyczymy b\u0142ogos\u0142awie\u0144stwa Bo\u017cego i wstawiennictwa Matki Bo\u017cej.<\/li>\n<\/ol>\n<\/div>\n\n\n\n<p><\/p>\n","protected":false},"excerpt":{"rendered":"<p>W nast\u0119pn\u0105 niedziel\u0119 uroczysto\u015b\u0107 Wniebowst\u0105pienia Pa\u0144skiego. Pierwsza niedziela miesi\u0105ca, po Mszy \u015aw. o godz. 9:00 procesja eucharystyczna. Od pierwszego czerwca zapraszamy na nabo\u017ce\u0144stwa czerwcowe. W tygodniu po Mszy wieczornej, natomiast w niedziel\u0119 po Mszy o godz. 9:00. W tym tygodniu:&#8211; w poniedzia\u0142ek, wtorek i \u015brod\u0119 dni modlitw o dobre urodzaje<span class=\"more-link\"><a href=\"https:\/\/parafia.faustyna.bialystok.pl\/?p=2669\">Czytaj dalej<\/a><\/span><\/p>\n","protected":false},"author":1,"featured_media":1558,"comment_status":"closed","ping_status":"closed","sticky":false,"template":"","format":"standard","meta":{"footnotes":""},"categories":[3],"tags":[],"class_list":["entry","author-parafia_admin","post-2669","post","type-post","status-publish","format-standard","has-post-thumbnail","category-ogloszenia"],"_links":{"self":[{"href":"https:\/\/parafia.faustyna.bialystok.pl\/index.php?rest_route=\/wp\/v2\/posts\/2669","targetHints":{"allow":["GET"]}}],"collection":[{"href":"https:\/\/parafia.faustyna.bialystok.pl\/index.php?rest_route=\/wp\/v2\/posts"}],"about":[{"href":"https:\/\/parafia.faustyna.bialystok.pl\/index.php?rest_route=\/wp\/v2\/types\/post"}],"author":[{"embeddable":true,"href":"https:\/\/parafia.faustyna.bialystok.pl\/index.php?rest_route=\/wp\/v2\/users\/1"}],"replies":[{"embeddable":true,"href":"https:\/\/parafia.faustyna.bialystok.pl\/index.php?rest_route=%2Fwp%2Fv2%2Fcomments&post=2669"}],"version-history":[{"count":3,"href":"https:\/\/parafia.faustyna.bialystok.pl\/index.php?rest_route=\/wp\/v2\/posts\/2669\/revisions"}],"predecessor-version":[{"id":2674,"href":"https:\/\/parafia.faustyna.bialystok.pl\/index.php?rest_route=\/wp\/v2\/posts\/2669\/revisions\/2674"}],"wp:featuredmedia":[{"embeddable":true,"href":"https:\/\/parafia.faustyna.bialystok.pl\/index.php?rest_route=\/wp\/v2\/media\/1558"}],"wp:attachment":[{"href":"https:\/\/parafia.faustyna.bialystok.pl\/index.php?rest_route=%2Fwp%2Fv2%2Fmedia&parent=2669"}],"wp:term":[{"taxonomy":"category","embeddable":true,"href":"https:\/\/parafia.faustyna.bialystok.pl\/index.php?rest_route=%2Fwp%2Fv2%2Fcategories&post=2669"},{"taxonomy":"post_tag","embeddable":true,"href":"https:\/\/parafia.faustyna.bialystok.pl\/index.php?rest_route=%2Fwp%2Fv2%2Ftags&post=2669"}],"curies":[{"name":"wp","href":"https:\/\/api.w.org\/{rel}","templated":true}]}}