{"id":2677,"date":"2025-06-01T09:49:46","date_gmt":"2025-06-01T08:49:46","guid":{"rendered":"https:\/\/parafia.faustyna.bialystok.pl\/?p=2677"},"modified":"2025-06-01T09:49:46","modified_gmt":"2025-06-01T08:49:46","slug":"2025-06-01-wniebowstapienmie-panskie","status":"publish","type":"post","link":"https:\/\/parafia.faustyna.bialystok.pl\/?p=2677","title":{"rendered":"2025.06.01 -Wniebowst\u0105pienmie Pa\u0144skie"},"content":{"rendered":"<p><img fetchpriority=\"high\" decoding=\"async\" class=\"aligncenter wp-image-1629 size-full\" src=\"https:\/\/parafia.faustyna.bialystok.pl\/wp-content\/uploads\/2024\/05\/wniebowstapienie.jpeg\" alt=\"\" width=\"1600\" height=\"763\" srcset=\"https:\/\/parafia.faustyna.bialystok.pl\/wp-content\/uploads\/2024\/05\/wniebowstapienie.jpeg 1600w, https:\/\/parafia.faustyna.bialystok.pl\/wp-content\/uploads\/2024\/05\/wniebowstapienie-300x143.jpeg 300w, https:\/\/parafia.faustyna.bialystok.pl\/wp-content\/uploads\/2024\/05\/wniebowstapienie-1024x488.jpeg 1024w, https:\/\/parafia.faustyna.bialystok.pl\/wp-content\/uploads\/2024\/05\/wniebowstapienie-768x366.jpeg 768w, https:\/\/parafia.faustyna.bialystok.pl\/wp-content\/uploads\/2024\/05\/wniebowstapienie-1536x732.jpeg 1536w, https:\/\/parafia.faustyna.bialystok.pl\/wp-content\/uploads\/2024\/05\/wniebowstapienie-465x222.jpeg 465w, https:\/\/parafia.faustyna.bialystok.pl\/wp-content\/uploads\/2024\/05\/wniebowstapienie-695x331.jpeg 695w\" sizes=\"(max-width: 1600px) 100vw, 1600px\" \/><\/p>\n<ol>\n<li dir=\"auto\">Dzi\u015b Uroczysto\u015b\u0107 Wniebowst\u0105pienia Pa\u0144skiego. Nasz Pan zmartwychwsta\u0142y wraca do domu Ojca, aby przygotowa\u0107 nam miejsce, do kt\u00f3rego nas zaprasza. Dzisiaj Dzie\u0144 Dziecka.<\/li>\n<li dir=\"auto\">Zbi\u00f3rka do puszek, na utrzymanie parafialnej \u015bwietlicy.<\/li>\n<li dir=\"auto\">W tym tygodniu:<br \/>\n&#8211; poniedzia\u0142ek \u2013 wspomnienie \u015bw. m\u0119czennik\u00f3w Marcelina i Piotra<br \/>\n&#8211; wtorek \u2013 wspomnienie \u015bw. m\u0119czennik\u00f3w Karola Lwangi i Towarzyszy<br \/>\n&#8211; \u015broda \u2013 Adoracja od godz. 17:00<br \/>\n&#8211; czwartek \u2013 wspomnienie \u015bw. Bonifacego, biskupa i m\u0119czennika. Pierwszy czwartek miesi\u0105ca. Od 23:00 \u2013 24:00 Godzina \u015awi\u0119ta. Dzie\u0144 Modlitw o U\u015bwi\u0119cenie Kap\u0142an\u00f3w, kt\u00f3ry odb\u0119dzie si\u0119 5 czerwca 2025 r. w Archikatedrze Bia\u0142ostockiej. Ks. Arcybiskup zaprasza wiernych, do uczestnictwa w Eucharystii o godz. 12.00 w Archikatedrze Bia\u0142ostockiej, a tak\u017ce by szczeg\u00f3lnie ogarn\u0119li modlitw\u0105 kap\u0142an\u00f3w w ten dzie\u0144<br \/>\n&#8211; pi\u0105tek \u2013 pierwszy pi\u0105tek miesi\u0105ca<br \/>\n-sobota \u2013 pierwsza sobota miesi\u0105ca, Nabo\u017ce\u0144stwo pierwszosobotnie po wieczornej Mszy \u015aw.<\/li>\n<li dir=\"auto\">Za tydzie\u0144 w niedziel\u0119, uroczysto\u015b\u0107 Zes\u0142ania Ducha \u015awi\u0119tego. Przypominamy o ko\u0144cz\u0105cym si\u0119 czasie spowiedzi i Komunii \u015aw. wielkanocnej w uroczysto\u015b\u0107 Tr\u00f3jcy \u015awi\u0119tej (15.06).<\/li>\n<li dir=\"auto\">Zapraszamy na nabo\u017ce\u0144stwa czerwcowe, odprawiane codziennie po wieczornej Mszy \u015awi\u0119tej, natomiast w niedziele po Mszy \u015awi\u0119tej o godz. 9:00.<\/li>\n<li dir=\"auto\">W nast\u0119pn\u0105 niedziel\u0119 na Msz\u0119 \u015aw. o godz. 13:30 zapraszamy m\u0142odzie\u017c przygotowuj\u0105c\u0105 si\u0119 do sakramentu bierzmowania.<\/li>\n<li dir=\"auto\">U Pana Marka s\u0105 do nabycia nowe Drogi Mi\u0142osierdzia i czasopismo Sta\u015b.<\/li>\n<li dir=\"auto\">Niech dobry B\u00f3g wszystkim nam b\u0142ogos\u0142awi i powadzi w codzienno\u015bci.<\/li>\n<\/ol>\n","protected":false},"excerpt":{"rendered":"<p>Dzi\u015b Uroczysto\u015b\u0107 Wniebowst\u0105pienia Pa\u0144skiego. Nasz Pan zmartwychwsta\u0142y wraca do domu Ojca, aby przygotowa\u0107 nam miejsce, do kt\u00f3rego nas zaprasza. Dzisiaj Dzie\u0144 Dziecka. Zbi\u00f3rka do puszek, na utrzymanie parafialnej \u015bwietlicy. W tym tygodniu: &#8211; poniedzia\u0142ek \u2013 wspomnienie \u015bw. m\u0119czennik\u00f3w Marcelina i Piotra &#8211; wtorek \u2013 wspomnienie \u015bw. m\u0119czennik\u00f3w Karola Lwangi i<span class=\"more-link\"><a href=\"https:\/\/parafia.faustyna.bialystok.pl\/?p=2677\">Czytaj dalej<\/a><\/span><\/p>\n","protected":false},"author":1,"featured_media":1628,"comment_status":"closed","ping_status":"closed","sticky":false,"template":"","format":"standard","meta":{"footnotes":""},"categories":[3],"tags":[],"class_list":["entry","author-parafia_admin","post-2677","post","type-post","status-publish","format-standard","has-post-thumbnail","category-ogloszenia"],"_links":{"self":[{"href":"https:\/\/parafia.faustyna.bialystok.pl\/index.php?rest_route=\/wp\/v2\/posts\/2677","targetHints":{"allow":["GET"]}}],"collection":[{"href":"https:\/\/parafia.faustyna.bialystok.pl\/index.php?rest_route=\/wp\/v2\/posts"}],"about":[{"href":"https:\/\/parafia.faustyna.bialystok.pl\/index.php?rest_route=\/wp\/v2\/types\/post"}],"author":[{"embeddable":true,"href":"https:\/\/parafia.faustyna.bialystok.pl\/index.php?rest_route=\/wp\/v2\/users\/1"}],"replies":[{"embeddable":true,"href":"https:\/\/parafia.faustyna.bialystok.pl\/index.php?rest_route=%2Fwp%2Fv2%2Fcomments&post=2677"}],"version-history":[{"count":1,"href":"https:\/\/parafia.faustyna.bialystok.pl\/index.php?rest_route=\/wp\/v2\/posts\/2677\/revisions"}],"predecessor-version":[{"id":2678,"href":"https:\/\/parafia.faustyna.bialystok.pl\/index.php?rest_route=\/wp\/v2\/posts\/2677\/revisions\/2678"}],"wp:featuredmedia":[{"embeddable":true,"href":"https:\/\/parafia.faustyna.bialystok.pl\/index.php?rest_route=\/wp\/v2\/media\/1628"}],"wp:attachment":[{"href":"https:\/\/parafia.faustyna.bialystok.pl\/index.php?rest_route=%2Fwp%2Fv2%2Fmedia&parent=2677"}],"wp:term":[{"taxonomy":"category","embeddable":true,"href":"https:\/\/parafia.faustyna.bialystok.pl\/index.php?rest_route=%2Fwp%2Fv2%2Fcategories&post=2677"},{"taxonomy":"post_tag","embeddable":true,"href":"https:\/\/parafia.faustyna.bialystok.pl\/index.php?rest_route=%2Fwp%2Fv2%2Ftags&post=2677"}],"curies":[{"name":"wp","href":"https:\/\/api.w.org\/{rel}","templated":true}]}}