{"id":2679,"date":"2025-06-08T10:42:41","date_gmt":"2025-06-08T09:42:41","guid":{"rendered":"https:\/\/parafia.faustyna.bialystok.pl\/?p=2679"},"modified":"2025-06-08T10:44:15","modified_gmt":"2025-06-08T09:44:15","slug":"2025-06-08-zeslanie-ducha-swietego","status":"publish","type":"post","link":"https:\/\/parafia.faustyna.bialystok.pl\/?p=2679","title":{"rendered":"2025.06.08 &#8211; Zes\u0142anie Ducha \u015awi\u0119tego"},"content":{"rendered":"\t\t<div data-elementor-type=\"wp-post\" data-elementor-id=\"2679\" class=\"elementor elementor-2679\">\n\t\t\t\t<div class=\"elementor-element elementor-element-17e8ec49 e-flex e-con-boxed e-con e-parent\" data-id=\"17e8ec49\" data-element_type=\"container\" data-e-type=\"container\">\n\t\t\t\t\t<div class=\"e-con-inner\">\n\t\t\t\t<div class=\"elementor-element elementor-element-6a8867c8 elementor-widget elementor-widget-text-editor\" data-id=\"6a8867c8\" data-element_type=\"widget\" data-e-type=\"widget\" data-widget_type=\"text-editor.default\">\n\t\t\t\t<div class=\"elementor-widget-container\">\n\t\t\t\t\t\t\t\t\t<div class=\"x14z9mp xat24cr x1lziwak x1vvkbs xtlvy1s x126k92a\">\r\n<p style=\"text-align: center;\"><img fetchpriority=\"high\" decoding=\"async\" class=\"aligncenter wp-image-1304 size-full\" src=\"https:\/\/parafia.faustyna.bialystok.pl\/wp-content\/uploads\/2023\/05\/DuchSwiety.jpg\" alt=\"\" width=\"1200\" height=\"675\" srcset=\"https:\/\/parafia.faustyna.bialystok.pl\/wp-content\/uploads\/2023\/05\/DuchSwiety.jpg 1200w, https:\/\/parafia.faustyna.bialystok.pl\/wp-content\/uploads\/2023\/05\/DuchSwiety-300x169.jpg 300w, https:\/\/parafia.faustyna.bialystok.pl\/wp-content\/uploads\/2023\/05\/DuchSwiety-1024x576.jpg 1024w, https:\/\/parafia.faustyna.bialystok.pl\/wp-content\/uploads\/2023\/05\/DuchSwiety-768x432.jpg 768w, https:\/\/parafia.faustyna.bialystok.pl\/wp-content\/uploads\/2023\/05\/DuchSwiety-465x262.jpg 465w, https:\/\/parafia.faustyna.bialystok.pl\/wp-content\/uploads\/2023\/05\/DuchSwiety-695x391.jpg 695w\" sizes=\"(max-width: 1200px) 100vw, 1200px\" \/><\/p>\r\n\r\n<ol>\r\n \t<li dir=\"auto\">Dzi\u015b wspominamy dzie\u0144, kiedy na zgromadzonych w Wieczerniku Aposto\u0142\u00f3w zst\u0105pi\u0142 Duch \u015awi\u0119ty pod postaci\u0105 ognistych j\u0119zyk\u00f3w. Dzi\u0119ki Jego mocy uczniowie wyszli z Wieczernika, aby g\u0142osi\u0107 ca\u0142emu \u015bwiatu or\u0119dzie zbawienia. Niech nas umacnia swoimi darami, aby\u015bmy byli prawdziwymi \u015bwiadkami Chrystusa w dzisiejszym \u015bwiecie. Dzisiaj mo\u017cna uzyska\u0107 odpust zupe\u0142ny za uczestnictwo w \u015bpiewie lub recytacji hymnu \u201eO Stworzycielu Duchu, przyjd\u017a\u201d.<\/li>\r\n \t<li dir=\"auto\">W tym tygodniu:\r\n&#8211; w poniedzia\u0142ek \u2013 \u015bwi\u0119to NMP, Matki Ko\u015bcio\u0142a\r\n&#8211; \u015broda \u2013 wspomnienie \u015bw. Barnaby, Aposto\u0142a. Adoracja od godz. 17:00\r\n&#8211; czwartek \u2013 \u015bwi\u0119to Jezusa Chrystusa Najwy\u017cszego Kap\u0142ana. Dzie\u0144 modlitw o u\u015bwi\u0119cenia kap\u0142an\u00f3w\r\n&#8211; pi\u0105tek \u2013 wspomnienie \u015bw. Antoniego z Padwy, prezbitera i doktora Ko\u015bcio\u0142a. 13 dzie\u0144 miesi\u0105ca \u2013 Nabo\u017ce\u0144stwo Fatimskie po wieczornej Mszy \u015aw.\r\n&#8211; sobota \u2013 wspomnienie b\u0142. Micha\u0142a Kozala, biskupa i m\u0119czennika.<\/li>\r\n \t<li dir=\"auto\">W nast\u0119pn\u0105 niedziel\u0119 uroczysto\u015b\u0107 Naj\u015bwi\u0119tszej Tr\u00f3jcy. Zako\u0144czenie czasu Komunii \u015aw. wielkanocnej. Puszka na uczelnie katolickie. Pielgrzymowanie Szlakiem b\u0142. Micha\u0142a Sopo\u0107ki. Pocz\u0105tek godz. 18:00 kaplica przy ul. Orzeszkowej. Przej\u015bcie do ko\u015bcio\u0142a pw. \u015bw. Wojciecha.<\/li>\r\n \t<li dir=\"auto\">Zapraszamy na nabo\u017ce\u0144stwa czerwcowe, odprawiane codziennie po wieczornej Mszy \u015awi\u0119tej, natomiast w niedziele po Mszy \u015awi\u0119tej o godz. 9:00.<\/li>\r\n \t<li dir=\"auto\">U Pana Marka s\u0105 do nabycia nowe Drogi Mi\u0142osierdzia i czasopismo Sta\u015b.<\/li>\r\n \t<li dir=\"auto\">Niech wszystkich nas b\u0142ogos\u0142awi Dobry B\u00f3g, a Duch \u015awi\u0119ty prowadzi w naszej codzienno\u015bci.<\/li>\r\n<\/ol>\r\n<\/div>\t\t\t\t\t\t\t\t<\/div>\n\t\t\t\t<\/div>\n\t\t\t\t\t<\/div>\n\t\t\t\t<\/div>\n\t\t\t\t<\/div>\n\t\t","protected":false},"excerpt":{"rendered":"<p>Dzi\u015b wspominamy dzie\u0144, kiedy na zgromadzonych w Wieczerniku Aposto\u0142\u00f3w zst\u0105pi\u0142 Duch \u015awi\u0119ty pod postaci\u0105 ognistych j\u0119zyk\u00f3w. Dzi\u0119ki Jego mocy uczniowie wyszli z Wieczernika, aby g\u0142osi\u0107 ca\u0142emu \u015bwiatu or\u0119dzie zbawienia. Niech nas umacnia swoimi darami, aby\u015bmy byli prawdziwymi \u015bwiadkami Chrystusa w dzisiejszym \u015bwiecie. Dzisiaj mo\u017cna uzyska\u0107 odpust zupe\u0142ny za uczestnictwo w<span class=\"more-link\"><a href=\"https:\/\/parafia.faustyna.bialystok.pl\/?p=2679\">Czytaj dalej<\/a><\/span><\/p>\n","protected":false},"author":1,"featured_media":1303,"comment_status":"closed","ping_status":"closed","sticky":false,"template":"","format":"standard","meta":{"footnotes":""},"categories":[3],"tags":[],"class_list":["entry","author-parafia_admin","post-2679","post","type-post","status-publish","format-standard","has-post-thumbnail","category-ogloszenia"],"_links":{"self":[{"href":"https:\/\/parafia.faustyna.bialystok.pl\/index.php?rest_route=\/wp\/v2\/posts\/2679","targetHints":{"allow":["GET"]}}],"collection":[{"href":"https:\/\/parafia.faustyna.bialystok.pl\/index.php?rest_route=\/wp\/v2\/posts"}],"about":[{"href":"https:\/\/parafia.faustyna.bialystok.pl\/index.php?rest_route=\/wp\/v2\/types\/post"}],"author":[{"embeddable":true,"href":"https:\/\/parafia.faustyna.bialystok.pl\/index.php?rest_route=\/wp\/v2\/users\/1"}],"replies":[{"embeddable":true,"href":"https:\/\/parafia.faustyna.bialystok.pl\/index.php?rest_route=%2Fwp%2Fv2%2Fcomments&post=2679"}],"version-history":[{"count":4,"href":"https:\/\/parafia.faustyna.bialystok.pl\/index.php?rest_route=\/wp\/v2\/posts\/2679\/revisions"}],"predecessor-version":[{"id":2683,"href":"https:\/\/parafia.faustyna.bialystok.pl\/index.php?rest_route=\/wp\/v2\/posts\/2679\/revisions\/2683"}],"wp:featuredmedia":[{"embeddable":true,"href":"https:\/\/parafia.faustyna.bialystok.pl\/index.php?rest_route=\/wp\/v2\/media\/1303"}],"wp:attachment":[{"href":"https:\/\/parafia.faustyna.bialystok.pl\/index.php?rest_route=%2Fwp%2Fv2%2Fmedia&parent=2679"}],"wp:term":[{"taxonomy":"category","embeddable":true,"href":"https:\/\/parafia.faustyna.bialystok.pl\/index.php?rest_route=%2Fwp%2Fv2%2Fcategories&post=2679"},{"taxonomy":"post_tag","embeddable":true,"href":"https:\/\/parafia.faustyna.bialystok.pl\/index.php?rest_route=%2Fwp%2Fv2%2Ftags&post=2679"}],"curies":[{"name":"wp","href":"https:\/\/api.w.org\/{rel}","templated":true}]}}