{"id":2685,"date":"2025-06-15T09:49:27","date_gmt":"2025-06-15T08:49:27","guid":{"rendered":"https:\/\/parafia.faustyna.bialystok.pl\/?p=2685"},"modified":"2025-06-15T09:49:27","modified_gmt":"2025-06-15T08:49:27","slug":"2025-06-15-uroczystosc-najswietszej-trojcy","status":"publish","type":"post","link":"https:\/\/parafia.faustyna.bialystok.pl\/?p=2685","title":{"rendered":"2025.06.15 &#8211; Uroczysto\u015b\u0107 Naj\u015bwi\u0119tszej Tr\u00f3jcy"},"content":{"rendered":"<p><img fetchpriority=\"high\" decoding=\"async\" class=\"wp-image-2687 size-full aligncenter\" src=\"https:\/\/parafia.faustyna.bialystok.pl\/wp-content\/uploads\/2025\/06\/Trojca.jpg\" alt=\"\" width=\"1000\" height=\"1000\" srcset=\"https:\/\/parafia.faustyna.bialystok.pl\/wp-content\/uploads\/2025\/06\/Trojca.jpg 1000w, https:\/\/parafia.faustyna.bialystok.pl\/wp-content\/uploads\/2025\/06\/Trojca-300x300.jpg 300w, https:\/\/parafia.faustyna.bialystok.pl\/wp-content\/uploads\/2025\/06\/Trojca-150x150.jpg 150w, https:\/\/parafia.faustyna.bialystok.pl\/wp-content\/uploads\/2025\/06\/Trojca-768x768.jpg 768w, https:\/\/parafia.faustyna.bialystok.pl\/wp-content\/uploads\/2025\/06\/Trojca-465x465.jpg 465w, https:\/\/parafia.faustyna.bialystok.pl\/wp-content\/uploads\/2025\/06\/Trojca-500x500.jpg 500w, https:\/\/parafia.faustyna.bialystok.pl\/wp-content\/uploads\/2025\/06\/Trojca-65x65.jpg 65w\" sizes=\"(max-width: 1000px) 100vw, 1000px\" \/><\/p>\n<div class=\"x14z9mp xat24cr x1lziwak x1vvkbs xtlvy1s x126k92a\">\n<ol>\n<li dir=\"auto\">Uroczysto\u015b\u0107 Naj\u015bwi\u0119tszej Tr\u00f3jcy. Zako\u0144czenie okresu spowiedzi i Komunii \u015aw. wielkanocnej. Puszka na uczelnie katolickie.<\/li>\n<li dir=\"auto\">Zapraszamy na nabo\u017ce\u0144stwa czerwcowe. W tygodniu po Mszy wieczornej, natomiast w niedziel\u0119 po Mszy o godz. 9:00.<\/li>\n<li dir=\"auto\">W tym tygodniu:<br \/>\n&#8211; wtorek \u2013 wspomnienie \u015bw. Brata Alberta Chmielowskiego, zakonnika<br \/>\n&#8211; \u015broda \u2013 Adoracja od godz. 17:00<br \/>\n&#8211; sobota \u2013 wspomnienie \u015bw. Alojzego Gonzagi, zakonnika.<\/li>\n<li dir=\"auto\">W czwartek Uroczysto\u015b\u0107 Naj\u015bwi\u0119tszego Cia\u0142a i Krwi Chrystusa czyli Bo\u017ce Cia\u0142o. Udzia\u0142 w procesji eucharystycznej jest publicznym wyznaniem wiary w to, \u017ce Jezus jest w\u015br\u00f3d nas. W\u0142\u0105czmy si\u0119 czynnie w przygotowanie procesji, niech b\u0119dzie to wyrazem naszej mi\u0142o\u015bci do Zbawiciela. Zapraszamy do niesienia chor\u0105gwi i innych emblemat\u00f3w procesyjnych. Rodzic\u00f3w bardzo prosimy, by zatroszczyli si\u0119 o udzia\u0142 dzieci w procesji. Prosimy te\u017c o nieparkowanie samochod\u00f3w na ulicach, po kt\u00f3rych przejdzie procesja. Tego dnia w naszym ko\u015bciele Msze \u015awi\u0119te b\u0119d\u0105 o 7:00; 9:00 i 10:30, po kt\u00f3rej ruszy procesja.<\/li>\n<li dir=\"auto\">W oktawie Bo\u017cego Cia\u0142a zapraszamy codziennie po Mszy wieczornej (opr\u00f3cz niedzieli) na nieszpory eucharystyczne, po\u0142\u0105czone z nabo\u017ce\u0144stwem czerwcowym. W pi\u0105tek po Bo\u017cym Ciele nie obowi\u0105zuje wstrzemi\u0119\u017aliwo\u015b\u0107 od pokarm\u00f3w mi\u0119snych na podstawie dyspensy Arcybiskupa, Metropolity Bia\u0142ostockiego. Dyspensa dotyczy wiernych Archidiecezji Bia\u0142ostockiej oraz innych wiernych w tym dniu przebywaj\u0105cych na terenie Archidiecezji. Korzystaj\u0105cy z tej dyspensy s\u0105 zobowi\u0105zani do zado\u015b\u0107uczynienia w formie modlitwy w intencji o pok\u00f3j na \u015bwiecie (dziesi\u0105tek r\u00f3\u017ca\u0144ca) lub dowolnej ja\u0142mu\u017cny na rzecz potrzebuj\u0105cych lub ubogich.<\/li>\n<li dir=\"auto\">W poniedzia\u0142ek po Mszy wieczornej zapraszamy na spotkanie organizacyjne zwi\u0105zane z Bo\u017cym Cia\u0142em, Rad\u0119 Duszpastersk\u0105 oraz wszystkich, kt\u00f3rzy chc\u0105 si\u0119 w\u0142\u0105czy\u0107 w przygotowanie procesji.<\/li>\n<li dir=\"auto\">U Pana Marka s\u0105 do nabycia Drogi Mi\u0142osierdzia i czasopismo Sta\u015b.<\/li>\n<li dir=\"auto\">Niech wszystkich nas b\u0142ogos\u0142awi Dobry B\u00f3g, a Naj\u015bwi\u0119tsza Tr\u00f3jca prowadzi w naszej codzienno\u015bci.<\/li>\n<\/ol>\n<\/div>\n","protected":false},"excerpt":{"rendered":"<p>Uroczysto\u015b\u0107 Naj\u015bwi\u0119tszej Tr\u00f3jcy. Zako\u0144czenie okresu spowiedzi i Komunii \u015aw. wielkanocnej. Puszka na uczelnie katolickie. Zapraszamy na nabo\u017ce\u0144stwa czerwcowe. W tygodniu po Mszy wieczornej, natomiast w niedziel\u0119 po Mszy o godz. 9:00. W tym tygodniu: &#8211; wtorek \u2013 wspomnienie \u015bw. Brata Alberta Chmielowskiego, zakonnika &#8211; \u015broda \u2013 Adoracja od godz. 17:00<span class=\"more-link\"><a href=\"https:\/\/parafia.faustyna.bialystok.pl\/?p=2685\">Czytaj dalej<\/a><\/span><\/p>\n","protected":false},"author":1,"featured_media":2686,"comment_status":"closed","ping_status":"closed","sticky":false,"template":"","format":"standard","meta":{"footnotes":""},"categories":[3],"tags":[],"class_list":["entry","author-parafia_admin","post-2685","post","type-post","status-publish","format-standard","has-post-thumbnail","category-ogloszenia"],"_links":{"self":[{"href":"https:\/\/parafia.faustyna.bialystok.pl\/index.php?rest_route=\/wp\/v2\/posts\/2685","targetHints":{"allow":["GET"]}}],"collection":[{"href":"https:\/\/parafia.faustyna.bialystok.pl\/index.php?rest_route=\/wp\/v2\/posts"}],"about":[{"href":"https:\/\/parafia.faustyna.bialystok.pl\/index.php?rest_route=\/wp\/v2\/types\/post"}],"author":[{"embeddable":true,"href":"https:\/\/parafia.faustyna.bialystok.pl\/index.php?rest_route=\/wp\/v2\/users\/1"}],"replies":[{"embeddable":true,"href":"https:\/\/parafia.faustyna.bialystok.pl\/index.php?rest_route=%2Fwp%2Fv2%2Fcomments&post=2685"}],"version-history":[{"count":1,"href":"https:\/\/parafia.faustyna.bialystok.pl\/index.php?rest_route=\/wp\/v2\/posts\/2685\/revisions"}],"predecessor-version":[{"id":2688,"href":"https:\/\/parafia.faustyna.bialystok.pl\/index.php?rest_route=\/wp\/v2\/posts\/2685\/revisions\/2688"}],"wp:featuredmedia":[{"embeddable":true,"href":"https:\/\/parafia.faustyna.bialystok.pl\/index.php?rest_route=\/wp\/v2\/media\/2686"}],"wp:attachment":[{"href":"https:\/\/parafia.faustyna.bialystok.pl\/index.php?rest_route=%2Fwp%2Fv2%2Fmedia&parent=2685"}],"wp:term":[{"taxonomy":"category","embeddable":true,"href":"https:\/\/parafia.faustyna.bialystok.pl\/index.php?rest_route=%2Fwp%2Fv2%2Fcategories&post=2685"},{"taxonomy":"post_tag","embeddable":true,"href":"https:\/\/parafia.faustyna.bialystok.pl\/index.php?rest_route=%2Fwp%2Fv2%2Ftags&post=2685"}],"curies":[{"name":"wp","href":"https:\/\/api.w.org\/{rel}","templated":true}]}}