{"id":2689,"date":"2025-06-15T10:00:10","date_gmt":"2025-06-15T09:00:10","guid":{"rendered":"https:\/\/parafia.faustyna.bialystok.pl\/?p=2689"},"modified":"2025-06-15T10:00:10","modified_gmt":"2025-06-15T09:00:10","slug":"2025-06-07-pielgrzymka-dzieci-pierszwokomunijnych-do-sokolki","status":"publish","type":"post","link":"https:\/\/parafia.faustyna.bialystok.pl\/?p=2689","title":{"rendered":"2025.06.07 &#8211; Pielgrzymka dzieci pierszwokomunijnych do Sok\u00f3\u0142ki"},"content":{"rendered":"\n<p>W ubieg\u0142\u0105 sobot\u0119 dzieci pierwszokomunijne z naszej parafii wraz z rodzicami i ks. Proboszczem uczestniczy\u0142y w dorocznej Pielgrzymce dzieci pierwszokomunijnych do <a><\/a>Sanktuarium Naj\u015bwi\u0119tszego Sakramentu w Sok\u00f3\u0142ce <img decoding=\"async\" height=\"16\" width=\"16\" alt=\"&#x1f607;\" src=\"https:\/\/static.xx.fbcdn.net\/images\/emoji.php\/v9\/t55\/1\/16\/1f607.png\"><\/p>\n\n\n\n<p>Na wsp\u00f3lnej modlitwie przed sok\u00f3lsk\u0105 kolegiat\u0105 zgromadzi\u0142o si\u0119 blisko 700 dzieci wraz z rodzicami z 23 parafii archidiecezji bia\u0142ostockiej, diecezji \u0142om\u017cy\u0144skiej, e\u0142ckiej i warszawsko-praskiej <img decoding=\"async\" height=\"16\" width=\"16\" alt=\"&#x263a;\" src=\"https:\/\/static.xx.fbcdn.net\/images\/emoji.php\/v9\/tfb\/1\/16\/263a.png\"><\/p>\n\n\n\n<p>Dzi\u0119kujemy za wsp\u00f3lne pielgrzymowanie i wsp\u00f3ln\u0105 modlitw\u0119 <img decoding=\"async\" height=\"16\" width=\"16\" alt=\"&#x1f607;\" src=\"https:\/\/static.xx.fbcdn.net\/images\/emoji.php\/v9\/t55\/1\/16\/1f607.png\"><\/p>\n\n\n\n<div class=\"awp_center awl-ag-row\"><div class=\"awl-ag-col\" style=\"flex:0 0 100%;max-width:100%;\">\t\t<div id=\"album_gallery_2691\"\n\t\t\tclass=\"awl-ag-col col-lg-4 col-md-4 col-sm-4 col-xs-6 album-gallery nag-gallery-container lg-id-2691\"\n\t\t\tstyle=\"--ag-title-color: #000000; --ag-title-size: 20px; --ag-lb-title-size: 16px; \"\n\t\t\tdata-gallery-json=\"[{&quot;src&quot;:&quot;https:\\\/\\\/parafia.faustyna.bialystok.pl\\\/wp-content\\\/uploads\\\/2025\\\/06\\\/505311661_1024160389884914_2805204818498981992_n.jpg&quot;,&quot;thumb&quot;:&quot;https:\\\/\\\/parafia.faustyna.bialystok.pl\\\/wp-content\\\/uploads\\\/2025\\\/06\\\/505311661_1024160389884914_2805204818498981992_n-150x150.jpg&quot;,&quot;subHtml&quot;:&quot; &quot;},{&quot;src&quot;:&quot;https:\\\/\\\/parafia.faustyna.bialystok.pl\\\/wp-content\\\/uploads\\\/2025\\\/06\\\/505819560_1024160396551580_2822671224968524434_n.jpg&quot;,&quot;thumb&quot;:&quot;https:\\\/\\\/parafia.faustyna.bialystok.pl\\\/wp-content\\\/uploads\\\/2025\\\/06\\\/505819560_1024160396551580_2822671224968524434_n-150x150.jpg&quot;,&quot;subHtml&quot;:&quot; &quot;},{&quot;src&quot;:&quot;https:\\\/\\\/parafia.faustyna.bialystok.pl\\\/wp-content\\\/uploads\\\/2025\\\/06\\\/505810192_1024160186551601_8628045695492842013_n.jpg&quot;,&quot;thumb&quot;:&quot;https:\\\/\\\/parafia.faustyna.bialystok.pl\\\/wp-content\\\/uploads\\\/2025\\\/06\\\/505810192_1024160186551601_8628045695492842013_n-150x150.jpg&quot;,&quot;subHtml&quot;:&quot; &quot;},{&quot;src&quot;:&quot;https:\\\/\\\/parafia.faustyna.bialystok.pl\\\/wp-content\\\/uploads\\\/2025\\\/06\\\/506697950_1024160386551581_8404393865433168345_n.jpg&quot;,&quot;thumb&quot;:&quot;https:\\\/\\\/parafia.faustyna.bialystok.pl\\\/wp-content\\\/uploads\\\/2025\\\/06\\\/506697950_1024160386551581_8404393865433168345_n-150x150.jpg&quot;,&quot;subHtml&quot;:&quot; &quot;},{&quot;src&quot;:&quot;https:\\\/\\\/parafia.faustyna.bialystok.pl\\\/wp-content\\\/uploads\\\/2025\\\/06\\\/506018745_1024160183218268_3712778796935156026_n.jpg&quot;,&quot;thumb&quot;:&quot;https:\\\/\\\/parafia.faustyna.bialystok.pl\\\/wp-content\\\/uploads\\\/2025\\\/06\\\/506018745_1024160183218268_3712778796935156026_n-150x150.jpg&quot;,&quot;subHtml&quot;:&quot; &quot;},{&quot;src&quot;:&quot;https:\\\/\\\/parafia.faustyna.bialystok.pl\\\/wp-content\\\/uploads\\\/2025\\\/06\\\/505837707_1024160473218239_9018933597876513835_n.jpg&quot;,&quot;thumb&quot;:&quot;https:\\\/\\\/parafia.faustyna.bialystok.pl\\\/wp-content\\\/uploads\\\/2025\\\/06\\\/505837707_1024160473218239_9018933597876513835_n-150x150.jpg&quot;,&quot;subHtml&quot;:&quot; &quot;},{&quot;src&quot;:&quot;https:\\\/\\\/parafia.faustyna.bialystok.pl\\\/wp-content\\\/uploads\\\/2025\\\/06\\\/505418707_1024160533218233_2115346140676930466_n.jpg&quot;,&quot;thumb&quot;:&quot;https:\\\/\\\/parafia.faustyna.bialystok.pl\\\/wp-content\\\/uploads\\\/2025\\\/06\\\/505418707_1024160533218233_2115346140676930466_n-150x150.jpg&quot;,&quot;subHtml&quot;:&quot; &quot;},{&quot;src&quot;:&quot;https:\\\/\\\/parafia.faustyna.bialystok.pl\\\/wp-content\\\/uploads\\\/2025\\\/06\\\/505877007_1024160463218240_8945592109400496348_n.jpg&quot;,&quot;thumb&quot;:&quot;https:\\\/\\\/parafia.faustyna.bialystok.pl\\\/wp-content\\\/uploads\\\/2025\\\/06\\\/505877007_1024160463218240_8945592109400496348_n-150x150.jpg&quot;,&quot;subHtml&quot;:&quot; &quot;}]\"\n\t\t\tdata-lg-config='{&quot;loop&quot;:true,&quot;thumbnail&quot;:true,&quot;autoplay&quot;:false,&quot;pause&quot;:3000,&quot;addClass&quot;:&quot;lg-id-2691&quot;}'>\n\n\t\t\t<div class=\"album_wrapper nag-album-cover\">\n\t\t\t\t\n\t\t\t\t\t\t\t\t\t<div class=\"album_title_div\">\n\t\t\t\t\t\t<p class=\"album_title-dynamic\">2025.06.07 &#8211; Pielgrzymka dzieci pierwszokomunijnych do Sok\u00f3\u0142ki<\/p>\n\t\t\t\t\t<\/div>\n\t\t\t\t\n\t\t\t\t\n\t\t\t\t\t\t\t\t\t<a href=\"https:\/\/parafia.faustyna.bialystok.pl\/wp-content\/uploads\/2025\/06\/505311661_1024160389884914_2805204818498981992_n.jpg\" data-type=\"image\" class=\"nag-trigger\" title=\"505311661_1024160389884914_2805204818498981992_n\">\n\t\t\t\t\t\t<div class=\"group\">\n\t\t\t\t\t\t\t<div class=\"stack twisted animated wobble\">\n\t\t\t\t\t\t\t\t<div class=\"nag-skeleton nag-loading\">\n\t\t\t\t\t\t\t\t\t<img decoding=\"async\" src=\"https:\/\/parafia.faustyna.bialystok.pl\/wp-content\/uploads\/2025\/06\/505311661_1024160389884914_2805204818498981992_n-300x225.jpg\" alt=\"505311661_1024160389884914_2805204818498981992_n\">\n\t\t\t\t\t\t\t\t<\/div>\n\t\t\t\t\t\t\t<\/div>\n\t\t\t\t\t\t<\/div>\n\t\t\t\t\t<\/a>\n\t\t\t\t\t\t<\/div>\n\t\t<\/div>\n<\/div><\/div>\n\n\n\n<p><\/p>\n","protected":false},"excerpt":{"rendered":"<p>W ubieg\u0142\u0105 sobot\u0119 dzieci pierwszokomunijne z naszej parafii wraz z rodzicami i ks. Proboszczem uczestniczy\u0142y w dorocznej Pielgrzymce dzieci pierwszokomunijnych do Sanktuarium Naj\u015bwi\u0119tszego Sakramentu w Sok\u00f3\u0142ce Na wsp\u00f3lnej modlitwie przed sok\u00f3lsk\u0105 kolegiat\u0105 zgromadzi\u0142o si\u0119 blisko 700 dzieci wraz z rodzicami z 23 parafii archidiecezji bia\u0142ostockiej, diecezji \u0142om\u017cy\u0144skiej, e\u0142ckiej i warszawsko-praskiej<span class=\"more-link\"><a href=\"https:\/\/parafia.faustyna.bialystok.pl\/?album_gallery=2025-06-07-pielgrzymka-dzieci-pierwszokomunijnych-do-sokolki\">Czytaj dalej<\/a><\/span><\/p>\n","protected":false},"author":1,"featured_media":2694,"comment_status":"closed","ping_status":"closed","sticky":false,"template":"","format":"standard","meta":{"footnotes":""},"categories":[2],"tags":[],"class_list":["entry","author-parafia_admin","post-2689","post","type-post","status-publish","format-standard","has-post-thumbnail","category-wydarzenia"],"_links":{"self":[{"href":"https:\/\/parafia.faustyna.bialystok.pl\/index.php?rest_route=\/wp\/v2\/posts\/2689","targetHints":{"allow":["GET"]}}],"collection":[{"href":"https:\/\/parafia.faustyna.bialystok.pl\/index.php?rest_route=\/wp\/v2\/posts"}],"about":[{"href":"https:\/\/parafia.faustyna.bialystok.pl\/index.php?rest_route=\/wp\/v2\/types\/post"}],"author":[{"embeddable":true,"href":"https:\/\/parafia.faustyna.bialystok.pl\/index.php?rest_route=\/wp\/v2\/users\/1"}],"replies":[{"embeddable":true,"href":"https:\/\/parafia.faustyna.bialystok.pl\/index.php?rest_route=%2Fwp%2Fv2%2Fcomments&post=2689"}],"version-history":[{"count":2,"href":"https:\/\/parafia.faustyna.bialystok.pl\/index.php?rest_route=\/wp\/v2\/posts\/2689\/revisions"}],"predecessor-version":[{"id":2701,"href":"https:\/\/parafia.faustyna.bialystok.pl\/index.php?rest_route=\/wp\/v2\/posts\/2689\/revisions\/2701"}],"wp:featuredmedia":[{"embeddable":true,"href":"https:\/\/parafia.faustyna.bialystok.pl\/index.php?rest_route=\/wp\/v2\/media\/2694"}],"wp:attachment":[{"href":"https:\/\/parafia.faustyna.bialystok.pl\/index.php?rest_route=%2Fwp%2Fv2%2Fmedia&parent=2689"}],"wp:term":[{"taxonomy":"category","embeddable":true,"href":"https:\/\/parafia.faustyna.bialystok.pl\/index.php?rest_route=%2Fwp%2Fv2%2Fcategories&post=2689"},{"taxonomy":"post_tag","embeddable":true,"href":"https:\/\/parafia.faustyna.bialystok.pl\/index.php?rest_route=%2Fwp%2Fv2%2Ftags&post=2689"}],"curies":[{"name":"wp","href":"https:\/\/api.w.org\/{rel}","templated":true}]}}