{"id":2758,"date":"2025-05-30T10:22:45","date_gmt":"2025-05-30T09:22:45","guid":{"rendered":"https:\/\/parafia.faustyna.bialystok.pl\/?p=2758"},"modified":"2025-06-15T10:25:08","modified_gmt":"2025-06-15T09:25:08","slug":"2025-05-30-pielgrzymka-do-plocka-wloclawka-torunia-gorki-klasztornej-lichenia-swinic-warckich-glogowca-i-warszawy","status":"publish","type":"post","link":"https:\/\/parafia.faustyna.bialystok.pl\/?p=2758","title":{"rendered":"2025.05.30 &#8211; pielgrzymka do P\u0142ocka, W\u0142oc\u0142awka, Torunia, G\u00f3rki Klasztornej, Lichenia, \u015awinic Warckich, G\u0142ogowca i Warszawy"},"content":{"rendered":"<div class=\"x14z9mp xat24cr x1lziwak x1vvkbs xtlvy1s x126k92a\">\n<div dir=\"auto\">W dniach 30.05.-01.06.2025 r. odby\u0142a si\u0119 pielgrzymka do P\u0142ocka, W\u0142oc\u0142awka, Torunia, G\u00f3rki Klasztornej, Lichenia, \u015awinic Warckich, G\u0142ogowca i Warszawy <span class=\"html-span xexx8yu xyri2b x18d9i69 x1c1uobl x1hl2dhg x16tdsg8 x1vvkbs x3nfvp2 x1j61x8r x1fcty0u xdj266r xat24cr xm2jcoa x1mpyi22 xxymvpz xlup9mm x1kky2od\"><img decoding=\"async\" class=\"xz74otr x15mokao x1ga7v0g x16uus16 xbiv7yw\" src=\"https:\/\/static.xx.fbcdn.net\/images\/emoji.php\/v9\/t55\/1\/16\/1f607.png\" alt=\"&#x1f607;\" width=\"16\" height=\"16\" \/><\/span><\/div>\n<\/div>\n<div class=\"x14z9mp xat24cr x1lziwak x1vvkbs xtlvy1s x126k92a\">\n<div dir=\"auto\">W P\u0142ocku odwiedzili\u015bmy Sanktuarium Mi\u0142osierdzia Bo\u017cego, , gdzie Pan Jezus 22 lutego 1931 r. objawi\u0142 si\u0119 \u015bw. Faustynie polecaj\u0105c jej namalowanie obrazu &#8220;Jezu, ufam Tobie.<\/div>\n<\/div>\n<div class=\"x14z9mp xat24cr x1lziwak x1vvkbs xtlvy1s x126k92a\">\n<div dir=\"auto\">We W\u0142oc\u0142awku nawiedzili\u015bmy miejsce m\u0119cze\u0144stwa b\u0142. ks. Jerzego Popie\u0142uszki, gdzie wsp\u00f3lnie odm\u00f3wili\u015bmy Koronk\u0119 do Bo\u017cego Mi\u0142osierdzia.<\/div>\n<\/div>\n<div class=\"x14z9mp xat24cr x1lziwak x1vvkbs xtlvy1s x126k92a\">\n<div dir=\"auto\">Po drodze do Lichenia wst\u0105pili\u015bmy na chwil\u0119 do Torunia, by przej\u015b\u0107 si\u0119 ulicami Starego Miasta i posili\u0107 si\u0119 nieco <span class=\"html-span xexx8yu xyri2b x18d9i69 x1c1uobl x1hl2dhg x16tdsg8 x1vvkbs x3nfvp2 x1j61x8r x1fcty0u xdj266r xat24cr xm2jcoa x1mpyi22 xxymvpz xlup9mm x1kky2od\"><img decoding=\"async\" class=\"xz74otr x15mokao x1ga7v0g x16uus16 xbiv7yw\" src=\"https:\/\/static.xx.fbcdn.net\/images\/emoji.php\/v9\/t57\/1\/16\/1f609.png\" alt=\"&#x1f609;\" width=\"16\" height=\"16\" \/><\/span><\/div>\n<\/div>\n<div class=\"x14z9mp xat24cr x1lziwak x1vvkbs xtlvy1s x126k92a\">\n<div dir=\"auto\">W sobot\u0119 nawiedzili\u015bmy Sanktuarium Maryjne w G\u00f3rce Klasztornej, kt\u00f3re jest najstarszym Maryjnym sanktuarium w Polsce. W miejscu tym w 1079 r. niespe\u0142na dwa miesi\u0105ce po m\u0119cze\u0144skiej \u015bmierci \u015bw. Stanis\u0142awa, Maryja objawi\u0142a si\u0119 pewnemu pasterzowi. Od tego momentu zacz\u0105\u0142 rozwija\u0107 si\u0119 w Polsce kult Maryjny, a z cudownego \u017ar\u00f3de\u0142ka, kt\u00f3re w tym miejscu wytrysn\u0119\u0142o mo\u017cna czerpa\u0107 po dzi\u015b dzie\u0144. To niepozorne sanktuarium jest \u015bwiadkiem nie tylko wielu cud\u00f3w, ale r\u00f3wnie\u017c walki o wiar\u0119 a\u017c do m\u0119cze\u0144skiej \u015bmierci.<\/div>\n<\/div>\n<div class=\"x14z9mp xat24cr x1lziwak x1vvkbs xtlvy1s x126k92a\">\n<div dir=\"auto\">Po powrocie z G\u00f3rki Klasztornej, ka\u017cdy pielgrzym m\u00f3g\u0142 indywidualnie korzysta\u0107 z bogactwa duchowego liche\u0144skiego sanktuarium.<\/div>\n<\/div>\n<div class=\"x14z9mp xat24cr x1lziwak x1vvkbs xtlvy1s x126k92a\">\n<div dir=\"auto\">W niedziel\u0119 uczestniczyli\u015bmy w Mszy \u015awi\u0119tej w Sanktuarium Urodzin i Chrztu \u015bwi\u0119tej Faustyny w \u015awinicach Warckich <span class=\"html-span xexx8yu xyri2b x18d9i69 x1c1uobl x1hl2dhg x16tdsg8 x1vvkbs x3nfvp2 x1j61x8r x1fcty0u xdj266r xat24cr xm2jcoa x1mpyi22 xxymvpz xlup9mm x1kky2od\"><img decoding=\"async\" class=\"xz74otr x15mokao x1ga7v0g x16uus16 xbiv7yw\" src=\"https:\/\/static.xx.fbcdn.net\/images\/emoji.php\/v9\/t2\/1\/16\/1f60d.png\" alt=\"&#x1f60d;\" width=\"16\" height=\"16\" \/><\/span>Po Eucharystii ks. Proboszcz owego sanktuarium, opowiedzia\u0142 nam nieco o \u017cyciu \u015bw. Faustyny oraz o jej rodzinnej parafii. Nast\u0119pnie zwiedzili\u015bmy dom \u015bw. Faustyny w G\u0142ogowcu i ruszyli\u015bmy w drog\u0119 powrotn\u0105 do Bia\u0142egostoku, po drodze wst\u0119puj\u0105c do ko\u015bcio\u0142a \u015bw. Stanis\u0142awa Kostki w Warszawie oraz nawiedzaj\u0105c gr\u00f3b b\u0142. ks. Jerzego.<\/div>\n<\/div>\n\t<!-- Gallery Engine Assets -->\r\n\t<style>\r\n\t\t#image_gallery_wrap_2706 {\r\n            --ig-gutter: 8px;\r\n            --ig-cols-lg: 6;\r\n            --ig-cols-md: 4;\r\n            --ig-cols-sm: 3;\r\n            --ig-cols-xs: 2;\r\n            \r\n            \/* Dynamic Border Variables *\/\r\n                        --ig-radius: 8px;\r\n            --ig-card-radius: 8px;\r\n            --ig-card-padding: 8px;\r\n\r\n\r\n        }\r\n\t<\/style>\r\n        <div id=\"image_gallery_wrap_2706\" \r\n        class=\"ig-gallery-outer-wrap ig-layout-masonry\" \r\n        data-layout=\"masonry\" \r\n        data-lb-loop=\"0\" \r\n        data-lb-label=\"Image %1 of %2\"\r\n        data-version=\"2.0.1\">\r\n\r\n    <div id=\"image_gallery_2706\" \n         class=\"ig-row igp-gallery all-images_2706\">\n        <div class=\"grid-sizer\"><\/div>\n                        <div class=\"ig-col single-image igp-item ig-col-lg-2 ig-col-md-3 ig-col-sm-4 ig-col-6\" data-index=\"0\">\n            <div class=\"ig-image-card igp-card ig-has-card-border hvr-glow\">\n                                    <a class=\"ig-lightbox-item\" href=\"https:\/\/parafia.faustyna.bialystok.pl\/wp-content\/uploads\/2025\/06\/505368892_1021929843441302_4538232601691287298_n.jpg\" data-lightbox=\"ig-gallery-2706\" data-title=\"505368892_1021929843441302_4538232601691287298_n\" data-width=\"1536\" data-height=\"2048\">\n                                    \n\n\n                    <div class=\"ig-image-container\">\n                        <img loading=\"lazy\" decoding=\"async\" width=\"150\" height=\"150\" src=\"https:\/\/parafia.faustyna.bialystok.pl\/wp-content\/uploads\/2025\/06\/505368892_1021929843441302_4538232601691287298_n-150x150.jpg\" class=\"ig-thumbnail loading\" alt=\"505368892_1021929843441302_4538232601691287298_n\" \/>                        \n                                            <\/div>\n\n\n\n                                    <\/a>\n                            <\/div>\n\n        <\/div>\n                        <div class=\"ig-col single-image igp-item ig-col-lg-2 ig-col-md-3 ig-col-sm-4 ig-col-6\" data-index=\"1\">\n            <div class=\"ig-image-card igp-card ig-has-card-border hvr-glow\">\n                                    <a class=\"ig-lightbox-item\" href=\"https:\/\/parafia.faustyna.bialystok.pl\/wp-content\/uploads\/2025\/06\/505745652_1021930566774563_694759195363512676_n.jpg\" data-lightbox=\"ig-gallery-2706\" data-title=\"505745652_1021930566774563_694759195363512676_n\" data-width=\"2048\" data-height=\"1536\">\n                                    \n\n\n                    <div class=\"ig-image-container\">\n                        <img loading=\"lazy\" decoding=\"async\" width=\"150\" height=\"150\" src=\"https:\/\/parafia.faustyna.bialystok.pl\/wp-content\/uploads\/2025\/06\/505745652_1021930566774563_694759195363512676_n-150x150.jpg\" class=\"ig-thumbnail loading\" alt=\"505745652_1021930566774563_694759195363512676_n\" \/>                        \n                                            <\/div>\n\n\n\n                                    <\/a>\n                            <\/div>\n\n        <\/div>\n                        <div class=\"ig-col single-image igp-item ig-col-lg-2 ig-col-md-3 ig-col-sm-4 ig-col-6\" data-index=\"2\">\n            <div class=\"ig-image-card igp-card ig-has-card-border hvr-glow\">\n                                    <a class=\"ig-lightbox-item\" href=\"https:\/\/parafia.faustyna.bialystok.pl\/wp-content\/uploads\/2025\/06\/505922981_1021929023441384_2543592117861761531_n.jpg\" data-lightbox=\"ig-gallery-2706\" data-title=\"505922981_1021929023441384_2543592117861761531_n\" data-width=\"1536\" data-height=\"2048\">\n                                    \n\n\n                    <div class=\"ig-image-container\">\n                        <img loading=\"lazy\" decoding=\"async\" width=\"150\" height=\"150\" src=\"https:\/\/parafia.faustyna.bialystok.pl\/wp-content\/uploads\/2025\/06\/505922981_1021929023441384_2543592117861761531_n-150x150.jpg\" class=\"ig-thumbnail loading\" alt=\"505922981_1021929023441384_2543592117861761531_n\" \/>                        \n                                            <\/div>\n\n\n\n                                    <\/a>\n                            <\/div>\n\n        <\/div>\n                        <div class=\"ig-col single-image igp-item ig-col-lg-2 ig-col-md-3 ig-col-sm-4 ig-col-6\" data-index=\"3\">\n            <div class=\"ig-image-card igp-card ig-has-card-border hvr-glow\">\n                                    <a class=\"ig-lightbox-item\" href=\"https:\/\/parafia.faustyna.bialystok.pl\/wp-content\/uploads\/2025\/06\/504342461_1021930390107914_6925595463242252218_n.jpg\" data-lightbox=\"ig-gallery-2706\" data-title=\"504342461_1021930390107914_6925595463242252218_n\" data-width=\"1536\" data-height=\"2048\">\n                                    \n\n\n                    <div class=\"ig-image-container\">\n                        <img loading=\"lazy\" decoding=\"async\" width=\"150\" height=\"150\" src=\"https:\/\/parafia.faustyna.bialystok.pl\/wp-content\/uploads\/2025\/06\/504342461_1021930390107914_6925595463242252218_n-150x150.jpg\" class=\"ig-thumbnail loading\" alt=\"504342461_1021930390107914_6925595463242252218_n\" \/>                        \n                                            <\/div>\n\n\n\n                                    <\/a>\n                            <\/div>\n\n        <\/div>\n                        <div class=\"ig-col single-image igp-item ig-col-lg-2 ig-col-md-3 ig-col-sm-4 ig-col-6\" data-index=\"4\">\n            <div class=\"ig-image-card igp-card ig-has-card-border hvr-glow\">\n                                    <a class=\"ig-lightbox-item\" href=\"https:\/\/parafia.faustyna.bialystok.pl\/wp-content\/uploads\/2025\/06\/504453253_1021928806774739_5075663726438247520_n.jpg\" data-lightbox=\"ig-gallery-2706\" data-title=\"504453253_1021928806774739_5075663726438247520_n\" data-width=\"1600\" data-height=\"1200\">\n                                    \n\n\n                    <div class=\"ig-image-container\">\n                        <img loading=\"lazy\" decoding=\"async\" width=\"150\" height=\"150\" src=\"https:\/\/parafia.faustyna.bialystok.pl\/wp-content\/uploads\/2025\/06\/504453253_1021928806774739_5075663726438247520_n-150x150.jpg\" class=\"ig-thumbnail loading\" alt=\"504453253_1021928806774739_5075663726438247520_n\" \/>                        \n                                            <\/div>\n\n\n\n                                    <\/a>\n                            <\/div>\n\n        <\/div>\n                        <div class=\"ig-col single-image igp-item ig-col-lg-2 ig-col-md-3 ig-col-sm-4 ig-col-6\" data-index=\"5\">\n            <div class=\"ig-image-card igp-card ig-has-card-border hvr-glow\">\n                                    <a class=\"ig-lightbox-item\" href=\"https:\/\/parafia.faustyna.bialystok.pl\/wp-content\/uploads\/2025\/06\/504467933_1021930620107891_6692600750917485190_n.jpg\" data-lightbox=\"ig-gallery-2706\" data-title=\"504467933_1021930620107891_6692600750917485190_n\" data-width=\"1536\" data-height=\"2048\">\n                                    \n\n\n                    <div class=\"ig-image-container\">\n                        <img loading=\"lazy\" decoding=\"async\" width=\"150\" height=\"150\" src=\"https:\/\/parafia.faustyna.bialystok.pl\/wp-content\/uploads\/2025\/06\/504467933_1021930620107891_6692600750917485190_n-150x150.jpg\" class=\"ig-thumbnail loading\" alt=\"504467933_1021930620107891_6692600750917485190_n\" \/>                        \n                                            <\/div>\n\n\n\n                                    <\/a>\n                            <\/div>\n\n        <\/div>\n                        <div class=\"ig-col single-image igp-item ig-col-lg-2 ig-col-md-3 ig-col-sm-4 ig-col-6\" data-index=\"6\">\n            <div class=\"ig-image-card igp-card ig-has-card-border hvr-glow\">\n                                    <a class=\"ig-lightbox-item\" href=\"https:\/\/parafia.faustyna.bialystok.pl\/wp-content\/uploads\/2025\/06\/504468145_1021930443441242_3242620296373513199_n.jpg\" data-lightbox=\"ig-gallery-2706\" data-title=\"504468145_1021930443441242_3242620296373513199_n\" data-width=\"1536\" data-height=\"2048\">\n                                    \n\n\n                    <div class=\"ig-image-container\">\n                        <img loading=\"lazy\" decoding=\"async\" width=\"150\" height=\"150\" src=\"https:\/\/parafia.faustyna.bialystok.pl\/wp-content\/uploads\/2025\/06\/504468145_1021930443441242_3242620296373513199_n-150x150.jpg\" class=\"ig-thumbnail loading\" alt=\"504468145_1021930443441242_3242620296373513199_n\" \/>                        \n                                            <\/div>\n\n\n\n                                    <\/a>\n                            <\/div>\n\n        <\/div>\n                        <div class=\"ig-col single-image igp-item ig-col-lg-2 ig-col-md-3 ig-col-sm-4 ig-col-6\" data-index=\"7\">\n            <div class=\"ig-image-card igp-card ig-has-card-border hvr-glow\">\n                                    <a class=\"ig-lightbox-item\" href=\"https:\/\/parafia.faustyna.bialystok.pl\/wp-content\/uploads\/2025\/06\/504469853_1021930573441229_5052221863992077510_n.jpg\" data-lightbox=\"ig-gallery-2706\" data-title=\"504469853_1021930573441229_5052221863992077510_n\" data-width=\"2048\" data-height=\"1536\">\n                                    \n\n\n                    <div class=\"ig-image-container\">\n                        <img loading=\"lazy\" decoding=\"async\" width=\"150\" height=\"150\" src=\"https:\/\/parafia.faustyna.bialystok.pl\/wp-content\/uploads\/2025\/06\/504469853_1021930573441229_5052221863992077510_n-150x150.jpg\" class=\"ig-thumbnail loading\" alt=\"504469853_1021930573441229_5052221863992077510_n\" \/>                        \n                                            <\/div>\n\n\n\n                                    <\/a>\n                            <\/div>\n\n        <\/div>\n                        <div class=\"ig-col single-image igp-item ig-col-lg-2 ig-col-md-3 ig-col-sm-4 ig-col-6\" data-index=\"8\">\n            <div class=\"ig-image-card igp-card ig-has-card-border hvr-glow\">\n                                    <a class=\"ig-lightbox-item\" href=\"https:\/\/parafia.faustyna.bialystok.pl\/wp-content\/uploads\/2025\/06\/504472144_1021929953441291_9015127132834820251_n.jpg\" data-lightbox=\"ig-gallery-2706\" data-title=\"504472144_1021929953441291_9015127132834820251_n\" data-width=\"1536\" data-height=\"2048\">\n                                    \n\n\n                    <div class=\"ig-image-container\">\n                        <img loading=\"lazy\" decoding=\"async\" width=\"150\" height=\"150\" src=\"https:\/\/parafia.faustyna.bialystok.pl\/wp-content\/uploads\/2025\/06\/504472144_1021929953441291_9015127132834820251_n-150x150.jpg\" class=\"ig-thumbnail loading\" alt=\"504472144_1021929953441291_9015127132834820251_n\" \/>                        \n                                            <\/div>\n\n\n\n                                    <\/a>\n                            <\/div>\n\n        <\/div>\n                        <div class=\"ig-col single-image igp-item ig-col-lg-2 ig-col-md-3 ig-col-sm-4 ig-col-6\" data-index=\"9\">\n            <div class=\"ig-image-card igp-card ig-has-card-border hvr-glow\">\n                                    <a class=\"ig-lightbox-item\" href=\"https:\/\/parafia.faustyna.bialystok.pl\/wp-content\/uploads\/2025\/06\/504484210_1021928810108072_7031249994911143555_n.jpg\" data-lightbox=\"ig-gallery-2706\" data-title=\"504484210_1021928810108072_7031249994911143555_n\" data-width=\"1200\" data-height=\"1600\">\n                                    \n\n\n                    <div class=\"ig-image-container\">\n                        <img loading=\"lazy\" decoding=\"async\" width=\"150\" height=\"150\" src=\"https:\/\/parafia.faustyna.bialystok.pl\/wp-content\/uploads\/2025\/06\/504484210_1021928810108072_7031249994911143555_n-150x150.jpg\" class=\"ig-thumbnail loading\" alt=\"504484210_1021928810108072_7031249994911143555_n\" \/>                        \n                                            <\/div>\n\n\n\n                                    <\/a>\n                            <\/div>\n\n        <\/div>\n                        <div class=\"ig-col single-image igp-item ig-col-lg-2 ig-col-md-3 ig-col-sm-4 ig-col-6\" data-index=\"10\">\n            <div class=\"ig-image-card igp-card ig-has-card-border hvr-glow\">\n                                    <a class=\"ig-lightbox-item\" href=\"https:\/\/parafia.faustyna.bialystok.pl\/wp-content\/uploads\/2025\/06\/504510692_1021929396774680_4927651730644600906_n.jpg\" data-lightbox=\"ig-gallery-2706\" data-title=\"504510692_1021929396774680_4927651730644600906_n\" data-width=\"1536\" data-height=\"2048\">\n                                    \n\n\n                    <div class=\"ig-image-container\">\n                        <img loading=\"lazy\" decoding=\"async\" width=\"150\" height=\"150\" src=\"https:\/\/parafia.faustyna.bialystok.pl\/wp-content\/uploads\/2025\/06\/504510692_1021929396774680_4927651730644600906_n-150x150.jpg\" class=\"ig-thumbnail loading\" alt=\"504510692_1021929396774680_4927651730644600906_n\" \/>                        \n                                            <\/div>\n\n\n\n                                    <\/a>\n                            <\/div>\n\n        <\/div>\n                        <div class=\"ig-col single-image igp-item ig-col-lg-2 ig-col-md-3 ig-col-sm-4 ig-col-6\" data-index=\"11\">\n            <div class=\"ig-image-card igp-card ig-has-card-border hvr-glow\">\n                                    <a class=\"ig-lightbox-item\" href=\"https:\/\/parafia.faustyna.bialystok.pl\/wp-content\/uploads\/2025\/06\/504518574_1021930763441210_5525443170651925743_n.jpg\" data-lightbox=\"ig-gallery-2706\" data-title=\"504518574_1021930763441210_5525443170651925743_n\" data-width=\"1536\" data-height=\"2048\">\n                                    \n\n\n                    <div class=\"ig-image-container\">\n                        <img loading=\"lazy\" decoding=\"async\" width=\"150\" height=\"150\" src=\"https:\/\/parafia.faustyna.bialystok.pl\/wp-content\/uploads\/2025\/06\/504518574_1021930763441210_5525443170651925743_n-150x150.jpg\" class=\"ig-thumbnail loading\" alt=\"504518574_1021930763441210_5525443170651925743_n\" \/>                        \n                                            <\/div>\n\n\n\n                                    <\/a>\n                            <\/div>\n\n        <\/div>\n                        <div class=\"ig-col single-image igp-item ig-col-lg-2 ig-col-md-3 ig-col-sm-4 ig-col-6\" data-index=\"12\">\n            <div class=\"ig-image-card igp-card ig-has-card-border hvr-glow\">\n                                    <a class=\"ig-lightbox-item\" href=\"https:\/\/parafia.faustyna.bialystok.pl\/wp-content\/uploads\/2025\/06\/504534008_1021929266774693_1513631371826513921_n.jpg\" data-lightbox=\"ig-gallery-2706\" data-title=\"504534008_1021929266774693_1513631371826513921_n\" data-width=\"2048\" data-height=\"1536\">\n                                    \n\n\n                    <div class=\"ig-image-container\">\n                        <img loading=\"lazy\" decoding=\"async\" width=\"150\" height=\"150\" src=\"https:\/\/parafia.faustyna.bialystok.pl\/wp-content\/uploads\/2025\/06\/504534008_1021929266774693_1513631371826513921_n-150x150.jpg\" class=\"ig-thumbnail loading\" alt=\"504534008_1021929266774693_1513631371826513921_n\" \/>                        \n                                            <\/div>\n\n\n\n                                    <\/a>\n                            <\/div>\n\n        <\/div>\n                        <div class=\"ig-col single-image igp-item ig-col-lg-2 ig-col-md-3 ig-col-sm-4 ig-col-6\" data-index=\"13\">\n            <div class=\"ig-image-card igp-card ig-has-card-border hvr-glow\">\n                                    <a class=\"ig-lightbox-item\" href=\"https:\/\/parafia.faustyna.bialystok.pl\/wp-content\/uploads\/2025\/06\/505741980_1021930306774589_3095682606202634162_n.jpg\" data-lightbox=\"ig-gallery-2706\" data-title=\"505741980_1021930306774589_3095682606202634162_n\" data-width=\"2048\" data-height=\"1536\">\n                                    \n\n\n                    <div class=\"ig-image-container\">\n                        <img loading=\"lazy\" decoding=\"async\" width=\"150\" height=\"150\" src=\"https:\/\/parafia.faustyna.bialystok.pl\/wp-content\/uploads\/2025\/06\/505741980_1021930306774589_3095682606202634162_n-150x150.jpg\" class=\"ig-thumbnail loading\" alt=\"505741980_1021930306774589_3095682606202634162_n\" \/>                        \n                                            <\/div>\n\n\n\n                                    <\/a>\n                            <\/div>\n\n        <\/div>\n                        <div class=\"ig-col single-image igp-item ig-col-lg-2 ig-col-md-3 ig-col-sm-4 ig-col-6\" data-index=\"14\">\n            <div class=\"ig-image-card igp-card ig-has-card-border hvr-glow\">\n                                    <a class=\"ig-lightbox-item\" href=\"https:\/\/parafia.faustyna.bialystok.pl\/wp-content\/uploads\/2025\/06\/504544394_1021930183441268_2909180073891367842_n.jpg\" data-lightbox=\"ig-gallery-2706\" data-title=\"504544394_1021930183441268_2909180073891367842_n\" data-width=\"2048\" data-height=\"1536\">\n                                    \n\n\n                    <div class=\"ig-image-container\">\n                        <img loading=\"lazy\" decoding=\"async\" width=\"150\" height=\"150\" src=\"https:\/\/parafia.faustyna.bialystok.pl\/wp-content\/uploads\/2025\/06\/504544394_1021930183441268_2909180073891367842_n-150x150.jpg\" class=\"ig-thumbnail loading\" alt=\"504544394_1021930183441268_2909180073891367842_n\" \/>                        \n                                            <\/div>\n\n\n\n                                    <\/a>\n                            <\/div>\n\n        <\/div>\n                        <div class=\"ig-col single-image igp-item ig-col-lg-2 ig-col-md-3 ig-col-sm-4 ig-col-6\" data-index=\"15\">\n            <div class=\"ig-image-card igp-card ig-has-card-border hvr-glow\">\n                                    <a class=\"ig-lightbox-item\" href=\"https:\/\/parafia.faustyna.bialystok.pl\/wp-content\/uploads\/2025\/06\/504535069_1021929486774671_8122888872210052363_n.jpg\" data-lightbox=\"ig-gallery-2706\" data-title=\"504535069_1021929486774671_8122888872210052363_n\" data-width=\"1536\" data-height=\"2048\">\n                                    \n\n\n                    <div class=\"ig-image-container\">\n                        <img loading=\"lazy\" decoding=\"async\" width=\"150\" height=\"150\" src=\"https:\/\/parafia.faustyna.bialystok.pl\/wp-content\/uploads\/2025\/06\/504535069_1021929486774671_8122888872210052363_n-150x150.jpg\" class=\"ig-thumbnail loading\" alt=\"504535069_1021929486774671_8122888872210052363_n\" \/>                        \n                                            <\/div>\n\n\n\n                                    <\/a>\n                            <\/div>\n\n        <\/div>\n                        <div class=\"ig-col single-image igp-item ig-col-lg-2 ig-col-md-3 ig-col-sm-4 ig-col-6\" data-index=\"16\">\n            <div class=\"ig-image-card igp-card ig-has-card-border hvr-glow\">\n                                    <a class=\"ig-lightbox-item\" href=\"https:\/\/parafia.faustyna.bialystok.pl\/wp-content\/uploads\/2025\/06\/504634109_1021929863441300_6170898495930412972_n.jpg\" data-lightbox=\"ig-gallery-2706\" data-title=\"504634109_1021929863441300_6170898495930412972_n\" data-width=\"1536\" data-height=\"2048\">\n                                    \n\n\n                    <div class=\"ig-image-container\">\n                        <img loading=\"lazy\" decoding=\"async\" width=\"150\" height=\"150\" src=\"https:\/\/parafia.faustyna.bialystok.pl\/wp-content\/uploads\/2025\/06\/504634109_1021929863441300_6170898495930412972_n-150x150.jpg\" class=\"ig-thumbnail loading\" alt=\"504634109_1021929863441300_6170898495930412972_n\" \/>                        \n                                            <\/div>\n\n\n\n                                    <\/a>\n                            <\/div>\n\n        <\/div>\n                        <div class=\"ig-col single-image igp-item ig-col-lg-2 ig-col-md-3 ig-col-sm-4 ig-col-6\" data-index=\"17\">\n            <div class=\"ig-image-card igp-card ig-has-card-border hvr-glow\">\n                                    <a class=\"ig-lightbox-item\" href=\"https:\/\/parafia.faustyna.bialystok.pl\/wp-content\/uploads\/2025\/06\/504634277_1021930233441263_2082481335102055365_n.jpg\" data-lightbox=\"ig-gallery-2706\" data-title=\"504634277_1021930233441263_2082481335102055365_n\" data-width=\"1536\" data-height=\"2048\">\n                                    \n\n\n                    <div class=\"ig-image-container\">\n                        <img loading=\"lazy\" decoding=\"async\" width=\"150\" height=\"150\" src=\"https:\/\/parafia.faustyna.bialystok.pl\/wp-content\/uploads\/2025\/06\/504634277_1021930233441263_2082481335102055365_n-150x150.jpg\" class=\"ig-thumbnail loading\" alt=\"504634277_1021930233441263_2082481335102055365_n\" \/>                        \n                                            <\/div>\n\n\n\n                                    <\/a>\n                            <\/div>\n\n        <\/div>\n                        <div class=\"ig-col single-image igp-item ig-col-lg-2 ig-col-md-3 ig-col-sm-4 ig-col-6\" data-index=\"18\">\n            <div class=\"ig-image-card igp-card ig-has-card-border hvr-glow\">\n                                    <a class=\"ig-lightbox-item\" href=\"https:\/\/parafia.faustyna.bialystok.pl\/wp-content\/uploads\/2025\/06\/505373734_1021928906774729_7869542562258704588_n.jpg\" data-lightbox=\"ig-gallery-2706\" data-title=\"505373734_1021928906774729_7869542562258704588_n\" data-width=\"1536\" data-height=\"2048\">\n                                    \n\n\n                    <div class=\"ig-image-container\">\n                        <img loading=\"lazy\" decoding=\"async\" width=\"150\" height=\"150\" src=\"https:\/\/parafia.faustyna.bialystok.pl\/wp-content\/uploads\/2025\/06\/505373734_1021928906774729_7869542562258704588_n-150x150.jpg\" class=\"ig-thumbnail loading\" alt=\"505373734_1021928906774729_7869542562258704588_n\" \/>                        \n                                            <\/div>\n\n\n\n                                    <\/a>\n                            <\/div>\n\n        <\/div>\n                        <div class=\"ig-col single-image igp-item ig-col-lg-2 ig-col-md-3 ig-col-sm-4 ig-col-6\" data-index=\"19\">\n            <div class=\"ig-image-card igp-card ig-has-card-border hvr-glow\">\n                                    <a class=\"ig-lightbox-item\" href=\"https:\/\/parafia.faustyna.bialystok.pl\/wp-content\/uploads\/2025\/06\/504665388_1021929796774640_1858948911466130599_n.jpg\" data-lightbox=\"ig-gallery-2706\" data-title=\"504665388_1021929796774640_1858948911466130599_n\" data-width=\"2048\" data-height=\"1536\">\n                                    \n\n\n                    <div class=\"ig-image-container\">\n                        <img loading=\"lazy\" decoding=\"async\" width=\"150\" height=\"150\" src=\"https:\/\/parafia.faustyna.bialystok.pl\/wp-content\/uploads\/2025\/06\/504665388_1021929796774640_1858948911466130599_n-150x150.jpg\" class=\"ig-thumbnail loading\" alt=\"504665388_1021929796774640_1858948911466130599_n\" \/>                        \n                                            <\/div>\n\n\n\n                                    <\/a>\n                            <\/div>\n\n        <\/div>\n                        <div class=\"ig-col single-image igp-item ig-col-lg-2 ig-col-md-3 ig-col-sm-4 ig-col-6\" data-index=\"20\">\n            <div class=\"ig-image-card igp-card ig-has-card-border hvr-glow\">\n                                    <a class=\"ig-lightbox-item\" href=\"https:\/\/parafia.faustyna.bialystok.pl\/wp-content\/uploads\/2025\/06\/505378711_1021930666774553_686628968440084786_n.jpg\" data-lightbox=\"ig-gallery-2706\" data-title=\"505378711_1021930666774553_686628968440084786_n\" data-width=\"2048\" data-height=\"1536\">\n                                    \n\n\n                    <div class=\"ig-image-container\">\n                        <img loading=\"lazy\" decoding=\"async\" width=\"150\" height=\"150\" src=\"https:\/\/parafia.faustyna.bialystok.pl\/wp-content\/uploads\/2025\/06\/505378711_1021930666774553_686628968440084786_n-150x150.jpg\" class=\"ig-thumbnail loading\" alt=\"505378711_1021930666774553_686628968440084786_n\" \/>                        \n                                            <\/div>\n\n\n\n                                    <\/a>\n                            <\/div>\n\n        <\/div>\n                        <div class=\"ig-col single-image igp-item ig-col-lg-2 ig-col-md-3 ig-col-sm-4 ig-col-6\" data-index=\"21\">\n            <div class=\"ig-image-card igp-card ig-has-card-border hvr-glow\">\n                                    <a class=\"ig-lightbox-item\" href=\"https:\/\/parafia.faustyna.bialystok.pl\/wp-content\/uploads\/2025\/06\/505587678_1021929900107963_1625822338979769925_n.jpg\" data-lightbox=\"ig-gallery-2706\" data-title=\"505587678_1021929900107963_1625822338979769925_n\" data-width=\"2048\" data-height=\"1536\">\n                                    \n\n\n                    <div class=\"ig-image-container\">\n                        <img loading=\"lazy\" decoding=\"async\" width=\"150\" height=\"150\" src=\"https:\/\/parafia.faustyna.bialystok.pl\/wp-content\/uploads\/2025\/06\/505587678_1021929900107963_1625822338979769925_n-150x150.jpg\" class=\"ig-thumbnail loading\" alt=\"505587678_1021929900107963_1625822338979769925_n\" \/>                        \n                                            <\/div>\n\n\n\n                                    <\/a>\n                            <\/div>\n\n        <\/div>\n                        <div class=\"ig-col single-image igp-item ig-col-lg-2 ig-col-md-3 ig-col-sm-4 ig-col-6\" data-index=\"22\">\n            <div class=\"ig-image-card igp-card ig-has-card-border hvr-glow\">\n                                    <a class=\"ig-lightbox-item\" href=\"https:\/\/parafia.faustyna.bialystok.pl\/wp-content\/uploads\/2025\/06\/504660934_1021929613441325_6759777364743953654_n.jpg\" data-lightbox=\"ig-gallery-2706\" data-title=\"504660934_1021929613441325_6759777364743953654_n\" data-width=\"1536\" data-height=\"2048\">\n                                    \n\n\n                    <div class=\"ig-image-container\">\n                        <img loading=\"lazy\" decoding=\"async\" width=\"150\" height=\"150\" src=\"https:\/\/parafia.faustyna.bialystok.pl\/wp-content\/uploads\/2025\/06\/504660934_1021929613441325_6759777364743953654_n-150x150.jpg\" class=\"ig-thumbnail loading\" alt=\"504660934_1021929613441325_6759777364743953654_n\" \/>                        \n                                            <\/div>\n\n\n\n                                    <\/a>\n                            <\/div>\n\n        <\/div>\n                        <div class=\"ig-col single-image igp-item ig-col-lg-2 ig-col-md-3 ig-col-sm-4 ig-col-6\" data-index=\"23\">\n            <div class=\"ig-image-card igp-card ig-has-card-border hvr-glow\">\n                                    <a class=\"ig-lightbox-item\" href=\"https:\/\/parafia.faustyna.bialystok.pl\/wp-content\/uploads\/2025\/06\/505428335_1021929270108026_8548042177150959705_n.jpg\" data-lightbox=\"ig-gallery-2706\" data-title=\"505428335_1021929270108026_8548042177150959705_n\" data-width=\"2048\" data-height=\"1536\">\n                                    \n\n\n                    <div class=\"ig-image-container\">\n                        <img loading=\"lazy\" decoding=\"async\" width=\"150\" height=\"150\" src=\"https:\/\/parafia.faustyna.bialystok.pl\/wp-content\/uploads\/2025\/06\/505428335_1021929270108026_8548042177150959705_n-150x150.jpg\" class=\"ig-thumbnail loading\" alt=\"505428335_1021929270108026_8548042177150959705_n\" \/>                        \n                                            <\/div>\n\n\n\n                                    <\/a>\n                            <\/div>\n\n        <\/div>\n                        <div class=\"ig-col single-image igp-item ig-col-lg-2 ig-col-md-3 ig-col-sm-4 ig-col-6\" data-index=\"24\">\n            <div class=\"ig-image-card igp-card ig-has-card-border hvr-glow\">\n                                    <a class=\"ig-lightbox-item\" href=\"https:\/\/parafia.faustyna.bialystok.pl\/wp-content\/uploads\/2025\/06\/504673850_1021929403441346_4097012295028210011_n.jpg\" data-lightbox=\"ig-gallery-2706\" data-title=\"504673850_1021929403441346_4097012295028210011_n\" data-width=\"2048\" data-height=\"1536\">\n                                    \n\n\n                    <div class=\"ig-image-container\">\n                        <img loading=\"lazy\" decoding=\"async\" width=\"150\" height=\"150\" src=\"https:\/\/parafia.faustyna.bialystok.pl\/wp-content\/uploads\/2025\/06\/504673850_1021929403441346_4097012295028210011_n-150x150.jpg\" class=\"ig-thumbnail loading\" alt=\"504673850_1021929403441346_4097012295028210011_n\" \/>                        \n                                            <\/div>\n\n\n\n                                    <\/a>\n                            <\/div>\n\n        <\/div>\n                        <div class=\"ig-col single-image igp-item ig-col-lg-2 ig-col-md-3 ig-col-sm-4 ig-col-6\" data-index=\"25\">\n            <div class=\"ig-image-card igp-card ig-has-card-border hvr-glow\">\n                                    <a class=\"ig-lightbox-item\" href=\"https:\/\/parafia.faustyna.bialystok.pl\/wp-content\/uploads\/2025\/06\/504727194_1021929510108002_7011882994723647039_n.jpg\" data-lightbox=\"ig-gallery-2706\" data-title=\"504727194_1021929510108002_7011882994723647039_n\" data-width=\"1536\" data-height=\"2048\">\n                                    \n\n\n                    <div class=\"ig-image-container\">\n                        <img loading=\"lazy\" decoding=\"async\" width=\"150\" height=\"150\" src=\"https:\/\/parafia.faustyna.bialystok.pl\/wp-content\/uploads\/2025\/06\/504727194_1021929510108002_7011882994723647039_n-150x150.jpg\" class=\"ig-thumbnail loading\" alt=\"504727194_1021929510108002_7011882994723647039_n\" \/>                        \n                                            <\/div>\n\n\n\n                                    <\/a>\n                            <\/div>\n\n        <\/div>\n                        <div class=\"ig-col single-image igp-item ig-col-lg-2 ig-col-md-3 ig-col-sm-4 ig-col-6\" data-index=\"26\">\n            <div class=\"ig-image-card igp-card ig-has-card-border hvr-glow\">\n                                    <a class=\"ig-lightbox-item\" href=\"https:\/\/parafia.faustyna.bialystok.pl\/wp-content\/uploads\/2025\/06\/504715283_1021930680107885_6190804180502542132_n.jpg\" data-lightbox=\"ig-gallery-2706\" data-title=\"504715283_1021930680107885_6190804180502542132_n\" data-width=\"1536\" data-height=\"2048\">\n                                    \n\n\n                    <div class=\"ig-image-container\">\n                        <img loading=\"lazy\" decoding=\"async\" width=\"150\" height=\"150\" src=\"https:\/\/parafia.faustyna.bialystok.pl\/wp-content\/uploads\/2025\/06\/504715283_1021930680107885_6190804180502542132_n-150x150.jpg\" class=\"ig-thumbnail loading\" alt=\"504715283_1021930680107885_6190804180502542132_n\" \/>                        \n                                            <\/div>\n\n\n\n                                    <\/a>\n                            <\/div>\n\n        <\/div>\n                        <div class=\"ig-col single-image igp-item ig-col-lg-2 ig-col-md-3 ig-col-sm-4 ig-col-6\" data-index=\"27\">\n            <div class=\"ig-image-card igp-card ig-has-card-border hvr-glow\">\n                                    <a class=\"ig-lightbox-item\" href=\"https:\/\/parafia.faustyna.bialystok.pl\/wp-content\/uploads\/2025\/06\/504822997_1021928900108063_8804397857756990220_n.jpg\" data-lightbox=\"ig-gallery-2706\" data-title=\"504822997_1021928900108063_8804397857756990220_n\" data-width=\"1200\" data-height=\"1600\">\n                                    \n\n\n                    <div class=\"ig-image-container\">\n                        <img loading=\"lazy\" decoding=\"async\" width=\"150\" height=\"150\" src=\"https:\/\/parafia.faustyna.bialystok.pl\/wp-content\/uploads\/2025\/06\/504822997_1021928900108063_8804397857756990220_n-150x150.jpg\" class=\"ig-thumbnail loading\" alt=\"504822997_1021928900108063_8804397857756990220_n\" \/>                        \n                                            <\/div>\n\n\n\n                                    <\/a>\n                            <\/div>\n\n        <\/div>\n                        <div class=\"ig-col single-image igp-item ig-col-lg-2 ig-col-md-3 ig-col-sm-4 ig-col-6\" data-index=\"28\">\n            <div class=\"ig-image-card igp-card ig-has-card-border hvr-glow\">\n                                    <a class=\"ig-lightbox-item\" href=\"https:\/\/parafia.faustyna.bialystok.pl\/wp-content\/uploads\/2025\/06\/504795965_1021930070107946_9133486606126465185_n.jpg\" data-lightbox=\"ig-gallery-2706\" data-title=\"504795965_1021930070107946_9133486606126465185_n\" data-width=\"2048\" data-height=\"1536\">\n                                    \n\n\n                    <div class=\"ig-image-container\">\n                        <img loading=\"lazy\" decoding=\"async\" width=\"150\" height=\"150\" src=\"https:\/\/parafia.faustyna.bialystok.pl\/wp-content\/uploads\/2025\/06\/504795965_1021930070107946_9133486606126465185_n-150x150.jpg\" class=\"ig-thumbnail loading\" alt=\"504795965_1021930070107946_9133486606126465185_n\" \/>                        \n                                            <\/div>\n\n\n\n                                    <\/a>\n                            <\/div>\n\n        <\/div>\n                        <div class=\"ig-col single-image igp-item ig-col-lg-2 ig-col-md-3 ig-col-sm-4 ig-col-6\" data-index=\"29\">\n            <div class=\"ig-image-card igp-card ig-has-card-border hvr-glow\">\n                                    <a class=\"ig-lightbox-item\" href=\"https:\/\/parafia.faustyna.bialystok.pl\/wp-content\/uploads\/2025\/06\/504840605_1021929020108051_3262428211139513294_n.jpg\" data-lightbox=\"ig-gallery-2706\" data-title=\"504840605_1021929020108051_3262428211139513294_n\" data-width=\"2048\" data-height=\"1536\">\n                                    \n\n\n                    <div class=\"ig-image-container\">\n                        <img loading=\"lazy\" decoding=\"async\" width=\"150\" height=\"150\" src=\"https:\/\/parafia.faustyna.bialystok.pl\/wp-content\/uploads\/2025\/06\/504840605_1021929020108051_3262428211139513294_n-150x150.jpg\" class=\"ig-thumbnail loading\" alt=\"504840605_1021929020108051_3262428211139513294_n\" \/>                        \n                                            <\/div>\n\n\n\n                                    <\/a>\n                            <\/div>\n\n        <\/div>\n                        <div class=\"ig-col single-image igp-item ig-col-lg-2 ig-col-md-3 ig-col-sm-4 ig-col-6\" data-index=\"30\">\n            <div class=\"ig-image-card igp-card ig-has-card-border hvr-glow\">\n                                    <a class=\"ig-lightbox-item\" href=\"https:\/\/parafia.faustyna.bialystok.pl\/wp-content\/uploads\/2025\/06\/504748951_1021930176774602_8212947084685056303_n.jpg\" data-lightbox=\"ig-gallery-2706\" data-title=\"504748951_1021930176774602_8212947084685056303_n\" data-width=\"1536\" data-height=\"2048\">\n                                    \n\n\n                    <div class=\"ig-image-container\">\n                        <img loading=\"lazy\" decoding=\"async\" width=\"150\" height=\"150\" src=\"https:\/\/parafia.faustyna.bialystok.pl\/wp-content\/uploads\/2025\/06\/504748951_1021930176774602_8212947084685056303_n-150x150.jpg\" class=\"ig-thumbnail loading\" alt=\"504748951_1021930176774602_8212947084685056303_n\" \/>                        \n                                            <\/div>\n\n\n\n                                    <\/a>\n                            <\/div>\n\n        <\/div>\n                        <div class=\"ig-col single-image igp-item ig-col-lg-2 ig-col-md-3 ig-col-sm-4 ig-col-6\" data-index=\"31\">\n            <div class=\"ig-image-card igp-card ig-has-card-border hvr-glow\">\n                                    <a class=\"ig-lightbox-item\" href=\"https:\/\/parafia.faustyna.bialystok.pl\/wp-content\/uploads\/2025\/06\/504754028_1021929583441328_3236665657727407996_n.jpg\" data-lightbox=\"ig-gallery-2706\" data-title=\"504754028_1021929583441328_3236665657727407996_n\" data-width=\"2048\" data-height=\"1536\">\n                                    \n\n\n                    <div class=\"ig-image-container\">\n                        <img loading=\"lazy\" decoding=\"async\" width=\"150\" height=\"150\" src=\"https:\/\/parafia.faustyna.bialystok.pl\/wp-content\/uploads\/2025\/06\/504754028_1021929583441328_3236665657727407996_n-150x150.jpg\" class=\"ig-thumbnail loading\" alt=\"504754028_1021929583441328_3236665657727407996_n\" \/>                        \n                                            <\/div>\n\n\n\n                                    <\/a>\n                            <\/div>\n\n        <\/div>\n                        <div class=\"ig-col single-image igp-item ig-col-lg-2 ig-col-md-3 ig-col-sm-4 ig-col-6\" data-index=\"32\">\n            <div class=\"ig-image-card igp-card ig-has-card-border hvr-glow\">\n                                    <a class=\"ig-lightbox-item\" href=\"https:\/\/parafia.faustyna.bialystok.pl\/wp-content\/uploads\/2025\/06\/504834509_1021929586774661_7354455284054847633_n.jpg\" data-lightbox=\"ig-gallery-2706\" data-title=\"504834509_1021929586774661_7354455284054847633_n\" data-width=\"2048\" data-height=\"1536\">\n                                    \n\n\n                    <div class=\"ig-image-container\">\n                        <img loading=\"lazy\" decoding=\"async\" width=\"150\" height=\"150\" src=\"https:\/\/parafia.faustyna.bialystok.pl\/wp-content\/uploads\/2025\/06\/504834509_1021929586774661_7354455284054847633_n-150x150.jpg\" class=\"ig-thumbnail loading\" alt=\"504834509_1021929586774661_7354455284054847633_n\" \/>                        \n                                            <\/div>\n\n\n\n                                    <\/a>\n                            <\/div>\n\n        <\/div>\n                        <div class=\"ig-col single-image igp-item ig-col-lg-2 ig-col-md-3 ig-col-sm-4 ig-col-6\" data-index=\"33\">\n            <div class=\"ig-image-card igp-card ig-has-card-border hvr-glow\">\n                                    <a class=\"ig-lightbox-item\" href=\"https:\/\/parafia.faustyna.bialystok.pl\/wp-content\/uploads\/2025\/06\/504912153_1021930313441255_7161768715165540695_n.jpg\" data-lightbox=\"ig-gallery-2706\" data-title=\"504912153_1021930313441255_7161768715165540695_n\" data-width=\"2048\" data-height=\"1536\">\n                                    \n\n\n                    <div class=\"ig-image-container\">\n                        <img loading=\"lazy\" decoding=\"async\" width=\"150\" height=\"150\" src=\"https:\/\/parafia.faustyna.bialystok.pl\/wp-content\/uploads\/2025\/06\/504912153_1021930313441255_7161768715165540695_n-150x150.jpg\" class=\"ig-thumbnail loading\" alt=\"504912153_1021930313441255_7161768715165540695_n\" \/>                        \n                                            <\/div>\n\n\n\n                                    <\/a>\n                            <\/div>\n\n        <\/div>\n                        <div class=\"ig-col single-image igp-item ig-col-lg-2 ig-col-md-3 ig-col-sm-4 ig-col-6\" data-index=\"34\">\n            <div class=\"ig-image-card igp-card ig-has-card-border hvr-glow\">\n                                    <a class=\"ig-lightbox-item\" href=\"https:\/\/parafia.faustyna.bialystok.pl\/wp-content\/uploads\/2025\/06\/504917750_1021930446774575_4840038743837363774_n.jpg\" data-lightbox=\"ig-gallery-2706\" data-title=\"504917750_1021930446774575_4840038743837363774_n\" data-width=\"1536\" data-height=\"2048\">\n                                    \n\n\n                    <div class=\"ig-image-container\">\n                        <img loading=\"lazy\" decoding=\"async\" width=\"150\" height=\"150\" src=\"https:\/\/parafia.faustyna.bialystok.pl\/wp-content\/uploads\/2025\/06\/504917750_1021930446774575_4840038743837363774_n-150x150.jpg\" class=\"ig-thumbnail loading\" alt=\"504917750_1021930446774575_4840038743837363774_n\" \/>                        \n                                            <\/div>\n\n\n\n                                    <\/a>\n                            <\/div>\n\n        <\/div>\n                        <div class=\"ig-col single-image igp-item ig-col-lg-2 ig-col-md-3 ig-col-sm-4 ig-col-6\" data-index=\"35\">\n            <div class=\"ig-image-card igp-card ig-has-card-border hvr-glow\">\n                                    <a class=\"ig-lightbox-item\" href=\"https:\/\/parafia.faustyna.bialystok.pl\/wp-content\/uploads\/2025\/06\/504955676_1021929400108013_1970592445145858766_n.jpg\" data-lightbox=\"ig-gallery-2706\" data-title=\"504955676_1021929400108013_1970592445145858766_n\" data-width=\"1536\" data-height=\"2048\">\n                                    \n\n\n                    <div class=\"ig-image-container\">\n                        <img loading=\"lazy\" decoding=\"async\" width=\"150\" height=\"150\" src=\"https:\/\/parafia.faustyna.bialystok.pl\/wp-content\/uploads\/2025\/06\/504955676_1021929400108013_1970592445145858766_n-150x150.jpg\" class=\"ig-thumbnail loading\" alt=\"504955676_1021929400108013_1970592445145858766_n\" \/>                        \n                                            <\/div>\n\n\n\n                                    <\/a>\n                            <\/div>\n\n        <\/div>\n                        <div class=\"ig-col single-image igp-item ig-col-lg-2 ig-col-md-3 ig-col-sm-4 ig-col-6\" data-index=\"36\">\n            <div class=\"ig-image-card igp-card ig-has-card-border hvr-glow\">\n                                    <a class=\"ig-lightbox-item\" href=\"https:\/\/parafia.faustyna.bialystok.pl\/wp-content\/uploads\/2025\/06\/504969438_1021930516774568_460516753177654517_n.jpg\" data-lightbox=\"ig-gallery-2706\" data-title=\"504969438_1021930516774568_460516753177654517_n\" data-width=\"1536\" data-height=\"2048\">\n                                    \n\n\n                    <div class=\"ig-image-container\">\n                        <img loading=\"lazy\" decoding=\"async\" width=\"150\" height=\"150\" src=\"https:\/\/parafia.faustyna.bialystok.pl\/wp-content\/uploads\/2025\/06\/504969438_1021930516774568_460516753177654517_n-150x150.jpg\" class=\"ig-thumbnail loading\" alt=\"504969438_1021930516774568_460516753177654517_n\" \/>                        \n                                            <\/div>\n\n\n\n                                    <\/a>\n                            <\/div>\n\n        <\/div>\n                        <div class=\"ig-col single-image igp-item ig-col-lg-2 ig-col-md-3 ig-col-sm-4 ig-col-6\" data-index=\"37\">\n            <div class=\"ig-image-card igp-card ig-has-card-border hvr-glow\">\n                                    <a class=\"ig-lightbox-item\" href=\"https:\/\/parafia.faustyna.bialystok.pl\/wp-content\/uploads\/2025\/06\/505035303_1021929490108004_8598455422366558145_n.jpg\" data-lightbox=\"ig-gallery-2706\" data-title=\"505035303_1021929490108004_8598455422366558145_n\" data-width=\"1536\" data-height=\"2048\">\n                                    \n\n\n                    <div class=\"ig-image-container\">\n                        <img loading=\"lazy\" decoding=\"async\" width=\"150\" height=\"150\" src=\"https:\/\/parafia.faustyna.bialystok.pl\/wp-content\/uploads\/2025\/06\/505035303_1021929490108004_8598455422366558145_n-150x150.jpg\" class=\"ig-thumbnail loading\" alt=\"505035303_1021929490108004_8598455422366558145_n\" \/>                        \n                                            <\/div>\n\n\n\n                                    <\/a>\n                            <\/div>\n\n        <\/div>\n                        <div class=\"ig-col single-image igp-item ig-col-lg-2 ig-col-md-3 ig-col-sm-4 ig-col-6\" data-index=\"38\">\n            <div class=\"ig-image-card igp-card ig-has-card-border hvr-glow\">\n                                    <a class=\"ig-lightbox-item\" href=\"https:\/\/parafia.faustyna.bialystok.pl\/wp-content\/uploads\/2025\/06\/504975979_1021930746774545_7312640873391623409_n.jpg\" data-lightbox=\"ig-gallery-2706\" data-title=\"504975979_1021930746774545_7312640873391623409_n\" data-width=\"2048\" data-height=\"1536\">\n                                    \n\n\n                    <div class=\"ig-image-container\">\n                        <img loading=\"lazy\" decoding=\"async\" width=\"150\" height=\"150\" src=\"https:\/\/parafia.faustyna.bialystok.pl\/wp-content\/uploads\/2025\/06\/504975979_1021930746774545_7312640873391623409_n-150x150.jpg\" class=\"ig-thumbnail loading\" alt=\"504975979_1021930746774545_7312640873391623409_n\" \/>                        \n                                            <\/div>\n\n\n\n                                    <\/a>\n                            <\/div>\n\n        <\/div>\n                        <div class=\"ig-col single-image igp-item ig-col-lg-2 ig-col-md-3 ig-col-sm-4 ig-col-6\" data-index=\"39\">\n            <div class=\"ig-image-card igp-card ig-has-card-border hvr-glow\">\n                                    <a class=\"ig-lightbox-item\" href=\"https:\/\/parafia.faustyna.bialystok.pl\/wp-content\/uploads\/2025\/06\/504990182_1021929060108047_3159915297764282418_n.jpg\" data-lightbox=\"ig-gallery-2706\" data-title=\"504990182_1021929060108047_3159915297764282418_n\" data-width=\"2048\" data-height=\"1536\">\n                                    \n\n\n                    <div class=\"ig-image-container\">\n                        <img loading=\"lazy\" decoding=\"async\" width=\"150\" height=\"150\" src=\"https:\/\/parafia.faustyna.bialystok.pl\/wp-content\/uploads\/2025\/06\/504990182_1021929060108047_3159915297764282418_n-150x150.jpg\" class=\"ig-thumbnail loading\" alt=\"504990182_1021929060108047_3159915297764282418_n\" \/>                        \n                                            <\/div>\n\n\n\n                                    <\/a>\n                            <\/div>\n\n        <\/div>\n                        <div class=\"ig-col single-image igp-item ig-col-lg-2 ig-col-md-3 ig-col-sm-4 ig-col-6\" data-index=\"40\">\n            <div class=\"ig-image-card igp-card ig-has-card-border hvr-glow\">\n                                    <a class=\"ig-lightbox-item\" href=\"https:\/\/parafia.faustyna.bialystok.pl\/wp-content\/uploads\/2025\/06\/505229271_1021929950107958_7312586732801547976_n.jpg\" data-lightbox=\"ig-gallery-2706\" data-title=\"505229271_1021929950107958_7312586732801547976_n\" data-width=\"2048\" data-height=\"1536\">\n                                    \n\n\n                    <div class=\"ig-image-container\">\n                        <img loading=\"lazy\" decoding=\"async\" width=\"150\" height=\"150\" src=\"https:\/\/parafia.faustyna.bialystok.pl\/wp-content\/uploads\/2025\/06\/505229271_1021929950107958_7312586732801547976_n-150x150.jpg\" class=\"ig-thumbnail loading\" alt=\"505229271_1021929950107958_7312586732801547976_n\" \/>                        \n                                            <\/div>\n\n\n\n                                    <\/a>\n                            <\/div>\n\n        <\/div>\n                        <div class=\"ig-col single-image igp-item ig-col-lg-2 ig-col-md-3 ig-col-sm-4 ig-col-6\" data-index=\"41\">\n            <div class=\"ig-image-card igp-card ig-has-card-border hvr-glow\">\n                                    <a class=\"ig-lightbox-item\" href=\"https:\/\/parafia.faustyna.bialystok.pl\/wp-content\/uploads\/2025\/06\/505139229_1021930123441274_3237684914048914523_n.jpg\" data-lightbox=\"ig-gallery-2706\" data-title=\"505139229_1021930123441274_3237684914048914523_n\" data-width=\"2048\" data-height=\"1536\">\n                                    \n\n\n                    <div class=\"ig-image-container\">\n                        <img loading=\"lazy\" decoding=\"async\" width=\"150\" height=\"150\" src=\"https:\/\/parafia.faustyna.bialystok.pl\/wp-content\/uploads\/2025\/06\/505139229_1021930123441274_3237684914048914523_n-150x150.jpg\" class=\"ig-thumbnail loading\" alt=\"505139229_1021930123441274_3237684914048914523_n\" \/>                        \n                                            <\/div>\n\n\n\n                                    <\/a>\n                            <\/div>\n\n        <\/div>\n                        <div class=\"ig-col single-image igp-item ig-col-lg-2 ig-col-md-3 ig-col-sm-4 ig-col-6\" data-index=\"42\">\n            <div class=\"ig-image-card igp-card ig-has-card-border hvr-glow\">\n                                    <a class=\"ig-lightbox-item\" href=\"https:\/\/parafia.faustyna.bialystok.pl\/wp-content\/uploads\/2025\/06\/505231045_1021929770107976_2795700068966790161_n.jpg\" data-lightbox=\"ig-gallery-2706\" data-title=\"505231045_1021929770107976_2795700068966790161_n\" data-width=\"1536\" data-height=\"2048\">\n                                    \n\n\n                    <div class=\"ig-image-container\">\n                        <img loading=\"lazy\" decoding=\"async\" width=\"150\" height=\"150\" src=\"https:\/\/parafia.faustyna.bialystok.pl\/wp-content\/uploads\/2025\/06\/505231045_1021929770107976_2795700068966790161_n-150x150.jpg\" class=\"ig-thumbnail loading\" alt=\"505231045_1021929770107976_2795700068966790161_n\" \/>                        \n                                            <\/div>\n\n\n\n                                    <\/a>\n                            <\/div>\n\n        <\/div>\n                        <div class=\"ig-col single-image igp-item ig-col-lg-2 ig-col-md-3 ig-col-sm-4 ig-col-6\" data-index=\"43\">\n            <div class=\"ig-image-card igp-card ig-has-card-border hvr-glow\">\n                                    <a class=\"ig-lightbox-item\" href=\"https:\/\/parafia.faustyna.bialystok.pl\/wp-content\/uploads\/2025\/06\/505295643_1021930843441202_1552899414540373155_n.jpg\" data-lightbox=\"ig-gallery-2706\" data-title=\"505295643_1021930843441202_1552899414540373155_n\" data-width=\"1536\" data-height=\"2048\">\n                                    \n\n\n                    <div class=\"ig-image-container\">\n                        <img loading=\"lazy\" decoding=\"async\" width=\"150\" height=\"150\" src=\"https:\/\/parafia.faustyna.bialystok.pl\/wp-content\/uploads\/2025\/06\/505295643_1021930843441202_1552899414540373155_n-150x150.jpg\" class=\"ig-thumbnail loading\" alt=\"505295643_1021930843441202_1552899414540373155_n\" \/>                        \n                                            <\/div>\n\n\n\n                                    <\/a>\n                            <\/div>\n\n        <\/div>\n                        <div class=\"ig-col single-image igp-item ig-col-lg-2 ig-col-md-3 ig-col-sm-4 ig-col-6\" data-index=\"44\">\n            <div class=\"ig-image-card igp-card ig-has-card-border hvr-glow\">\n                                    <a class=\"ig-lightbox-item\" href=\"https:\/\/parafia.faustyna.bialystok.pl\/wp-content\/uploads\/2025\/06\/505221864_1021930063441280_6142571173022517343_n.jpg\" data-lightbox=\"ig-gallery-2706\" data-title=\"505221864_1021930063441280_6142571173022517343_n\" data-width=\"2048\" data-height=\"1536\">\n                                    \n\n\n                    <div class=\"ig-image-container\">\n                        <img loading=\"lazy\" decoding=\"async\" width=\"150\" height=\"150\" src=\"https:\/\/parafia.faustyna.bialystok.pl\/wp-content\/uploads\/2025\/06\/505221864_1021930063441280_6142571173022517343_n-150x150.jpg\" class=\"ig-thumbnail loading\" alt=\"505221864_1021930063441280_6142571173022517343_n\" \/>                        \n                                            <\/div>\n\n\n\n                                    <\/a>\n                            <\/div>\n\n        <\/div>\n                        <div class=\"ig-col single-image igp-item ig-col-lg-2 ig-col-md-3 ig-col-sm-4 ig-col-6\" data-index=\"45\">\n            <div class=\"ig-image-card igp-card ig-has-card-border hvr-glow\">\n                                    <a class=\"ig-lightbox-item\" href=\"https:\/\/parafia.faustyna.bialystok.pl\/wp-content\/uploads\/2025\/06\/505279239_1021928836774736_5732618582341881109_n.jpg\" data-lightbox=\"ig-gallery-2706\" data-title=\"505279239_1021928836774736_5732618582341881109_n\" data-width=\"1200\" data-height=\"1600\">\n                                    \n\n\n                    <div class=\"ig-image-container\">\n                        <img loading=\"lazy\" decoding=\"async\" width=\"150\" height=\"150\" src=\"https:\/\/parafia.faustyna.bialystok.pl\/wp-content\/uploads\/2025\/06\/505279239_1021928836774736_5732618582341881109_n-150x150.jpg\" class=\"ig-thumbnail loading\" alt=\"505279239_1021928836774736_5732618582341881109_n\" \/>                        \n                                            <\/div>\n\n\n\n                                    <\/a>\n                            <\/div>\n\n        <\/div>\n                        <div class=\"ig-col single-image igp-item ig-col-lg-2 ig-col-md-3 ig-col-sm-4 ig-col-6\" data-index=\"46\">\n            <div class=\"ig-image-card igp-card ig-has-card-border hvr-glow\">\n                                    <a class=\"ig-lightbox-item\" href=\"https:\/\/parafia.faustyna.bialystok.pl\/wp-content\/uploads\/2025\/06\/505318911_1021929683441318_8586036219323820658_n.jpg\" data-lightbox=\"ig-gallery-2706\" data-title=\"505318911_1021929683441318_8586036219323820658_n\" data-width=\"2048\" data-height=\"1536\">\n                                    \n\n\n                    <div class=\"ig-image-container\">\n                        <img loading=\"lazy\" decoding=\"async\" width=\"150\" height=\"150\" src=\"https:\/\/parafia.faustyna.bialystok.pl\/wp-content\/uploads\/2025\/06\/505318911_1021929683441318_8586036219323820658_n-150x150.jpg\" class=\"ig-thumbnail loading\" alt=\"505318911_1021929683441318_8586036219323820658_n\" \/>                        \n                                            <\/div>\n\n\n\n                                    <\/a>\n                            <\/div>\n\n        <\/div>\n                        <div class=\"ig-col single-image igp-item ig-col-lg-2 ig-col-md-3 ig-col-sm-4 ig-col-6\" data-index=\"47\">\n            <div class=\"ig-image-card igp-card ig-has-card-border hvr-glow\">\n                                    <a class=\"ig-lightbox-item\" href=\"https:\/\/parafia.faustyna.bialystok.pl\/wp-content\/uploads\/2025\/06\/505286430_1021929273441359_753164869450344615_n.jpg\" data-lightbox=\"ig-gallery-2706\" data-title=\"505286430_1021929273441359_753164869450344615_n\" data-width=\"2048\" data-height=\"1518\">\n                                    \n\n\n                    <div class=\"ig-image-container\">\n                        <img loading=\"lazy\" decoding=\"async\" width=\"150\" height=\"150\" src=\"https:\/\/parafia.faustyna.bialystok.pl\/wp-content\/uploads\/2025\/06\/505286430_1021929273441359_753164869450344615_n-150x150.jpg\" class=\"ig-thumbnail loading\" alt=\"505286430_1021929273441359_753164869450344615_n\" \/>                        \n                                            <\/div>\n\n\n\n                                    <\/a>\n                            <\/div>\n\n        <\/div>\n                        <div class=\"ig-col single-image igp-item ig-col-lg-2 ig-col-md-3 ig-col-sm-4 ig-col-6\" data-index=\"48\">\n            <div class=\"ig-image-card igp-card ig-has-card-border hvr-glow\">\n                                    <a class=\"ig-lightbox-item\" href=\"https:\/\/parafia.faustyna.bialystok.pl\/wp-content\/uploads\/2025\/06\/505316217_1021928943441392_4946597421307175495_n.jpg\" data-lightbox=\"ig-gallery-2706\" data-title=\"505316217_1021928943441392_4946597421307175495_n\" data-width=\"1536\" data-height=\"2048\">\n                                    \n\n\n                    <div class=\"ig-image-container\">\n                        <img loading=\"lazy\" decoding=\"async\" width=\"150\" height=\"150\" src=\"https:\/\/parafia.faustyna.bialystok.pl\/wp-content\/uploads\/2025\/06\/505316217_1021928943441392_4946597421307175495_n-150x150.jpg\" class=\"ig-thumbnail loading\" alt=\"505316217_1021928943441392_4946597421307175495_n\" \/>                        \n                                            <\/div>\n\n\n\n                                    <\/a>\n                            <\/div>\n\n        <\/div>\n                        <div class=\"ig-col single-image igp-item ig-col-lg-2 ig-col-md-3 ig-col-sm-4 ig-col-6\" data-index=\"49\">\n            <div class=\"ig-image-card igp-card ig-has-card-border hvr-glow\">\n                                    <a class=\"ig-lightbox-item\" href=\"https:\/\/parafia.faustyna.bialystok.pl\/wp-content\/uploads\/2025\/06\/505351292_1021929716774648_2732408259491768218_n.jpg\" data-lightbox=\"ig-gallery-2706\" data-title=\"505351292_1021929716774648_2732408259491768218_n\" data-width=\"1536\" data-height=\"2048\">\n                                    \n\n\n                    <div class=\"ig-image-container\">\n                        <img loading=\"lazy\" decoding=\"async\" width=\"150\" height=\"150\" src=\"https:\/\/parafia.faustyna.bialystok.pl\/wp-content\/uploads\/2025\/06\/505351292_1021929716774648_2732408259491768218_n-150x150.jpg\" class=\"ig-thumbnail loading\" alt=\"505351292_1021929716774648_2732408259491768218_n\" \/>                        \n                                            <\/div>\n\n\n\n                                    <\/a>\n                            <\/div>\n\n        <\/div>\n                        <div class=\"ig-col single-image igp-item ig-col-lg-2 ig-col-md-3 ig-col-sm-4 ig-col-6\" data-index=\"50\">\n            <div class=\"ig-image-card igp-card ig-has-card-border hvr-glow\">\n                                    <a class=\"ig-lightbox-item\" href=\"https:\/\/parafia.faustyna.bialystok.pl\/wp-content\/uploads\/2025\/06\/505357757_1021930000107953_5086848479145106880_n.jpg\" data-lightbox=\"ig-gallery-2706\" data-title=\"505357757_1021930000107953_5086848479145106880_n\" data-width=\"2048\" data-height=\"1536\">\n                                    \n\n\n                    <div class=\"ig-image-container\">\n                        <img loading=\"lazy\" decoding=\"async\" width=\"150\" height=\"150\" src=\"https:\/\/parafia.faustyna.bialystok.pl\/wp-content\/uploads\/2025\/06\/505357757_1021930000107953_5086848479145106880_n-150x150.jpg\" class=\"ig-thumbnail loading\" alt=\"505357757_1021930000107953_5086848479145106880_n\" \/>                        \n                                            <\/div>\n\n\n\n                                    <\/a>\n                            <\/div>\n\n        <\/div>\n            <\/div>\n\n\n\n        <\/div>\n","protected":false},"excerpt":{"rendered":"<p>W dniach 30.05.-01.06.2025 r. odby\u0142a si\u0119 pielgrzymka do P\u0142ocka, W\u0142oc\u0142awka, Torunia, G\u00f3rki Klasztornej, Lichenia, \u015awinic Warckich, G\u0142ogowca i Warszawy W P\u0142ocku odwiedzili\u015bmy Sanktuarium Mi\u0142osierdzia Bo\u017cego, , gdzie Pan Jezus 22 lutego 1931 r. objawi\u0142 si\u0119 \u015bw. Faustynie polecaj\u0105c jej namalowanie obrazu &#8220;Jezu, ufam Tobie. We W\u0142oc\u0142awku nawiedzili\u015bmy miejsce m\u0119cze\u0144stwa b\u0142.<span class=\"more-link\"><a href=\"https:\/\/parafia.faustyna.bialystok.pl\/?p=2758\">Czytaj dalej<\/a><\/span><\/p>\n","protected":false},"author":1,"featured_media":2760,"comment_status":"closed","ping_status":"closed","sticky":false,"template":"","format":"standard","meta":{"footnotes":""},"categories":[2],"tags":[],"class_list":["entry","author-parafia_admin","post-2758","post","type-post","status-publish","format-standard","has-post-thumbnail","category-wydarzenia"],"_links":{"self":[{"href":"https:\/\/parafia.faustyna.bialystok.pl\/index.php?rest_route=\/wp\/v2\/posts\/2758","targetHints":{"allow":["GET"]}}],"collection":[{"href":"https:\/\/parafia.faustyna.bialystok.pl\/index.php?rest_route=\/wp\/v2\/posts"}],"about":[{"href":"https:\/\/parafia.faustyna.bialystok.pl\/index.php?rest_route=\/wp\/v2\/types\/post"}],"author":[{"embeddable":true,"href":"https:\/\/parafia.faustyna.bialystok.pl\/index.php?rest_route=\/wp\/v2\/users\/1"}],"replies":[{"embeddable":true,"href":"https:\/\/parafia.faustyna.bialystok.pl\/index.php?rest_route=%2Fwp%2Fv2%2Fcomments&post=2758"}],"version-history":[{"count":1,"href":"https:\/\/parafia.faustyna.bialystok.pl\/index.php?rest_route=\/wp\/v2\/posts\/2758\/revisions"}],"predecessor-version":[{"id":2759,"href":"https:\/\/parafia.faustyna.bialystok.pl\/index.php?rest_route=\/wp\/v2\/posts\/2758\/revisions\/2759"}],"wp:featuredmedia":[{"embeddable":true,"href":"https:\/\/parafia.faustyna.bialystok.pl\/index.php?rest_route=\/wp\/v2\/media\/2760"}],"wp:attachment":[{"href":"https:\/\/parafia.faustyna.bialystok.pl\/index.php?rest_route=%2Fwp%2Fv2%2Fmedia&parent=2758"}],"wp:term":[{"taxonomy":"category","embeddable":true,"href":"https:\/\/parafia.faustyna.bialystok.pl\/index.php?rest_route=%2Fwp%2Fv2%2Fcategories&post=2758"},{"taxonomy":"post_tag","embeddable":true,"href":"https:\/\/parafia.faustyna.bialystok.pl\/index.php?rest_route=%2Fwp%2Fv2%2Ftags&post=2758"}],"curies":[{"name":"wp","href":"https:\/\/api.w.org\/{rel}","templated":true}]}}