{"id":2854,"date":"2025-07-02T19:13:19","date_gmt":"2025-07-02T18:13:19","guid":{"rendered":"https:\/\/parafia.faustyna.bialystok.pl\/?p=2854"},"modified":"2025-07-02T19:13:19","modified_gmt":"2025-07-02T18:13:19","slug":"2025-06-29-uroczystosc-sw-apostolow-piotra-i-pawla","status":"publish","type":"post","link":"https:\/\/parafia.faustyna.bialystok.pl\/?p=2854","title":{"rendered":"2025.06.29 \u2013 Uroczysto\u015b\u0107 \u015bw. Aposto\u0142\u00f3w Piotra i Paw\u0142a"},"content":{"rendered":"<div class=\"x14z9mp xat24cr x1lziwak x1vvkbs xtlvy1s x126k92a\"><img fetchpriority=\"high\" decoding=\"async\" class=\"wp-image-2856  alignright\" src=\"https:\/\/parafia.faustyna.bialystok.pl\/wp-content\/uploads\/2025\/07\/piotr_pawel-2.jpg\" alt=\"\" width=\"578\" height=\"767\" srcset=\"https:\/\/parafia.faustyna.bialystok.pl\/wp-content\/uploads\/2025\/07\/piotr_pawel-2.jpg 1000w, https:\/\/parafia.faustyna.bialystok.pl\/wp-content\/uploads\/2025\/07\/piotr_pawel-2-226x300.jpg 226w, https:\/\/parafia.faustyna.bialystok.pl\/wp-content\/uploads\/2025\/07\/piotr_pawel-2-772x1024.jpg 772w, https:\/\/parafia.faustyna.bialystok.pl\/wp-content\/uploads\/2025\/07\/piotr_pawel-2-768x1019.jpg 768w, https:\/\/parafia.faustyna.bialystok.pl\/wp-content\/uploads\/2025\/07\/piotr_pawel-2-414x550.jpg 414w, https:\/\/parafia.faustyna.bialystok.pl\/wp-content\/uploads\/2025\/07\/piotr_pawel-2-377x500.jpg 377w\" sizes=\"(max-width: 578px) 100vw, 578px\" \/><\/p>\n<ol>\n<li dir=\"auto\">W nast\u0119pn\u0105 niedziel\u0119 (6.07) taca na potrzeby Archidiecezji. B\u0119dzie to r\u00f3wnie\u017c pierwsza niedziela miesi\u0105ca, dlatego po Mszy \u015awi\u0119tej o godz. 9.00 procesja eucharystyczna. Dzisiaj taca na \u015awi\u0119topietrze.<\/li>\n<li dir=\"auto\">W tym tygodniu:<br \/>\n&#8211; \u015broda \u2013 Adoracja od godz. 17.00<br \/>\n&#8211; czwartek \u2013 \u015bwi\u0119to \u015bw. Tomasza, Aposto\u0142a. Pierwszy czwartek miesi\u0105ca, o godz. 18.00 Msza \u015aw. w<br \/>\nintencji powo\u0142a\u0144, a od 23.00 do 24.00 \u2013 Godzina \u015awi\u0119ta<br \/>\n&#8211; pi\u0105tek \u2013 pierwszy pi\u0105tek miesi\u0105ca; Msze \u015aw. o godz. 7.00 i 18.00; spowied\u017a 30 minut przed rozpocz\u0119ciem Eucharystii.<br \/>\n&#8211; sobota \u2013 pierwsza sobota miesi\u0105ca, wieczorem Nabo\u017ce\u0144stwo Pierwszosobotnie. Jest to r\u00f3wnie\u017c 5 dzie\u0144 miesi\u0105ca \u2013 nowenna do \u015bw. Faustyny o godz. 17.30.<\/li>\n<li dir=\"auto\">Przypominamy, \u017ce w lipcu i sierpniu nie b\u0119dzie Mszy \u015aw. o godzinie 13.30, natomiast kancelaria b\u0119dzie czynna 30 min. po zako\u0144czonej wieczornej Eucharystii.<\/li>\n<li dir=\"auto\">W letnie dni przypominamy o odpowiednim stroju do ko\u015bcio\u0142a. Niech b\u0119dzie on wyrazem naszego szacunku do miejsca \u015bwi\u0119tego, a gromadz\u0105cym si\u0119 na Eucharystii pomaga w skupieniu i modlitwie.<\/li>\n<li dir=\"auto\">U Pana Marka s\u0105 do nabycia Drogi Mi\u0142osierdzia oraz dla najm\u0142odszych czasopismo Sta\u015b.<\/li>\n<li dir=\"auto\">XXIX Archidiecezjalna Piesza Pielgrzymka do Sanktuarium Matki Bo\u017cej Kr\u00f3lowej Rodzin w Juchnowcu odb\u0119dzie si\u0119 w sobot\u0119 5 lipca br. Pielgrzymka rozpocznie si\u0119 o godz. 8.00 modlitw\u0105 przed obrazem Matki Mi\u0142osierdzia w archikatedrze bia\u0142ostockiej. Do uczestnictwa w niej zapraszamy wszystkich wiernych, a zw\u0142aszcza rodziny.<\/li>\n<li dir=\"auto\">XXXIX Bia\u0142ostocka Piesza Pielgrzymka na Jasn\u0105 G\u00f3r\u0119 rozpocznie si\u0119 30 lipca br. Msz\u0105 \u015bw. sprawowan\u0105 o godz. 6.00 w bia\u0142ostockiej archikatedrze. Zapisy od 25 lipca w godzinach 17.00-19.00 w Arkadach Katedralnych. Zapisy do GRUPY Z\u0141OTEJ w parafiach. Szczeg\u00f3\u0142owe informacje na <span class=\"html-span xdj266r x14z9mp xat24cr x1lziwak xexx8yu xyri2b x18d9i69 x1c1uobl x1hl2dhg x16tdsg8 x1vvkbs\"><a class=\"x1i10hfl xjbqb8w x1ejq31n x18oe1m7 x1sy0etr xstzfhl x972fbf x10w94by x1qhh985 x14e42zd x9f619 x1ypdohk xt0psk2 xe8uvvx xdj266r x14z9mp xat24cr x1lziwak xexx8yu xyri2b x18d9i69 x1c1uobl x16tdsg8 x1hl2dhg xggy1nq x1a2a7pz xkrqix3 x1sur9pj x1fey0fg x1s688f\" tabindex=\"0\" role=\"link\" href=\"https:\/\/l.facebook.com\/l.php?u=http%3A%2F%2Fwwww.bppnjg.pl%2F%3Ffbclid%3DIwZXh0bgNhZW0CMTAAYnJpZBEwcGtucHlzWFVCYmEzN1lEbAEe6Myj09tKn2J7V0oWMWdtCljg2DmfAALAi5gO4p14F6gTiFtTDHOnsm7Rca8_aem_9MGHd9aqoVnpNYsrrPSzVA&amp;h=AT0sScOBvfFDpLN8x-8O6Flmu0lABVMpw_oCXvH-5Mb04cRQYAi-Hx0krkBThwPJcGCgYfQFwHjP7v9rV0AzJ7qHSeXDLp1ho_mYddx4VcOP4Wk_IKvecrWfTQfImOopnq0MohGyrHPCuabu&amp;__tn__=-UK-R&amp;c[0]=AT0MmWKUuxYGsnoj6H7By-NJVmwVMOk1w37mXmkEGFgaKHbqqC1kYprepje_WuXT2FPIrMXd4cbeegu43UrwkwfeFqTEEdz3en7jEQ4caiTPErH5_x66eZK9h59AlQA0kcLMic-LvO-Q56_s1P-c2djgUJ5O8CozS87r7Ucmq7xLlSUa_oLpKwwmPXsVxBbdiRS72QIVtPqli7FvouA3kXFb_Gxc\" target=\"_blank\" rel=\"nofollow noopener\">wwww.bppnjg.pl.<\/a><\/span><\/li>\n<li dir=\"auto\">\u017byczymy wszystkim Bo\u017cego b\u0142ogos\u0142awie\u0144stwa i opieki Matki Bo\u017cej, szczeg\u00f3lnie wypoczywaj\u0105cym na wakacjach i urlopach.<\/li>\n<\/ol>\n<\/div>\n","protected":false},"excerpt":{"rendered":"<p>W nast\u0119pn\u0105 niedziel\u0119 (6.07) taca na potrzeby Archidiecezji. B\u0119dzie to r\u00f3wnie\u017c pierwsza niedziela miesi\u0105ca, dlatego po Mszy \u015awi\u0119tej o godz. 9.00 procesja eucharystyczna. Dzisiaj taca na \u015awi\u0119topietrze. W tym tygodniu: &#8211; \u015broda \u2013 Adoracja od godz. 17.00 &#8211; czwartek \u2013 \u015bwi\u0119to \u015bw. Tomasza, Aposto\u0142a. Pierwszy czwartek miesi\u0105ca, o godz. 18.00<span class=\"more-link\"><a href=\"https:\/\/parafia.faustyna.bialystok.pl\/?p=2854\">Czytaj dalej<\/a><\/span><\/p>\n","protected":false},"author":1,"featured_media":2855,"comment_status":"closed","ping_status":"closed","sticky":false,"template":"","format":"standard","meta":{"footnotes":""},"categories":[3],"tags":[],"class_list":["entry","author-parafia_admin","post-2854","post","type-post","status-publish","format-standard","has-post-thumbnail","category-ogloszenia"],"_links":{"self":[{"href":"https:\/\/parafia.faustyna.bialystok.pl\/index.php?rest_route=\/wp\/v2\/posts\/2854","targetHints":{"allow":["GET"]}}],"collection":[{"href":"https:\/\/parafia.faustyna.bialystok.pl\/index.php?rest_route=\/wp\/v2\/posts"}],"about":[{"href":"https:\/\/parafia.faustyna.bialystok.pl\/index.php?rest_route=\/wp\/v2\/types\/post"}],"author":[{"embeddable":true,"href":"https:\/\/parafia.faustyna.bialystok.pl\/index.php?rest_route=\/wp\/v2\/users\/1"}],"replies":[{"embeddable":true,"href":"https:\/\/parafia.faustyna.bialystok.pl\/index.php?rest_route=%2Fwp%2Fv2%2Fcomments&post=2854"}],"version-history":[{"count":1,"href":"https:\/\/parafia.faustyna.bialystok.pl\/index.php?rest_route=\/wp\/v2\/posts\/2854\/revisions"}],"predecessor-version":[{"id":2857,"href":"https:\/\/parafia.faustyna.bialystok.pl\/index.php?rest_route=\/wp\/v2\/posts\/2854\/revisions\/2857"}],"wp:featuredmedia":[{"embeddable":true,"href":"https:\/\/parafia.faustyna.bialystok.pl\/index.php?rest_route=\/wp\/v2\/media\/2855"}],"wp:attachment":[{"href":"https:\/\/parafia.faustyna.bialystok.pl\/index.php?rest_route=%2Fwp%2Fv2%2Fmedia&parent=2854"}],"wp:term":[{"taxonomy":"category","embeddable":true,"href":"https:\/\/parafia.faustyna.bialystok.pl\/index.php?rest_route=%2Fwp%2Fv2%2Fcategories&post=2854"},{"taxonomy":"post_tag","embeddable":true,"href":"https:\/\/parafia.faustyna.bialystok.pl\/index.php?rest_route=%2Fwp%2Fv2%2Ftags&post=2854"}],"curies":[{"name":"wp","href":"https:\/\/api.w.org\/{rel}","templated":true}]}}