{"id":2869,"date":"2025-07-06T11:24:51","date_gmt":"2025-07-06T10:24:51","guid":{"rendered":"https:\/\/parafia.faustyna.bialystok.pl\/?p=2869"},"modified":"2025-07-06T11:24:51","modified_gmt":"2025-07-06T10:24:51","slug":"2025-07-06-xiv-niedziela-zwykla","status":"publish","type":"post","link":"https:\/\/parafia.faustyna.bialystok.pl\/?p=2869","title":{"rendered":"2025.07.06 \u2013 XIV Niedziela Zwyk\u0142a"},"content":{"rendered":"<div class=\"x14z9mp xat24cr x1lziwak x1vvkbs xtlvy1s x126k92a\">\n<ol>\n<li dir=\"auto\"><img fetchpriority=\"high\" decoding=\"async\" class=\"wp-image-2870 size-full alignright\" src=\"https:\/\/parafia.faustyna.bialystok.pl\/wp-content\/uploads\/2025\/07\/wwakacjeniezapominaj.jpg\" alt=\"\" width=\"600\" height=\"398\" srcset=\"https:\/\/parafia.faustyna.bialystok.pl\/wp-content\/uploads\/2025\/07\/wwakacjeniezapominaj.jpg 600w, https:\/\/parafia.faustyna.bialystok.pl\/wp-content\/uploads\/2025\/07\/wwakacjeniezapominaj-300x199.jpg 300w, https:\/\/parafia.faustyna.bialystok.pl\/wp-content\/uploads\/2025\/07\/wwakacjeniezapominaj-465x308.jpg 465w\" sizes=\"(max-width: 600px) 100vw, 600px\" \/>Ofiary sk\u0142adane dzisiaj na tac\u0119 s\u0105 przeznaczone na potrzeby Archidiecezji.<\/li>\n<li dir=\"auto\">W tym tygodniu:<br \/>\n&#8211; wtorek \u2013 wspomnienie \u015bw. Jana z Dukli, prezbitera<br \/>\n&#8211; \u015broda \u2013 Adoracja od godz. 17:00<br \/>\n&#8211; pi\u0105tek \u2013 \u015bwi\u0119to \u015bw. Benedykta, opata, patrona Europy<br \/>\n&#8211; sobota \u2013 wspomnienie \u015bw. Brunona z Kwerfurtu, biskupa i m\u0119czennika.<\/li>\n<li dir=\"auto\">W nast\u0119pn\u0105 niedziel\u0119 przypada 13 dzie\u0144 miesi\u0105ca. Nabo\u017ce\u0144stwo Fatimskie po Mszy \u015aw. o godz. 17:00.<\/li>\n<li dir=\"auto\">Kancelaria podczas wakacji jest czynna od poniedzia\u0142ku do pi\u0105tku przez p\u00f3\u0142 godziny po zako\u0144czonej wieczornej Mszy \u015awi\u0119tej.<\/li>\n<li dir=\"auto\">U Pana Marka s\u0105 do nabycia Drogi Mi\u0142osierdzia oraz dla najm\u0142odszych czasopismo Sta\u015b. Zach\u0119camy do lektury wakacyjnego numeru &#8220;Dr\u00f3g Mi\u0142osierdzia&#8221;. G\u0142\u00f3wnym tematem numeru jest chrze\u015bcija\u0144ski odpoczynek, kt\u00f3ry jest szans\u0105 na g\u0142\u0119bsze spotkanie ze sob\u0105, z bliskimi i z Bogiem. Pomoc\u0105 w dobrym prze\u017cywaniu wakacji mog\u0105 by\u0107 rozwa\u017cania Ewangelii na lipcowe i sierpniowe niedziele i \u015bwi\u0119ta oraz kr\u00f3tki przewodnik po \u015bwi\u0105tyniach jubileuszowych naszej archidiecezji.<\/li>\n<li dir=\"auto\">XXXIX Bia\u0142ostocka Piesza Pielgrzymka na Jasn\u0105 G\u00f3r\u0119 rozpocznie si\u0119 30 lipca br. Msz\u0105 \u015bw. sprawowan\u0105 o godz. 6.00 w bia\u0142ostockiej archikatedrze. Zapisy od 25 lipca w godzinach 17.00-19.00 w Arkadach Katedralnych. Zapisy do GRUPY Z\u0141OTEJ w parafiach. Szczeg\u00f3\u0142owe informacje na <a href=\"https:\/\/bppnjg.pl\/\">Bia\u0142ostocka Piesza Pielgrzymka na Jasn\u0105 G\u00f3r\u0119<\/a>.<\/li>\n<li dir=\"auto\">\u017byczymy wszystkim Bo\u017cego b\u0142ogos\u0142awie\u0144stwa i opieki Matki Bo\u017cej, a korzystaj\u0105cym z urlop\u00f3w i wakacyjnego odpoczynku \u017cyczymy bezpiecznych podr\u00f3\u017cy i odnowy si\u0142 fizycznych i duchowych.<\/li>\n<\/ol>\n<\/div>\n","protected":false},"excerpt":{"rendered":"<p>Ofiary sk\u0142adane dzisiaj na tac\u0119 s\u0105 przeznaczone na potrzeby Archidiecezji. W tym tygodniu: &#8211; wtorek \u2013 wspomnienie \u015bw. Jana z Dukli, prezbitera &#8211; \u015broda \u2013 Adoracja od godz. 17:00 &#8211; pi\u0105tek \u2013 \u015bwi\u0119to \u015bw. Benedykta, opata, patrona Europy &#8211; sobota \u2013 wspomnienie \u015bw. Brunona z Kwerfurtu, biskupa i m\u0119czennika. W<span class=\"more-link\"><a href=\"https:\/\/parafia.faustyna.bialystok.pl\/?p=2869\">Czytaj dalej<\/a><\/span><\/p>\n","protected":false},"author":1,"featured_media":2871,"comment_status":"closed","ping_status":"closed","sticky":false,"template":"","format":"standard","meta":{"footnotes":""},"categories":[3],"tags":[],"class_list":["entry","author-parafia_admin","post-2869","post","type-post","status-publish","format-standard","has-post-thumbnail","category-ogloszenia"],"_links":{"self":[{"href":"https:\/\/parafia.faustyna.bialystok.pl\/index.php?rest_route=\/wp\/v2\/posts\/2869","targetHints":{"allow":["GET"]}}],"collection":[{"href":"https:\/\/parafia.faustyna.bialystok.pl\/index.php?rest_route=\/wp\/v2\/posts"}],"about":[{"href":"https:\/\/parafia.faustyna.bialystok.pl\/index.php?rest_route=\/wp\/v2\/types\/post"}],"author":[{"embeddable":true,"href":"https:\/\/parafia.faustyna.bialystok.pl\/index.php?rest_route=\/wp\/v2\/users\/1"}],"replies":[{"embeddable":true,"href":"https:\/\/parafia.faustyna.bialystok.pl\/index.php?rest_route=%2Fwp%2Fv2%2Fcomments&post=2869"}],"version-history":[{"count":1,"href":"https:\/\/parafia.faustyna.bialystok.pl\/index.php?rest_route=\/wp\/v2\/posts\/2869\/revisions"}],"predecessor-version":[{"id":2872,"href":"https:\/\/parafia.faustyna.bialystok.pl\/index.php?rest_route=\/wp\/v2\/posts\/2869\/revisions\/2872"}],"wp:featuredmedia":[{"embeddable":true,"href":"https:\/\/parafia.faustyna.bialystok.pl\/index.php?rest_route=\/wp\/v2\/media\/2871"}],"wp:attachment":[{"href":"https:\/\/parafia.faustyna.bialystok.pl\/index.php?rest_route=%2Fwp%2Fv2%2Fmedia&parent=2869"}],"wp:term":[{"taxonomy":"category","embeddable":true,"href":"https:\/\/parafia.faustyna.bialystok.pl\/index.php?rest_route=%2Fwp%2Fv2%2Fcategories&post=2869"},{"taxonomy":"post_tag","embeddable":true,"href":"https:\/\/parafia.faustyna.bialystok.pl\/index.php?rest_route=%2Fwp%2Fv2%2Ftags&post=2869"}],"curies":[{"name":"wp","href":"https:\/\/api.w.org\/{rel}","templated":true}]}}