{"id":2873,"date":"2025-07-06T18:38:56","date_gmt":"2025-07-06T17:38:56","guid":{"rendered":"https:\/\/parafia.faustyna.bialystok.pl\/?p=2873"},"modified":"2025-07-06T18:38:56","modified_gmt":"2025-07-06T17:38:56","slug":"2025-07-30-bialostocka-piesza-pielgrzymka-na-jasna-gore","status":"publish","type":"post","link":"https:\/\/parafia.faustyna.bialystok.pl\/?p=2873","title":{"rendered":"2025.07.30 &#8211; Bia\u0142ostocka Piesza Pielgrzymka na Jasn\u0105 G\u00f3r\u0119"},"content":{"rendered":"<p><img fetchpriority=\"high\" decoding=\"async\" class=\"aligncenter wp-image-2875 size-full\" src=\"https:\/\/parafia.faustyna.bialystok.pl\/wp-content\/uploads\/2025\/07\/bppnjg2.jpg\" alt=\"\" width=\"1491\" height=\"2000\" srcset=\"https:\/\/parafia.faustyna.bialystok.pl\/wp-content\/uploads\/2025\/07\/bppnjg2.jpg 1491w, https:\/\/parafia.faustyna.bialystok.pl\/wp-content\/uploads\/2025\/07\/bppnjg2-224x300.jpg 224w, https:\/\/parafia.faustyna.bialystok.pl\/wp-content\/uploads\/2025\/07\/bppnjg2-763x1024.jpg 763w, https:\/\/parafia.faustyna.bialystok.pl\/wp-content\/uploads\/2025\/07\/bppnjg2-768x1030.jpg 768w, https:\/\/parafia.faustyna.bialystok.pl\/wp-content\/uploads\/2025\/07\/bppnjg2-1145x1536.jpg 1145w, https:\/\/parafia.faustyna.bialystok.pl\/wp-content\/uploads\/2025\/07\/bppnjg2-410x550.jpg 410w, https:\/\/parafia.faustyna.bialystok.pl\/wp-content\/uploads\/2025\/07\/bppnjg2-373x500.jpg 373w\" sizes=\"(max-width: 1491px) 100vw, 1491px\" \/><\/p>\n","protected":false},"excerpt":{"rendered":"<p><span class=\"more-link\"><a href=\"https:\/\/parafia.faustyna.bialystok.pl\/?p=2873\">Czytaj dalej<\/a><\/span><\/p>\n","protected":false},"author":1,"featured_media":2876,"comment_status":"closed","ping_status":"closed","sticky":false,"template":"","format":"standard","meta":{"footnotes":""},"categories":[8],"tags":[],"class_list":["entry","author-parafia_admin","post-2873","post","type-post","status-publish","format-standard","has-post-thumbnail","category-pielgrzymki"],"_links":{"self":[{"href":"https:\/\/parafia.faustyna.bialystok.pl\/index.php?rest_route=\/wp\/v2\/posts\/2873","targetHints":{"allow":["GET"]}}],"collection":[{"href":"https:\/\/parafia.faustyna.bialystok.pl\/index.php?rest_route=\/wp\/v2\/posts"}],"about":[{"href":"https:\/\/parafia.faustyna.bialystok.pl\/index.php?rest_route=\/wp\/v2\/types\/post"}],"author":[{"embeddable":true,"href":"https:\/\/parafia.faustyna.bialystok.pl\/index.php?rest_route=\/wp\/v2\/users\/1"}],"replies":[{"embeddable":true,"href":"https:\/\/parafia.faustyna.bialystok.pl\/index.php?rest_route=%2Fwp%2Fv2%2Fcomments&post=2873"}],"version-history":[{"count":1,"href":"https:\/\/parafia.faustyna.bialystok.pl\/index.php?rest_route=\/wp\/v2\/posts\/2873\/revisions"}],"predecessor-version":[{"id":2877,"href":"https:\/\/parafia.faustyna.bialystok.pl\/index.php?rest_route=\/wp\/v2\/posts\/2873\/revisions\/2877"}],"wp:featuredmedia":[{"embeddable":true,"href":"https:\/\/parafia.faustyna.bialystok.pl\/index.php?rest_route=\/wp\/v2\/media\/2876"}],"wp:attachment":[{"href":"https:\/\/parafia.faustyna.bialystok.pl\/index.php?rest_route=%2Fwp%2Fv2%2Fmedia&parent=2873"}],"wp:term":[{"taxonomy":"category","embeddable":true,"href":"https:\/\/parafia.faustyna.bialystok.pl\/index.php?rest_route=%2Fwp%2Fv2%2Fcategories&post=2873"},{"taxonomy":"post_tag","embeddable":true,"href":"https:\/\/parafia.faustyna.bialystok.pl\/index.php?rest_route=%2Fwp%2Fv2%2Ftags&post=2873"}],"curies":[{"name":"wp","href":"https:\/\/api.w.org\/{rel}","templated":true}]}}