{"id":2879,"date":"2025-07-13T09:10:03","date_gmt":"2025-07-13T08:10:03","guid":{"rendered":"https:\/\/parafia.faustyna.bialystok.pl\/?p=2879"},"modified":"2025-07-13T09:10:03","modified_gmt":"2025-07-13T08:10:03","slug":"2025-07-13-xv-niedziela-zwykla","status":"publish","type":"post","link":"https:\/\/parafia.faustyna.bialystok.pl\/?p=2879","title":{"rendered":"2025.07.13 \u2013 XV Niedziela Zwyk\u0142a"},"content":{"rendered":"<div class=\"x14z9mp xat24cr x1lziwak x1vvkbs xtlvy1s x126k92a\">\n<p><img fetchpriority=\"high\" decoding=\"async\" class=\"alignright wp-image-1559 size-full\" src=\"https:\/\/parafia.faustyna.bialystok.pl\/wp-content\/uploads\/2024\/02\/Faustyna.jpg\" alt=\"\" width=\"722\" height=\"900\" srcset=\"https:\/\/parafia.faustyna.bialystok.pl\/wp-content\/uploads\/2024\/02\/Faustyna.jpg 722w, https:\/\/parafia.faustyna.bialystok.pl\/wp-content\/uploads\/2024\/02\/Faustyna-241x300.jpg 241w, https:\/\/parafia.faustyna.bialystok.pl\/wp-content\/uploads\/2024\/02\/Faustyna-441x550.jpg 441w, https:\/\/parafia.faustyna.bialystok.pl\/wp-content\/uploads\/2024\/02\/Faustyna-401x500.jpg 401w\" sizes=\"(max-width: 722px) 100vw, 722px\" \/><\/p>\n<ol>\n<li>Pami\u0119tajmy o w\u0142a\u015bciwym wykorzystaniu podarowanego nam czasu wakacji. Niech sprzyja pog\u0142\u0119bieniu naszych relacji z Bogiem, umocnieniu wiary.<\/li>\n<li>W tym tygodniu:<br \/>\n&#8211; wtorek \u2013 wspomnienie \u015bw. Bonawentury, biskupa i doktora Ko\u015bcio\u0142a. Pielgrzymowanie Szlakiem b\u0142. Micha\u0142a Sopo\u0107ki. Pocz\u0105tek godz. 18:00 ko\u015bci\u00f3\u0142 pw. \u015bw. Wojciecha i AWSD. Przej\u015bcie do Domu Dziecka przy ul. S\u0142onimskiej<br \/>\n&#8211; \u015broda \u2013 Adoracja od godz. 17:00. Wspomnienie NMP z G\u00f3ry Karmel<\/li>\n<li>We wtorek zapraszamy na Uroczysto\u015b\u0107 upami\u0119tnienia cywilnych obywateli Rzeczypospolitej Polskiej \u2013 ofiar niemieckiego i sowieckiego totalitaryzmu w okresie II wojny \u015bwiatowej. Msza \u015aw. w ko\u015bciele o godz. 18:00.Zapalenie zniczy pod pomnikiem miejsca masowych strace\u0144 w Lesie Bacieczkowskim o godz. 19:00.<\/li>\n<li>Kancelaria podczas wakacji jest czynna od poniedzia\u0142ku do pi\u0105tku przez p\u00f3\u0142 godziny po zako\u0144czonej wieczornej Mszy \u015bw. Przypominamy, \u017ce w lipcu i sierpniu nie ma Mszy \u015aw. o godzinie 13:30.<\/li>\n<li>U Pana Marka s\u0105 do nabycia Drogi Mi\u0142osierdzia oraz dla najm\u0142odszych czasopismo Sta\u015b.<\/li>\n<li>XXXIX Bia\u0142ostocka Piesza Pielgrzymka na Jasn\u0105 G\u00f3r\u0119 rozpocznie si\u0119 30 lipca br. Msz\u0105 \u015bw. sprawowan\u0105 o godz. 6:00 w bia\u0142ostockiej archikatedrze. Zapisy od 25 lipca w godzinach 17:00-19:00 w Arkadach Katedralnych. Zapisy do GRUPY Z\u0141OTEJ w parafiach. Szczeg\u00f3\u0142owe informacje na <span class=\"html-span xdj266r x14z9mp xat24cr x1lziwak xexx8yu xyri2b x18d9i69 x1c1uobl x1hl2dhg x16tdsg8 x1vvkbs\"><a class=\"x1i10hfl xjbqb8w x1ejq31n x18oe1m7 x1sy0etr xstzfhl x972fbf x10w94by x1qhh985 x14e42zd x9f619 x1ypdohk xt0psk2 xe8uvvx xdj266r x14z9mp xat24cr x1lziwak xexx8yu xyri2b x18d9i69 x1c1uobl x16tdsg8 x1hl2dhg xggy1nq x1a2a7pz xkrqix3 x1sur9pj x1fey0fg x1s688f\" tabindex=\"0\" role=\"link\" href=\"https:\/\/l.facebook.com\/l.php?u=http%3A%2F%2Fwwww.bppnjg.pl%2F%3Ffbclid%3DIwZXh0bgNhZW0CMTAAYnJpZBEwcGtucHlzWFVCYmEzN1lEbAEefAwM6M5EIa8BZDEW1LTYyPKIRiQVMw3lOUwAB-Bv1L-a11VyzqrJ09e8AwY_aem_D5i5pGJotmwmXYKC4RqdgQ&amp;h=AT1orYaIz0-gPyoYij-1FNvIUYzArTD1__OQ7JHTlAb24NMmFaMuA8KQrKOMFYY90NkPQ_MEBeTAJopFBqGzSgW2JK51kUIk8KWyF1Ka_928jL7p5mgPseidSX0FpVHQlRcTDApByd7uDwDQ&amp;__tn__=-UK-R&amp;c[0]=AT2DiUHdPGW7QTBHtkgyzCOV5KKSd3C5-owoj7MYpdCZ98d3yfno4zlhU2xvXrWCTtfNbDoSmSJ3W07hxZ5a0xxDyi24WLtp3qtNmo6rsv1bSJIqQQqsmUMLg9Wkq46-kaVVazSPaAK-PQY5SJthUsVYGn_n55N42EACyAUxJzFQEGM7PgiG3h0H5MBXOCqpdGfJiNtOEHXLGQb81aoCpSTnVdRA\" target=\"_blank\" rel=\"nofollow noopener\">wwww.bppnjg.pl.<\/a><\/span><\/li>\n<li>\u017byczymy wszystkim Bo\u017cego b\u0142ogos\u0142awie\u0144stwa i opieki Matki Bo\u017cej, a korzystaj\u0105cym z urlop\u00f3w i wakacyjnego odpoczynku \u017cyczymy bezpiecznych podr\u00f3\u017cy i odnowy si\u0142 fizycznych i duchowych.<\/li>\n<\/ol>\n<\/div>\n","protected":false},"excerpt":{"rendered":"<p>Pami\u0119tajmy o w\u0142a\u015bciwym wykorzystaniu podarowanego nam czasu wakacji. Niech sprzyja pog\u0142\u0119bieniu naszych relacji z Bogiem, umocnieniu wiary. W tym tygodniu: &#8211; wtorek \u2013 wspomnienie \u015bw. Bonawentury, biskupa i doktora Ko\u015bcio\u0142a. Pielgrzymowanie Szlakiem b\u0142. Micha\u0142a Sopo\u0107ki. Pocz\u0105tek godz. 18:00 ko\u015bci\u00f3\u0142 pw. \u015bw. Wojciecha i AWSD. Przej\u015bcie do Domu Dziecka przy ul.<span class=\"more-link\"><a href=\"https:\/\/parafia.faustyna.bialystok.pl\/?p=2879\">Czytaj dalej<\/a><\/span><\/p>\n","protected":false},"author":1,"featured_media":1558,"comment_status":"closed","ping_status":"closed","sticky":false,"template":"","format":"standard","meta":{"footnotes":""},"categories":[3],"tags":[],"class_list":["entry","author-parafia_admin","post-2879","post","type-post","status-publish","format-standard","has-post-thumbnail","category-ogloszenia"],"_links":{"self":[{"href":"https:\/\/parafia.faustyna.bialystok.pl\/index.php?rest_route=\/wp\/v2\/posts\/2879","targetHints":{"allow":["GET"]}}],"collection":[{"href":"https:\/\/parafia.faustyna.bialystok.pl\/index.php?rest_route=\/wp\/v2\/posts"}],"about":[{"href":"https:\/\/parafia.faustyna.bialystok.pl\/index.php?rest_route=\/wp\/v2\/types\/post"}],"author":[{"embeddable":true,"href":"https:\/\/parafia.faustyna.bialystok.pl\/index.php?rest_route=\/wp\/v2\/users\/1"}],"replies":[{"embeddable":true,"href":"https:\/\/parafia.faustyna.bialystok.pl\/index.php?rest_route=%2Fwp%2Fv2%2Fcomments&post=2879"}],"version-history":[{"count":1,"href":"https:\/\/parafia.faustyna.bialystok.pl\/index.php?rest_route=\/wp\/v2\/posts\/2879\/revisions"}],"predecessor-version":[{"id":2880,"href":"https:\/\/parafia.faustyna.bialystok.pl\/index.php?rest_route=\/wp\/v2\/posts\/2879\/revisions\/2880"}],"wp:featuredmedia":[{"embeddable":true,"href":"https:\/\/parafia.faustyna.bialystok.pl\/index.php?rest_route=\/wp\/v2\/media\/1558"}],"wp:attachment":[{"href":"https:\/\/parafia.faustyna.bialystok.pl\/index.php?rest_route=%2Fwp%2Fv2%2Fmedia&parent=2879"}],"wp:term":[{"taxonomy":"category","embeddable":true,"href":"https:\/\/parafia.faustyna.bialystok.pl\/index.php?rest_route=%2Fwp%2Fv2%2Fcategories&post=2879"},{"taxonomy":"post_tag","embeddable":true,"href":"https:\/\/parafia.faustyna.bialystok.pl\/index.php?rest_route=%2Fwp%2Fv2%2Ftags&post=2879"}],"curies":[{"name":"wp","href":"https:\/\/api.w.org\/{rel}","templated":true}]}}