{"id":3113,"date":"2025-11-22T22:48:21","date_gmt":"2025-11-22T21:48:21","guid":{"rendered":"https:\/\/parafia.faustyna.bialystok.pl\/?p=3113"},"modified":"2025-11-22T22:48:21","modified_gmt":"2025-11-22T21:48:21","slug":"2025-11-23-xxxiv-niedziela-zwykla-uroczystosc-jezusa-chrystusa-krola-wszechswiata","status":"publish","type":"post","link":"https:\/\/parafia.faustyna.bialystok.pl\/?p=3113","title":{"rendered":"2025.11.23 &#8211; XXXIV Niedziela Zwyk\u0142a &#8211; Uroczysto\u015b\u0107 Jezusa Chrystusa, Kr\u00f3la Wszech\u015bwiata"},"content":{"rendered":"<div class=\"x14z9mp xat24cr x1lziwak x1vvkbs xtlvy1s x126k92a\">\n<ol>\n<li dir=\"auto\"><img fetchpriority=\"high\" decoding=\"async\" class=\" wp-image-3114 alignright\" src=\"https:\/\/parafia.faustyna.bialystok.pl\/wp-content\/uploads\/2025\/11\/Chrystus-Krol-200x300.jpg\" alt=\"\" width=\"366\" height=\"549\" srcset=\"https:\/\/parafia.faustyna.bialystok.pl\/wp-content\/uploads\/2025\/11\/Chrystus-Krol-200x300.jpg 200w, https:\/\/parafia.faustyna.bialystok.pl\/wp-content\/uploads\/2025\/11\/Chrystus-Krol-683x1024.jpg 683w, https:\/\/parafia.faustyna.bialystok.pl\/wp-content\/uploads\/2025\/11\/Chrystus-Krol-768x1152.jpg 768w, https:\/\/parafia.faustyna.bialystok.pl\/wp-content\/uploads\/2025\/11\/Chrystus-Krol-367x550.jpg 367w, https:\/\/parafia.faustyna.bialystok.pl\/wp-content\/uploads\/2025\/11\/Chrystus-Krol-333x500.jpg 333w, https:\/\/parafia.faustyna.bialystok.pl\/wp-content\/uploads\/2025\/11\/Chrystus-Krol.jpg 1024w\" sizes=\"(max-width: 366px) 100vw, 366px\" \/>Dzisiaj ostatnia niedziela roku liturgicznego. W nast\u0119pn\u0105 niedziel\u0119 rozpoczyna si\u0119 Adwent, a zarazem nowy rok liturgiczny pod has\u0142em: \u201eUczniowie &#8211; Misjonarze\u201d.<\/li>\n<li dir=\"auto\">W tym tygodniu:<br \/>\n&#8211; poniedzia\u0142ek \u2013 wspomnienie \u015bw. m\u0119czennik\u00f3w Andrzeja Dung-Lac, prezbitera i Towarzyszy<br \/>\n&#8211; \u015broda \u2013adoracja od godz. 17:00<br \/>\n&#8211; czwartek \u2013 po Mszy wieczornej spotkanie Rady Duszpasterskiej<br \/>\n-sobota \u2013 rozpoczyna si\u0119 nowenna przed Uroczysto\u015bci\u0105 Niepokalanego Pocz\u0119cia NMP.<\/li>\n<li dir=\"auto\">W sobot\u0119 Msz\u0105 \u015awi\u0119t\u0105 o godz. 18:00 rozpoczniemy Adwent \u2013 czas radosnego oczekiwania na spotkanie z Panem. Tradycyjnie w czasie adwentu mo\u017cna b\u0119dzie zaopatrzy\u0107 si\u0119 w op\u0142atki wigilijne oraz \u015bwiece Caritas. Op\u0142atki zostan\u0105 po\u015bwi\u0119cone w niedziel\u0119 podczas Mszy \u015aw. o godz. 9:00.<\/li>\n<li dir=\"auto\">Za tydzie\u0144 spotkanie m\u0142odzie\u017cy przygotowuj\u0105cych si\u0119 do bierzmowania. Msza \u015aw. o godz. 13:30, a potem spotkanie.<\/li>\n<li dir=\"auto\">U Pana Marka mo\u017cna naby\u0107 \u201eDrogi Mi\u0142osierdzia\u201d, Drogi Misyjne oraz czasopismo Sta\u015b.<\/li>\n<li dir=\"auto\">\u201eNiech Chrystus Kr\u00f3l zawsze i wsz\u0119dzie kr\u00f3luje w naszych sercach, niech swoj\u0105 mi\u0142o\u015bci\u0105 zaw\u0142adnie nasze rodziny, niech wniesie nadziej\u0119 tam, gdzie jej brak.\u201d<\/li>\n<\/ol>\n<\/div>\n","protected":false},"excerpt":{"rendered":"<p>Dzisiaj ostatnia niedziela roku liturgicznego. W nast\u0119pn\u0105 niedziel\u0119 rozpoczyna si\u0119 Adwent, a zarazem nowy rok liturgiczny pod has\u0142em: \u201eUczniowie &#8211; Misjonarze\u201d. W tym tygodniu: &#8211; poniedzia\u0142ek \u2013 wspomnienie \u015bw. m\u0119czennik\u00f3w Andrzeja Dung-Lac, prezbitera i Towarzyszy &#8211; \u015broda \u2013adoracja od godz. 17:00 &#8211; czwartek \u2013 po Mszy wieczornej spotkanie Rady Duszpasterskiej<span class=\"more-link\"><a href=\"https:\/\/parafia.faustyna.bialystok.pl\/?p=3113\">Czytaj dalej<\/a><\/span><\/p>\n","protected":false},"author":1,"featured_media":3115,"comment_status":"closed","ping_status":"closed","sticky":false,"template":"","format":"standard","meta":{"footnotes":""},"categories":[3],"tags":[],"class_list":["entry","author-parafia_admin","post-3113","post","type-post","status-publish","format-standard","has-post-thumbnail","category-ogloszenia"],"_links":{"self":[{"href":"https:\/\/parafia.faustyna.bialystok.pl\/index.php?rest_route=\/wp\/v2\/posts\/3113","targetHints":{"allow":["GET"]}}],"collection":[{"href":"https:\/\/parafia.faustyna.bialystok.pl\/index.php?rest_route=\/wp\/v2\/posts"}],"about":[{"href":"https:\/\/parafia.faustyna.bialystok.pl\/index.php?rest_route=\/wp\/v2\/types\/post"}],"author":[{"embeddable":true,"href":"https:\/\/parafia.faustyna.bialystok.pl\/index.php?rest_route=\/wp\/v2\/users\/1"}],"replies":[{"embeddable":true,"href":"https:\/\/parafia.faustyna.bialystok.pl\/index.php?rest_route=%2Fwp%2Fv2%2Fcomments&post=3113"}],"version-history":[{"count":1,"href":"https:\/\/parafia.faustyna.bialystok.pl\/index.php?rest_route=\/wp\/v2\/posts\/3113\/revisions"}],"predecessor-version":[{"id":3116,"href":"https:\/\/parafia.faustyna.bialystok.pl\/index.php?rest_route=\/wp\/v2\/posts\/3113\/revisions\/3116"}],"wp:featuredmedia":[{"embeddable":true,"href":"https:\/\/parafia.faustyna.bialystok.pl\/index.php?rest_route=\/wp\/v2\/media\/3115"}],"wp:attachment":[{"href":"https:\/\/parafia.faustyna.bialystok.pl\/index.php?rest_route=%2Fwp%2Fv2%2Fmedia&parent=3113"}],"wp:term":[{"taxonomy":"category","embeddable":true,"href":"https:\/\/parafia.faustyna.bialystok.pl\/index.php?rest_route=%2Fwp%2Fv2%2Fcategories&post=3113"},{"taxonomy":"post_tag","embeddable":true,"href":"https:\/\/parafia.faustyna.bialystok.pl\/index.php?rest_route=%2Fwp%2Fv2%2Ftags&post=3113"}],"curies":[{"name":"wp","href":"https:\/\/api.w.org\/{rel}","templated":true}]}}