{"id":3118,"date":"2025-12-06T10:05:56","date_gmt":"2025-12-06T09:05:56","guid":{"rendered":"https:\/\/parafia.faustyna.bialystok.pl\/?p=3118"},"modified":"2025-12-06T10:05:56","modified_gmt":"2025-12-06T09:05:56","slug":"2025-11-30-i-niedziela-adwentu","status":"publish","type":"post","link":"https:\/\/parafia.faustyna.bialystok.pl\/?p=3118","title":{"rendered":"2025.11.30 &#8211; I Niedziela Adwentu"},"content":{"rendered":"<div class=\"x14z9mp xat24cr x1lziwak x1vvkbs xtlvy1s x126k92a\">\n<ol>\n<li dir=\"auto\"><img fetchpriority=\"high\" decoding=\"async\" class=\" wp-image-3120 alignright\" src=\"https:\/\/parafia.faustyna.bialystok.pl\/wp-content\/uploads\/2025\/12\/adwent-200x300.jpg\" alt=\"\" width=\"448\" height=\"672\" srcset=\"https:\/\/parafia.faustyna.bialystok.pl\/wp-content\/uploads\/2025\/12\/adwent-200x300.jpg 200w, https:\/\/parafia.faustyna.bialystok.pl\/wp-content\/uploads\/2025\/12\/adwent-683x1024.jpg 683w, https:\/\/parafia.faustyna.bialystok.pl\/wp-content\/uploads\/2025\/12\/adwent-768x1152.jpg 768w, https:\/\/parafia.faustyna.bialystok.pl\/wp-content\/uploads\/2025\/12\/adwent-367x550.jpg 367w, https:\/\/parafia.faustyna.bialystok.pl\/wp-content\/uploads\/2025\/12\/adwent-333x500.jpg 333w, https:\/\/parafia.faustyna.bialystok.pl\/wp-content\/uploads\/2025\/12\/adwent.jpg 1024w\" sizes=\"(max-width: 448px) 100vw, 448px\" \/>Dzisiaj rozpoczynamy Adwent \u2013 czas radosnego oczekiwania na spotkanie z Panem. Tradycyjnie w czasie adwentu mo\u017cna b\u0119dzie zaopatrzy\u0107 si\u0119 w op\u0142atki wigilijne oraz \u015bwiece Caritas (ma\u0142e w cenie 15 z\u0142, a du\u017ce 25 z\u0142) , a tak\u017ce szczeg\u00f3lnie dla najm\u0142odszych Boski Kalendarz, z czekoladk\u0105 na ka\u017cdy dzie\u0144 i zadaniem do wykonania.<\/li>\n<li dir=\"auto\">W tym tygodniu:<br \/>\n&#8211; \u015broda \u2013adoracja od godz. 17:00, wspomnienie \u015bw. Franciszka Ksawerego, prezbitera<br \/>\n&#8211; czwartek \u2013 pierwszy czwartek miesi\u0105ca, modlimy si\u0119 o powo\u0142ania. Od godz. 23:00 do 24:00 \u2013 Godzina \u015awi\u0119ta<br \/>\n&#8211; pi\u0105tek \u2013 pierwszy pi\u0105tek miesi\u0105ca. Msze \u015aw. o godz. 7:00 i 18:00. Po Mszy wieczornej spotkanie wszystkich ministrant\u00f3w<br \/>\n-sobota \u2013 wypada wspomnienie \u015bw. Miko\u0142aja. Na roraty (6:30) zapraszamy w spos\u00f3b szczeg\u00f3lny dzieci w dniu wspomnienia tego \u015awi\u0119tego. B\u0119dzie to pierwsza sobota miesi\u0105ca, nabo\u017ce\u0144stwo pierwszosobotnie po Mszy wieczornej.<\/li>\n<li dir=\"auto\">Za tydzie\u0144 pierwsza niedziela miesi\u0105ca, po Mszy o 9:00 wystawienie Naj\u015bwi\u0119tszego Sakramentu. Taca b\u0119dzie przeznaczona na potrzeby Archidiecezji oraz b\u0119dziemy obchodzi\u0107 XXVI Dzie\u0144 modlitwy i Pomocy Ko\u015bcio\u0142owi na Wschodzie. B\u0119d\u0105 zbierane ofiary do puszki na Ko\u015bci\u00f3\u0142 na Wschodzie.<\/li>\n<li dir=\"auto\">Msze \u015awi\u0119te Roratnie odprawiane b\u0119d\u0105 w naszej parafii w \u015brody i soboty o godz. 6:30. Po Eucharystii zapraszamy na wsp\u00f3lne \u015bniadanie do starej kaplicy.<\/li>\n<li dir=\"auto\">Rekolekcje Adwentowe w naszej wsp\u00f3lnocie parafialnej odb\u0119d\u0105 si\u0119 w dniach 14, 15 i 16 grudnia.<\/li>\n<li dir=\"auto\">Zapraszamy do lektury grudniowego numeru \u201eDr\u00f3g Mi\u0142osierdzia\u201d, kt\u00f3ry pomo\u017ce pi\u0119kniej i g\u0142\u0119biej prze\u017cy\u0107 wyj\u0105tkowy czas przygotowania do \u015bwi\u0105t Bo\u017cego Narodzenia. W numerze znajdziemy m.in. \u201eAdwentowy kalendarz\u201d z codziennymi rozwa\u017caniami i prostymi zadaniami do wykonania, wiele ciekawych materia\u0142\u00f3w o samym Adwencie, a tak\u017ce artyku\u0142 o \u015bw. Miko\u0142aju \u2013 tym prawdziwym, historycznym biskupie z Miry.<\/li>\n<li dir=\"auto\">Zapraszamy na Adwentowy Dzie\u0144 Skupienia ksi\u0119\u017cy opiekun\u00f3w, zelator\u00f3w i cz\u0142onk\u00f3w \u017bywego R\u00f3\u017ca\u0144ca ze wszystkich parafii Archidiecezji Bia\u0142ostockiej. Odb\u0119dzie si\u0119 on w sobot\u0119 6 grudnia 2025 r. w parafii pw. M.B. R\u00f3\u017ca\u0144cowej. Rozpocz\u0119cie o godz. 10:00, nast\u0119pnie Msza \u015bw. o godz. 12:00. Dzie\u0144 skupienia poprowadzi ks. dr Karol Godlewski.<\/li>\n<li dir=\"auto\">Przed ko\u015bcio\u0142em u dzieci z oazy mo\u017cna naby\u0107 lampiony w\u0142asnor\u0119cznie robione, kt\u00f3re przydadz\u0105 si\u0119 na roraty.<\/li>\n<li dir=\"auto\">\u017byczymy wszystkim dobrego prze\u017cywania czasu Adwentu.<\/li>\n<\/ol>\n<\/div>\n","protected":false},"excerpt":{"rendered":"<p>Dzisiaj rozpoczynamy Adwent \u2013 czas radosnego oczekiwania na spotkanie z Panem. Tradycyjnie w czasie adwentu mo\u017cna b\u0119dzie zaopatrzy\u0107 si\u0119 w op\u0142atki wigilijne oraz \u015bwiece Caritas (ma\u0142e w cenie 15 z\u0142, a du\u017ce 25 z\u0142) , a tak\u017ce szczeg\u00f3lnie dla najm\u0142odszych Boski Kalendarz, z czekoladk\u0105 na ka\u017cdy dzie\u0144 i zadaniem do<span class=\"more-link\"><a href=\"https:\/\/parafia.faustyna.bialystok.pl\/?p=3118\">Czytaj dalej<\/a><\/span><\/p>\n","protected":false},"author":1,"featured_media":3119,"comment_status":"closed","ping_status":"closed","sticky":false,"template":"","format":"standard","meta":{"footnotes":""},"categories":[3],"tags":[],"class_list":["entry","author-parafia_admin","post-3118","post","type-post","status-publish","format-standard","has-post-thumbnail","category-ogloszenia"],"_links":{"self":[{"href":"https:\/\/parafia.faustyna.bialystok.pl\/index.php?rest_route=\/wp\/v2\/posts\/3118","targetHints":{"allow":["GET"]}}],"collection":[{"href":"https:\/\/parafia.faustyna.bialystok.pl\/index.php?rest_route=\/wp\/v2\/posts"}],"about":[{"href":"https:\/\/parafia.faustyna.bialystok.pl\/index.php?rest_route=\/wp\/v2\/types\/post"}],"author":[{"embeddable":true,"href":"https:\/\/parafia.faustyna.bialystok.pl\/index.php?rest_route=\/wp\/v2\/users\/1"}],"replies":[{"embeddable":true,"href":"https:\/\/parafia.faustyna.bialystok.pl\/index.php?rest_route=%2Fwp%2Fv2%2Fcomments&post=3118"}],"version-history":[{"count":1,"href":"https:\/\/parafia.faustyna.bialystok.pl\/index.php?rest_route=\/wp\/v2\/posts\/3118\/revisions"}],"predecessor-version":[{"id":3121,"href":"https:\/\/parafia.faustyna.bialystok.pl\/index.php?rest_route=\/wp\/v2\/posts\/3118\/revisions\/3121"}],"wp:featuredmedia":[{"embeddable":true,"href":"https:\/\/parafia.faustyna.bialystok.pl\/index.php?rest_route=\/wp\/v2\/media\/3119"}],"wp:attachment":[{"href":"https:\/\/parafia.faustyna.bialystok.pl\/index.php?rest_route=%2Fwp%2Fv2%2Fmedia&parent=3118"}],"wp:term":[{"taxonomy":"category","embeddable":true,"href":"https:\/\/parafia.faustyna.bialystok.pl\/index.php?rest_route=%2Fwp%2Fv2%2Fcategories&post=3118"},{"taxonomy":"post_tag","embeddable":true,"href":"https:\/\/parafia.faustyna.bialystok.pl\/index.php?rest_route=%2Fwp%2Fv2%2Ftags&post=3118"}],"curies":[{"name":"wp","href":"https:\/\/api.w.org\/{rel}","templated":true}]}}