{"id":3122,"date":"2025-12-06T10:09:39","date_gmt":"2025-12-06T09:09:39","guid":{"rendered":"https:\/\/parafia.faustyna.bialystok.pl\/?p=3122"},"modified":"2025-12-06T10:09:39","modified_gmt":"2025-12-06T09:09:39","slug":"cztery-swiece-adwentowe","status":"publish","type":"post","link":"https:\/\/parafia.faustyna.bialystok.pl\/?p=3122","title":{"rendered":"Cztery \u015bwiece adwentowe"},"content":{"rendered":"<div class=\"xdj266r x14z9mp xat24cr x1lziwak x1vvkbs x126k92a\">\n<div dir=\"auto\"><img fetchpriority=\"high\" decoding=\"async\" class=\"wp-image-3124 alignright\" src=\"https:\/\/parafia.faustyna.bialystok.pl\/wp-content\/uploads\/2025\/12\/adwent-2-300x225.jpg\" alt=\"\" width=\"442\" height=\"331\" srcset=\"https:\/\/parafia.faustyna.bialystok.pl\/wp-content\/uploads\/2025\/12\/adwent-2-300x225.jpg 300w, https:\/\/parafia.faustyna.bialystok.pl\/wp-content\/uploads\/2025\/12\/adwent-2-1024x768.jpg 1024w, https:\/\/parafia.faustyna.bialystok.pl\/wp-content\/uploads\/2025\/12\/adwent-2-768x576.jpg 768w, https:\/\/parafia.faustyna.bialystok.pl\/wp-content\/uploads\/2025\/12\/adwent-2-1536x1152.jpg 1536w, https:\/\/parafia.faustyna.bialystok.pl\/wp-content\/uploads\/2025\/12\/adwent-2-465x349.jpg 465w, https:\/\/parafia.faustyna.bialystok.pl\/wp-content\/uploads\/2025\/12\/adwent-2-667x500.jpg 667w, https:\/\/parafia.faustyna.bialystok.pl\/wp-content\/uploads\/2025\/12\/adwent-2-320x240.jpg 320w, https:\/\/parafia.faustyna.bialystok.pl\/wp-content\/uploads\/2025\/12\/adwent-2.jpg 2048w\" sizes=\"(max-width: 442px) 100vw, 442px\" \/><\/div>\n<div dir=\"auto\">Cztery \u015bwiece adwentowe symbolizuj\u0105 cztery tygodnie adwentu i wskazuj\u0105 na najwa\u017cniejsze etapy historii zbawienia. Zapalane kolejno w ka\u017cd\u0105 niedziel\u0119 wskazuj\u0105 na up\u0142yw czasu, skracaj\u0105c czas oczekiwania na Bo\u017ce Narodzenie.<\/div>\n<\/div>\n<div class=\"x14z9mp xat24cr x1lziwak x1vvkbs xtlvy1s x126k92a\">\n<div dir=\"auto\"><span class=\"html-span xexx8yu xyri2b x18d9i69 x1c1uobl x1hl2dhg x16tdsg8 x1vvkbs x3nfvp2 x1j61x8r x1fcty0u xdj266r xat24cr xm2jcoa x1mpyi22 xxymvpz xlup9mm x1kky2od\"><img decoding=\"async\" class=\"xz74otr x15mokao x1ga7v0g x16uus16 xbiv7yw\" src=\"https:\/\/static.xx.fbcdn.net\/images\/emoji.php\/v9\/t50\/1\/16\/1f525.png\" alt=\"&#x1f525;\" width=\"16\" height=\"16\" \/><\/span> \u201e\u015awieca Proroka\u201d (\u015awieca Nadziei) \u2013 zapalana w I niedziel\u0119 adwentu, symbolizuje prorok\u00f3w, kt\u00f3rzy zapowiedzieli przyj\u015bcie Mesjasza.<\/div>\n<div dir=\"auto\"><span class=\"html-span xexx8yu xyri2b x18d9i69 x1c1uobl x1hl2dhg x16tdsg8 x1vvkbs x3nfvp2 x1j61x8r x1fcty0u xdj266r xat24cr xm2jcoa x1mpyi22 xxymvpz xlup9mm x1kky2od\"><img decoding=\"async\" class=\"xz74otr x15mokao x1ga7v0g x16uus16 xbiv7yw\" src=\"https:\/\/static.xx.fbcdn.net\/images\/emoji.php\/v9\/t50\/1\/16\/1f525.png\" alt=\"&#x1f525;\" width=\"16\" height=\"16\" \/><\/span> \u201e\u015awieca Betlejem\u201d (\u015awieca Pokoju) \u2013 zapalana w II niedziel\u0119 adwentu na pami\u0105tk\u0119 miejsca, w kt\u00f3rym narodzi\u0142 si\u0119 Zbawiciel.<\/div>\n<div dir=\"auto\"><span class=\"html-span xexx8yu xyri2b x18d9i69 x1c1uobl x1hl2dhg x16tdsg8 x1vvkbs x3nfvp2 x1j61x8r x1fcty0u xdj266r xat24cr xm2jcoa x1mpyi22 xxymvpz xlup9mm x1kky2od\"><img decoding=\"async\" class=\"xz74otr x15mokao x1ga7v0g x16uus16 xbiv7yw\" src=\"https:\/\/static.xx.fbcdn.net\/images\/emoji.php\/v9\/t50\/1\/16\/1f525.png\" alt=\"&#x1f525;\" width=\"16\" height=\"16\" \/><\/span> \u201e\u015awieca Pasterzy\u201d (\u015awieca Rado\u015bci) \u2013 zapalana w III niedziel\u0119<\/div>\n<div dir=\"auto\">adwentu przypomina pasterzy, kt\u00f3rzy jako pierwsi ujrzeli Jezusa i og\u0142osili \u015bwiatu \u201eradosn\u0105 nowin\u0119\u201d. Niedziela ta nosi nazw\u0119 Gaudete (\u201eRadujcie si\u0119\u201d), dlatego \u015bwieca ma radosny, r\u00f3\u017cowy kolor.<\/div>\n<div dir=\"auto\"><span class=\"html-span xexx8yu xyri2b x18d9i69 x1c1uobl x1hl2dhg x16tdsg8 x1vvkbs x3nfvp2 x1j61x8r x1fcty0u xdj266r xat24cr xm2jcoa x1mpyi22 xxymvpz xlup9mm x1kky2od\"><img decoding=\"async\" class=\"xz74otr x15mokao x1ga7v0g x16uus16 xbiv7yw\" src=\"https:\/\/static.xx.fbcdn.net\/images\/emoji.php\/v9\/t50\/1\/16\/1f525.png\" alt=\"&#x1f525;\" width=\"16\" height=\"16\" \/><\/span> \u201e\u015awieca Anio\u0142\u00f3w\u201d (\u015awieca Mi\u0142o\u015bci) \u2013 zapalana w IV niedziel\u0119 adwentu symbolizuje anio\u0142\u00f3w, kt\u00f3rzy objawili si\u0119 pasterzom w grocie betlejemskiej, og\u0142aszaj\u0105c im narodziny Dzieci\u0105tka Jezus.<\/div>\n<\/div>\n","protected":false},"excerpt":{"rendered":"<p>Cztery \u015bwiece adwentowe symbolizuj\u0105 cztery tygodnie adwentu i wskazuj\u0105 na najwa\u017cniejsze etapy historii zbawienia. Zapalane kolejno w ka\u017cd\u0105 niedziel\u0119 wskazuj\u0105 na up\u0142yw czasu, skracaj\u0105c czas oczekiwania na Bo\u017ce Narodzenie. \u201e\u015awieca Proroka\u201d (\u015awieca Nadziei) \u2013 zapalana w I niedziel\u0119 adwentu, symbolizuje prorok\u00f3w, kt\u00f3rzy zapowiedzieli przyj\u015bcie Mesjasza. \u201e\u015awieca Betlejem\u201d (\u015awieca Pokoju) \u2013<span class=\"more-link\"><a href=\"https:\/\/parafia.faustyna.bialystok.pl\/?p=3122\">Czytaj dalej<\/a><\/span><\/p>\n","protected":false},"author":1,"featured_media":3123,"comment_status":"closed","ping_status":"closed","sticky":false,"template":"","format":"standard","meta":{"footnotes":""},"categories":[6],"tags":[],"class_list":["entry","author-parafia_admin","post-3122","post","type-post","status-publish","format-standard","has-post-thumbnail","category-informacje"],"_links":{"self":[{"href":"https:\/\/parafia.faustyna.bialystok.pl\/index.php?rest_route=\/wp\/v2\/posts\/3122","targetHints":{"allow":["GET"]}}],"collection":[{"href":"https:\/\/parafia.faustyna.bialystok.pl\/index.php?rest_route=\/wp\/v2\/posts"}],"about":[{"href":"https:\/\/parafia.faustyna.bialystok.pl\/index.php?rest_route=\/wp\/v2\/types\/post"}],"author":[{"embeddable":true,"href":"https:\/\/parafia.faustyna.bialystok.pl\/index.php?rest_route=\/wp\/v2\/users\/1"}],"replies":[{"embeddable":true,"href":"https:\/\/parafia.faustyna.bialystok.pl\/index.php?rest_route=%2Fwp%2Fv2%2Fcomments&post=3122"}],"version-history":[{"count":1,"href":"https:\/\/parafia.faustyna.bialystok.pl\/index.php?rest_route=\/wp\/v2\/posts\/3122\/revisions"}],"predecessor-version":[{"id":3125,"href":"https:\/\/parafia.faustyna.bialystok.pl\/index.php?rest_route=\/wp\/v2\/posts\/3122\/revisions\/3125"}],"wp:featuredmedia":[{"embeddable":true,"href":"https:\/\/parafia.faustyna.bialystok.pl\/index.php?rest_route=\/wp\/v2\/media\/3123"}],"wp:attachment":[{"href":"https:\/\/parafia.faustyna.bialystok.pl\/index.php?rest_route=%2Fwp%2Fv2%2Fmedia&parent=3122"}],"wp:term":[{"taxonomy":"category","embeddable":true,"href":"https:\/\/parafia.faustyna.bialystok.pl\/index.php?rest_route=%2Fwp%2Fv2%2Fcategories&post=3122"},{"taxonomy":"post_tag","embeddable":true,"href":"https:\/\/parafia.faustyna.bialystok.pl\/index.php?rest_route=%2Fwp%2Fv2%2Ftags&post=3122"}],"curies":[{"name":"wp","href":"https:\/\/api.w.org\/{rel}","templated":true}]}}