{"id":3159,"date":"2026-01-04T12:44:43","date_gmt":"2026-01-04T11:44:43","guid":{"rendered":"https:\/\/parafia.faustyna.bialystok.pl\/?p=3159"},"modified":"2026-01-04T12:44:43","modified_gmt":"2026-01-04T11:44:43","slug":"2026-01-04-2-niedziela-po-narodzeniu-panskim","status":"publish","type":"post","link":"https:\/\/parafia.faustyna.bialystok.pl\/?p=3159","title":{"rendered":"2026.01.04 &#8211; 2 Niedziela po Narodzeniu Pa\u0144skim"},"content":{"rendered":"<div class=\"x14z9mp xat24cr x1lziwak x1vvkbs xtlvy1s x126k92a\">\n<ol>\n<li dir=\"auto\"><img fetchpriority=\"high\" decoding=\"async\" class=\" wp-image-3161 alignright\" src=\"https:\/\/parafia.faustyna.bialystok.pl\/wp-content\/uploads\/2026\/01\/2026.01.04-szopka-300x273.jpg\" alt=\"\" width=\"634\" height=\"577\" srcset=\"https:\/\/parafia.faustyna.bialystok.pl\/wp-content\/uploads\/2026\/01\/2026.01.04-szopka-300x273.jpg 300w, https:\/\/parafia.faustyna.bialystok.pl\/wp-content\/uploads\/2026\/01\/2026.01.04-szopka-1024x932.jpg 1024w, https:\/\/parafia.faustyna.bialystok.pl\/wp-content\/uploads\/2026\/01\/2026.01.04-szopka-768x699.jpg 768w, https:\/\/parafia.faustyna.bialystok.pl\/wp-content\/uploads\/2026\/01\/2026.01.04-szopka-465x423.jpg 465w, https:\/\/parafia.faustyna.bialystok.pl\/wp-content\/uploads\/2026\/01\/2026.01.04-szopka-550x500.jpg 550w, https:\/\/parafia.faustyna.bialystok.pl\/wp-content\/uploads\/2026\/01\/2026.01.04-szopka.jpg 1528w\" sizes=\"(max-width: 634px) 100vw, 634px\" \/>W nast\u0119pn\u0105 niedziel\u0119 \u015bwi\u0119to Chrztu Pa\u0144skiego i zako\u0144czenie okresu Narodzenia Pa\u0144skiego. W spos\u00f3b szczeg\u00f3lny b\u0119dziemy modli\u0107 si\u0119 za naszych rodzic\u00f3w i rodzic\u00f3w chrzestnych i tych, kt\u00f3rzy uczyli nas wiary. Za tydzie\u0144 r\u00f3wnie\u017c kolejne spotkanie kandydat\u00f3w do bierzmowania. Zapraszamy na Msz\u0119 \u015aw. o godz. 13:30.<\/li>\n<li dir=\"auto\">W tym tygodniu:<br \/>\n&#8211; wtorek \u2013 Uroczysto\u015b\u0107 Objawienia Pa\u0144skiego \u2013 w naszej tradycji zwana \u015bwi\u0119tem Trzech Kr\u00f3li. Po\u015bwi\u0119cenie kredy i kadzid\u0142a. Jest to r\u00f3wnie\u017c Dzie\u0144 Misyjny Dzieci. Taca b\u0119dzie przeznaczona na misje. Porz\u0105dek Mszy \u015aw. w naszym ko\u015bciele b\u0119dzie niedzielny<br \/>\n&#8211; \u015broda \u2013 adoracja od godz. 17:00<br \/>\n&#8211; pi\u0105tek \u2013 wspomnienie b\u0142. Pauliny Jaricot, za\u0142o\u017cycielki K\u017bR.<\/li>\n<li dir=\"auto\">Na czas kol\u0119dy kancelaria b\u0119dzie czynna w poniedzia\u0142ek, wtorek, czwartek i pi\u0105tek od godz. 8:00 do 9:00, natomiast we \u015brod\u0119 od 16:30 do 17:45.<\/li>\n<li dir=\"auto\">Abp J\u00f3zef Guzdek Metropolita Bia\u0142ostocki zaprasza wszystkich wiernych, rodziny, m\u0142odzie\u017c i dzieci do uczestnictwa w Orszaku Trzech Kr\u00f3li. Odb\u0119dzie si\u0119 on w Uroczysto\u015b\u0107 Objawienia Pa\u0144skiego. Rozpocz\u0119cie o godz. 12:00 na placu przed Archikatedr\u0105. Wcze\u015bniej, o godz. 11:00 zostanie odprawiona Msza \u015awi\u0119ta w Archikatedrze.<\/li>\n<li dir=\"auto\">Zapraszamy do lektury styczniowego numeru \u201eDr\u00f3g Mi\u0142osierdzia\u201d. Tematem przewodnim s\u0105 s\u0142owa: \u201eG\u0142osi\u0107 \u015bwiatu Chrystusa\u201d, nawi\u0105zuj\u0105ce do Uroczysto\u015bci Objawienia Pa\u0144skiego. Znajdziemy w nim materia\u0142y o przygotowaniu do chrztu i o katechumenacie, jak r\u00f3wnie\u017c o tym jak przed\u0142u\u017cy\u0107 rado\u015b\u0107 z Bo\u017cego Narodzenia i z nadziej\u0105 rozpocz\u0105\u0107 Nowy Rok. W sta\u0142ych rubrykach odnajdziemy m.in. rozwa\u017cania niedzielnych Ewangelii, materia\u0142y dla dzieci oraz wyja\u015bnienie nowych zmian w ortografii j\u0119zyka polskiego. Zach\u0119camy do lektury. Mo\u017cna je naby\u0107 w Pana Marka. S\u0105 jeszcze kalendarze ze S\u0142owem Bo\u017cym \u201eEwangelia na ka\u017cdy dzie\u0144\u201d oraz czasopismo \u201eSta\u015b\u201d.<\/li>\n<li dir=\"auto\">Dzi\u0119kujemy za przyj\u0119cie nas w Waszych domach podczas kol\u0119dy. Jest to czas wsp\u00f3lnej modlitwy, b\u0142ogos\u0142awie\u0144stwa dom\u00f3w, a tak\u017ce rozmowy na tematy wiary i parafii.<\/li>\n<li dir=\"auto\">\u017byczymy wszystkim, aby ten Nowy Rok Kalendarzowy obfitowa\u0142 w mi\u0142o\u015b\u0107, pok\u00f3j serca i niezachwian\u0105 wiar\u0119.<\/li>\n<\/ol>\n<\/div>\n","protected":false},"excerpt":{"rendered":"<p>W nast\u0119pn\u0105 niedziel\u0119 \u015bwi\u0119to Chrztu Pa\u0144skiego i zako\u0144czenie okresu Narodzenia Pa\u0144skiego. W spos\u00f3b szczeg\u00f3lny b\u0119dziemy modli\u0107 si\u0119 za naszych rodzic\u00f3w i rodzic\u00f3w chrzestnych i tych, kt\u00f3rzy uczyli nas wiary. Za tydzie\u0144 r\u00f3wnie\u017c kolejne spotkanie kandydat\u00f3w do bierzmowania. Zapraszamy na Msz\u0119 \u015aw. o godz. 13:30. W tym tygodniu: &#8211; wtorek \u2013<span class=\"more-link\"><a href=\"https:\/\/parafia.faustyna.bialystok.pl\/?p=3159\">Czytaj dalej<\/a><\/span><\/p>\n","protected":false},"author":1,"featured_media":3160,"comment_status":"closed","ping_status":"closed","sticky":false,"template":"","format":"standard","meta":{"footnotes":""},"categories":[3],"tags":[],"class_list":["entry","author-parafia_admin","post-3159","post","type-post","status-publish","format-standard","has-post-thumbnail","category-ogloszenia"],"_links":{"self":[{"href":"https:\/\/parafia.faustyna.bialystok.pl\/index.php?rest_route=\/wp\/v2\/posts\/3159","targetHints":{"allow":["GET"]}}],"collection":[{"href":"https:\/\/parafia.faustyna.bialystok.pl\/index.php?rest_route=\/wp\/v2\/posts"}],"about":[{"href":"https:\/\/parafia.faustyna.bialystok.pl\/index.php?rest_route=\/wp\/v2\/types\/post"}],"author":[{"embeddable":true,"href":"https:\/\/parafia.faustyna.bialystok.pl\/index.php?rest_route=\/wp\/v2\/users\/1"}],"replies":[{"embeddable":true,"href":"https:\/\/parafia.faustyna.bialystok.pl\/index.php?rest_route=%2Fwp%2Fv2%2Fcomments&post=3159"}],"version-history":[{"count":1,"href":"https:\/\/parafia.faustyna.bialystok.pl\/index.php?rest_route=\/wp\/v2\/posts\/3159\/revisions"}],"predecessor-version":[{"id":3162,"href":"https:\/\/parafia.faustyna.bialystok.pl\/index.php?rest_route=\/wp\/v2\/posts\/3159\/revisions\/3162"}],"wp:featuredmedia":[{"embeddable":true,"href":"https:\/\/parafia.faustyna.bialystok.pl\/index.php?rest_route=\/wp\/v2\/media\/3160"}],"wp:attachment":[{"href":"https:\/\/parafia.faustyna.bialystok.pl\/index.php?rest_route=%2Fwp%2Fv2%2Fmedia&parent=3159"}],"wp:term":[{"taxonomy":"category","embeddable":true,"href":"https:\/\/parafia.faustyna.bialystok.pl\/index.php?rest_route=%2Fwp%2Fv2%2Fcategories&post=3159"},{"taxonomy":"post_tag","embeddable":true,"href":"https:\/\/parafia.faustyna.bialystok.pl\/index.php?rest_route=%2Fwp%2Fv2%2Ftags&post=3159"}],"curies":[{"name":"wp","href":"https:\/\/api.w.org\/{rel}","templated":true}]}}