{"id":3168,"date":"2026-01-10T21:29:49","date_gmt":"2026-01-10T20:29:49","guid":{"rendered":"https:\/\/parafia.faustyna.bialystok.pl\/?p=3168"},"modified":"2026-01-10T21:29:49","modified_gmt":"2026-01-10T20:29:49","slug":"2026-01-11-niedziela-chrztu-panskiego","status":"publish","type":"post","link":"https:\/\/parafia.faustyna.bialystok.pl\/?p=3168","title":{"rendered":"2026.01.11 \u2013 Niedziela Chrztu Pa\u0144skiego"},"content":{"rendered":"<div class=\"x14z9mp xat24cr x1lziwak x1vvkbs xtlvy1s x126k92a\">\n<ol>\n<li dir=\"auto\"><img fetchpriority=\"high\" decoding=\"async\" class=\" wp-image-3169 alignright\" src=\"https:\/\/parafia.faustyna.bialystok.pl\/wp-content\/uploads\/2026\/01\/2026.01.11-chrzest-panski-200x300.jpg\" alt=\"\" width=\"481\" height=\"722\" srcset=\"https:\/\/parafia.faustyna.bialystok.pl\/wp-content\/uploads\/2026\/01\/2026.01.11-chrzest-panski-200x300.jpg 200w, https:\/\/parafia.faustyna.bialystok.pl\/wp-content\/uploads\/2026\/01\/2026.01.11-chrzest-panski-683x1024.jpg 683w, https:\/\/parafia.faustyna.bialystok.pl\/wp-content\/uploads\/2026\/01\/2026.01.11-chrzest-panski-768x1152.jpg 768w, https:\/\/parafia.faustyna.bialystok.pl\/wp-content\/uploads\/2026\/01\/2026.01.11-chrzest-panski-367x550.jpg 367w, https:\/\/parafia.faustyna.bialystok.pl\/wp-content\/uploads\/2026\/01\/2026.01.11-chrzest-panski-333x500.jpg 333w, https:\/\/parafia.faustyna.bialystok.pl\/wp-content\/uploads\/2026\/01\/2026.01.11-chrzest-panski.jpg 1024w\" sizes=\"(max-width: 481px) 100vw, 481px\" \/>Dzisiaj obchodzimy \u015awi\u0119to Chrztu Pa\u0144skiego. W szczeg\u00f3lny spos\u00f3b m\u00f3dlmy si\u0119 za rodzic\u00f3w chrzestnych i tych, kt\u00f3rzy uczyli nas wiary. Ko\u0144czymy dzi\u015b okres Bo\u017cego Narodzenia, ale tradycyjnie do 2 lutego \u015bpiewamy jeszcze kol\u0119dy w czasie liturgii i pozostawiamy dekoracj\u0119 \u017c\u0142\u00f3bka.<\/li>\n<li dir=\"auto\">W nast\u0119pn\u0105 niedziel\u0119 (18.01) rozpoczyna si\u0119 36 Tydzie\u0144 Powszechnej Modlitwy o Jedno\u015b\u0107 Chrze\u015bcijan.<\/li>\n<li dir=\"auto\">W tym tygodniu:<br \/>\n&#8211; wtorek- 13 dzie\u0144 miesi\u0105ca, Nabo\u017ce\u0144stwo Fatimskie po Mszy wieczornej<br \/>\n&#8211; \u015broda \u2013 adoracja od godz. 17:00<br \/>\n&#8211; sobota \u2013 wspomnienie \u015bw. Antoniego, opata. Jest to Dzie\u0144 Judaizmu.<\/li>\n<li dir=\"auto\">Zbi\u00f3rka zu\u017cytego sprz\u0119tu elektrycznego i elektronicznego \u201eOczy\u015b\u0107 Dom i \u015awiat z elektro\u015bmieci \u2013 Wesprzyj z nami Ko\u015bcio\u0142y na Wschodzie, gdzie mieszkaj\u0105 Nasi Rodacy oraz Zgromadzenie Si\u00f3str Matki Bo\u017cej Loreta\u0144skiej\u201d. Elektro\u015bmieci mo\u017cna w naszej parafii sk\u0142adowa\u0107 na parkingu na jednym z miejsc dla niepe\u0142nosprawnych do \u015brody 14 stycznia do godz. 10:00.<\/li>\n<li dir=\"auto\">Zapraszamy do lektury styczniowego numeru \u201eDr\u00f3g Mi\u0142osierdzia\u201d. Znajdziemy w nim materia\u0142y o przygotowaniu do chrztu i o katechumenacie, jak r\u00f3wnie\u017c o tym jak przed\u0142u\u017cy\u0107 rado\u015b\u0107 z Bo\u017cego Narodzenia i z nadziej\u0105 rozpocz\u0105\u0107 Nowy Rok. W sta\u0142ych rubrykach odnajdziemy m.in. rozwa\u017cania niedzielnych Ewangelii, materia\u0142y dla dzieci oraz wyja\u015bnienie nowych zmian w ortografii j\u0119zyka polskiego. Zach\u0119camy do lektury. Mo\u017cna je naby\u0107 w Pana Marka. S\u0105 jeszcze kalendarze ze S\u0142owem Bo\u017cym \u201eEwangelia na ka\u017cdy dzie\u0144\u201d oraz czasopismo \u201eSta\u015b\u201d.<\/li>\n<li dir=\"auto\">Na czas kol\u0119dy a kancelaria b\u0119dzie czynna w poniedzia\u0142ek, wtorek, czwartek i pi\u0105tek od godz. 8:00 do 9:00, natomiast we \u015brod\u0119 od 16:30 do 17:45.<\/li>\n<li dir=\"auto\">Dzi\u0119kujemy za \u017cyczliwe przyj\u0119cie nas w Waszych domach podczas kol\u0119dy. Jest to czas wsp\u00f3lnej modlitwy, b\u0142ogos\u0142awie\u0144stwa dom\u00f3w, a tak\u017ce rozmowy na tematy wiary i parafii.<\/li>\n<li dir=\"auto\">Niech wszystkich nas b\u0142ogos\u0142awi Dobry B\u00f3g i prowadzi w codzienno\u015bci.<\/li>\n<\/ol>\n<\/div>\n","protected":false},"excerpt":{"rendered":"<p>Dzisiaj obchodzimy \u015awi\u0119to Chrztu Pa\u0144skiego. W szczeg\u00f3lny spos\u00f3b m\u00f3dlmy si\u0119 za rodzic\u00f3w chrzestnych i tych, kt\u00f3rzy uczyli nas wiary. Ko\u0144czymy dzi\u015b okres Bo\u017cego Narodzenia, ale tradycyjnie do 2 lutego \u015bpiewamy jeszcze kol\u0119dy w czasie liturgii i pozostawiamy dekoracj\u0119 \u017c\u0142\u00f3bka. W nast\u0119pn\u0105 niedziel\u0119 (18.01) rozpoczyna si\u0119 36 Tydzie\u0144 Powszechnej Modlitwy o<span class=\"more-link\"><a href=\"https:\/\/parafia.faustyna.bialystok.pl\/?p=3168\">Czytaj dalej<\/a><\/span><\/p>\n","protected":false},"author":1,"featured_media":3170,"comment_status":"closed","ping_status":"closed","sticky":false,"template":"","format":"standard","meta":{"footnotes":""},"categories":[3],"tags":[],"class_list":["entry","author-parafia_admin","post-3168","post","type-post","status-publish","format-standard","has-post-thumbnail","category-ogloszenia"],"_links":{"self":[{"href":"https:\/\/parafia.faustyna.bialystok.pl\/index.php?rest_route=\/wp\/v2\/posts\/3168","targetHints":{"allow":["GET"]}}],"collection":[{"href":"https:\/\/parafia.faustyna.bialystok.pl\/index.php?rest_route=\/wp\/v2\/posts"}],"about":[{"href":"https:\/\/parafia.faustyna.bialystok.pl\/index.php?rest_route=\/wp\/v2\/types\/post"}],"author":[{"embeddable":true,"href":"https:\/\/parafia.faustyna.bialystok.pl\/index.php?rest_route=\/wp\/v2\/users\/1"}],"replies":[{"embeddable":true,"href":"https:\/\/parafia.faustyna.bialystok.pl\/index.php?rest_route=%2Fwp%2Fv2%2Fcomments&post=3168"}],"version-history":[{"count":1,"href":"https:\/\/parafia.faustyna.bialystok.pl\/index.php?rest_route=\/wp\/v2\/posts\/3168\/revisions"}],"predecessor-version":[{"id":3171,"href":"https:\/\/parafia.faustyna.bialystok.pl\/index.php?rest_route=\/wp\/v2\/posts\/3168\/revisions\/3171"}],"wp:featuredmedia":[{"embeddable":true,"href":"https:\/\/parafia.faustyna.bialystok.pl\/index.php?rest_route=\/wp\/v2\/media\/3170"}],"wp:attachment":[{"href":"https:\/\/parafia.faustyna.bialystok.pl\/index.php?rest_route=%2Fwp%2Fv2%2Fmedia&parent=3168"}],"wp:term":[{"taxonomy":"category","embeddable":true,"href":"https:\/\/parafia.faustyna.bialystok.pl\/index.php?rest_route=%2Fwp%2Fv2%2Fcategories&post=3168"},{"taxonomy":"post_tag","embeddable":true,"href":"https:\/\/parafia.faustyna.bialystok.pl\/index.php?rest_route=%2Fwp%2Fv2%2Ftags&post=3168"}],"curies":[{"name":"wp","href":"https:\/\/api.w.org\/{rel}","templated":true}]}}