{"id":3179,"date":"2026-01-20T10:38:50","date_gmt":"2026-01-20T09:38:50","guid":{"rendered":"https:\/\/parafia.faustyna.bialystok.pl\/?p=3179"},"modified":"2026-01-20T10:38:50","modified_gmt":"2026-01-20T09:38:50","slug":"2026-01-18-ii-niedziela-zwykla","status":"publish","type":"post","link":"https:\/\/parafia.faustyna.bialystok.pl\/?p=3179","title":{"rendered":"2026.01.18 \u2013 II Niedziela Zwyk\u0142a"},"content":{"rendered":"<div class=\"x14z9mp xat24cr x1lziwak x1vvkbs xtlvy1s x126k92a\">\n<ol>\n<li dir=\"auto\"><img fetchpriority=\"high\" decoding=\"async\" class=\" wp-image-3180 alignright\" src=\"https:\/\/parafia.faustyna.bialystok.pl\/wp-content\/uploads\/2026\/01\/2026.01.18-II-Niedziela-Zwykla-200x300.jpg\" alt=\"\" width=\"455\" height=\"683\" srcset=\"https:\/\/parafia.faustyna.bialystok.pl\/wp-content\/uploads\/2026\/01\/2026.01.18-II-Niedziela-Zwykla-200x300.jpg 200w, https:\/\/parafia.faustyna.bialystok.pl\/wp-content\/uploads\/2026\/01\/2026.01.18-II-Niedziela-Zwykla-683x1024.jpg 683w, https:\/\/parafia.faustyna.bialystok.pl\/wp-content\/uploads\/2026\/01\/2026.01.18-II-Niedziela-Zwykla-768x1152.jpg 768w, https:\/\/parafia.faustyna.bialystok.pl\/wp-content\/uploads\/2026\/01\/2026.01.18-II-Niedziela-Zwykla-367x550.jpg 367w, https:\/\/parafia.faustyna.bialystok.pl\/wp-content\/uploads\/2026\/01\/2026.01.18-II-Niedziela-Zwykla-333x500.jpg 333w, https:\/\/parafia.faustyna.bialystok.pl\/wp-content\/uploads\/2026\/01\/2026.01.18-II-Niedziela-Zwykla.jpg 1024w\" sizes=\"(max-width: 455px) 100vw, 455px\" \/>Dzisiaj rozpoczyna si\u0119 w ko\u015bciele 36 Tydzie\u0144 Powszechnej Modlitwy o Jedno\u015b\u0107 Chrze\u015bcijan.<\/li>\n<li dir=\"auto\">Nast\u0119pna niedziela jest Niedziel\u0105 S\u0142owa Bo\u017cego.<\/li>\n<li dir=\"auto\">W tym tygodniu:<br \/>\n&#8211; poniedzia\u0142ek \u2013 wspomnienie \u015bw. J\u00f3zefa Sebastiana Pelczara, biskupa. Jest to r\u00f3wnie\u017c dzie\u0144 imienin Biskupa Henryka Ciereszko. Polecamy Bogu w modlitwie Dostojnego Solenizanta<br \/>\n&#8211; \u015broda \u2013 wspomnienie \u015bw. Agnieszki, dziewicy i m\u0119czennicy, wyj\u0105tkowo tego dnia nie b\u0119dzie adoracji<br \/>\n&#8211; sobota \u2013 wspomnienie \u015bw. Franciszka Salezego, biskupa i doktora Ko\u015bcio\u0142a.<\/li>\n<li dir=\"auto\">W dniach 18 &#8211; 25 stycznia prze\u017cywamy Tydzie\u0144 Modlitw o Jedno\u015b\u0107 Chrze\u015bcijan w tym roku pod has\u0142em \u201eJedno Cia\u0142o. Jeden Duch. Jedna nadzieja\u201d. Zapraszamy na nieszpory ekumeniczne pod przewodnictwem abp. J\u00f3zefa Guzdka w ko\u015bciele pw. \u015awi\u0119tej Rodziny w Bia\u0142ymstoku we wtorek 20 stycznia o godz. 17:00. S\u0142owo wyg\u0142osi abp Jakub, ordynariusz prawos\u0142awnej diecezji bia\u0142ostocko-gda\u0144skiej.<\/li>\n<li dir=\"auto\">Noworoczne spotkanie Rodziny Radia Maryja odb\u0119dzie si\u0119 w najbli\u017csz\u0105 niedziel\u0119 25 styczna w parafii pw. \u015bw. Kazimierza w Bia\u0142ymstoku. Rozpocznie si\u0119 Msz\u0105 \u015bw. o godz. 12.30. Zaraz po niej spotkanie z ojcami redemptorystami. Zapraszamy uczestnik\u00f3w wszystkich k\u00f3\u0142 i biur wraz z opiekunami.<\/li>\n<li dir=\"auto\">U Pana Marka mo\u017cna naby\u0107 nasz\u0105 diecezjaln\u0105 gazetk\u0119 \u201eDrogi Mi\u0142osierdzia\u201d. Mo\u017cna tak\u017ce zaopatrzy\u0107 si\u0119 w \u015bwiece gromnice w cenie 15 z\u0142. za par\u0119.<\/li>\n<li dir=\"auto\">Dzi\u0119kujemy za \u017cyczliwe przyj\u0119cie nas w Waszych domach podczas kol\u0119dy. Jest to czas wsp\u00f3lnej modlitwy, b\u0142ogos\u0142awie\u0144stwa dom\u00f3w, a tak\u017ce rozmowy na tematy wiary i parafii.<\/li>\n<li dir=\"auto\">Zgodnie z tradycj\u0105, podczas ferii kancelaria czynna 30 minut po zako\u0144czonej Mszy \u015aw. wieczornej.<\/li>\n<li dir=\"auto\">\u017byczymy wszystkim dobrego tygodnia, a dzieciom korzystaj\u0105cym z ferii dobrego odpoczynku.<\/li>\n<\/ol>\n<\/div>\n","protected":false},"excerpt":{"rendered":"<p>Dzisiaj rozpoczyna si\u0119 w ko\u015bciele 36 Tydzie\u0144 Powszechnej Modlitwy o Jedno\u015b\u0107 Chrze\u015bcijan. Nast\u0119pna niedziela jest Niedziel\u0105 S\u0142owa Bo\u017cego. W tym tygodniu: &#8211; poniedzia\u0142ek \u2013 wspomnienie \u015bw. J\u00f3zefa Sebastiana Pelczara, biskupa. Jest to r\u00f3wnie\u017c dzie\u0144 imienin Biskupa Henryka Ciereszko. Polecamy Bogu w modlitwie Dostojnego Solenizanta &#8211; \u015broda \u2013 wspomnienie \u015bw. Agnieszki,<span class=\"more-link\"><a href=\"https:\/\/parafia.faustyna.bialystok.pl\/?p=3179\">Czytaj dalej<\/a><\/span><\/p>\n","protected":false},"author":1,"featured_media":3181,"comment_status":"closed","ping_status":"closed","sticky":false,"template":"","format":"standard","meta":{"footnotes":""},"categories":[3],"tags":[],"class_list":["entry","author-parafia_admin","post-3179","post","type-post","status-publish","format-standard","has-post-thumbnail","category-ogloszenia"],"_links":{"self":[{"href":"https:\/\/parafia.faustyna.bialystok.pl\/index.php?rest_route=\/wp\/v2\/posts\/3179","targetHints":{"allow":["GET"]}}],"collection":[{"href":"https:\/\/parafia.faustyna.bialystok.pl\/index.php?rest_route=\/wp\/v2\/posts"}],"about":[{"href":"https:\/\/parafia.faustyna.bialystok.pl\/index.php?rest_route=\/wp\/v2\/types\/post"}],"author":[{"embeddable":true,"href":"https:\/\/parafia.faustyna.bialystok.pl\/index.php?rest_route=\/wp\/v2\/users\/1"}],"replies":[{"embeddable":true,"href":"https:\/\/parafia.faustyna.bialystok.pl\/index.php?rest_route=%2Fwp%2Fv2%2Fcomments&post=3179"}],"version-history":[{"count":1,"href":"https:\/\/parafia.faustyna.bialystok.pl\/index.php?rest_route=\/wp\/v2\/posts\/3179\/revisions"}],"predecessor-version":[{"id":3182,"href":"https:\/\/parafia.faustyna.bialystok.pl\/index.php?rest_route=\/wp\/v2\/posts\/3179\/revisions\/3182"}],"wp:featuredmedia":[{"embeddable":true,"href":"https:\/\/parafia.faustyna.bialystok.pl\/index.php?rest_route=\/wp\/v2\/media\/3181"}],"wp:attachment":[{"href":"https:\/\/parafia.faustyna.bialystok.pl\/index.php?rest_route=%2Fwp%2Fv2%2Fmedia&parent=3179"}],"wp:term":[{"taxonomy":"category","embeddable":true,"href":"https:\/\/parafia.faustyna.bialystok.pl\/index.php?rest_route=%2Fwp%2Fv2%2Fcategories&post=3179"},{"taxonomy":"post_tag","embeddable":true,"href":"https:\/\/parafia.faustyna.bialystok.pl\/index.php?rest_route=%2Fwp%2Fv2%2Ftags&post=3179"}],"curies":[{"name":"wp","href":"https:\/\/api.w.org\/{rel}","templated":true}]}}