{"id":3200,"date":"2026-01-25T10:43:54","date_gmt":"2026-01-25T09:43:54","guid":{"rendered":"https:\/\/parafia.faustyna.bialystok.pl\/?p=3200"},"modified":"2026-01-25T10:43:54","modified_gmt":"2026-01-25T09:43:54","slug":"2026-01-25-iii-niedziela-zwykla","status":"publish","type":"post","link":"https:\/\/parafia.faustyna.bialystok.pl\/?p=3200","title":{"rendered":"2026.01.25 \u2013 III Niedziela Zwyk\u0142a"},"content":{"rendered":"<div class=\"html-div xdj266r x14z9mp xat24cr x1lziwak xexx8yu xyri2b x18d9i69 x1c1uobl\">\n<div class=\"html-div xdj266r x14z9mp xat24cr x1lziwak xexx8yu xyri2b x18d9i69 x1c1uobl\" dir=\"auto\">\n<div class=\"html-div xdj266r x14z9mp xat24cr x1lziwak xexx8yu xyri2b x18d9i69 x1c1uobl\" data-ad-rendering-role=\"story_message\">\n<div class=\"x1l90r2v x1iorvi4 x1g0dm76 xpdmqnj\" data-ad-comet-preview=\"message\" data-ad-preview=\"message\">\n<div class=\"x78zum5 xdt5ytf xz62fqu x16ldp7u\">\n<div class=\"xu06os2 x1ok221b\">\n<div class=\"html-div xdj266r x14z9mp xat24cr x1lziwak xexx8yu xyri2b x18d9i69 x1c1uobl\">\n<div class=\"x14z9mp xat24cr x1lziwak x1vvkbs xtlvy1s x126k92a\">\n<ol>\n<li dir=\"auto\"><img fetchpriority=\"high\" decoding=\"async\" class=\" wp-image-3201 alignright\" src=\"https:\/\/parafia.faustyna.bialystok.pl\/wp-content\/uploads\/2026\/01\/2026.01.25-Niedziela-Slowa-Bozego-300x300.jpg\" alt=\"\" width=\"492\" height=\"492\" srcset=\"https:\/\/parafia.faustyna.bialystok.pl\/wp-content\/uploads\/2026\/01\/2026.01.25-Niedziela-Slowa-Bozego-300x300.jpg 300w, https:\/\/parafia.faustyna.bialystok.pl\/wp-content\/uploads\/2026\/01\/2026.01.25-Niedziela-Slowa-Bozego-150x150.jpg 150w, https:\/\/parafia.faustyna.bialystok.pl\/wp-content\/uploads\/2026\/01\/2026.01.25-Niedziela-Slowa-Bozego-768x768.jpg 768w, https:\/\/parafia.faustyna.bialystok.pl\/wp-content\/uploads\/2026\/01\/2026.01.25-Niedziela-Slowa-Bozego-465x465.jpg 465w, https:\/\/parafia.faustyna.bialystok.pl\/wp-content\/uploads\/2026\/01\/2026.01.25-Niedziela-Slowa-Bozego-500x500.jpg 500w, https:\/\/parafia.faustyna.bialystok.pl\/wp-content\/uploads\/2026\/01\/2026.01.25-Niedziela-Slowa-Bozego-65x65.jpg 65w, https:\/\/parafia.faustyna.bialystok.pl\/wp-content\/uploads\/2026\/01\/2026.01.25-Niedziela-Slowa-Bozego.jpg 1024w\" sizes=\"(max-width: 492px) 100vw, 492px\" \/>Obchodzimy dzi\u015b Niedziel\u0119 S\u0142owa Bo\u017cego. Zach\u0119camy do codziennej lektury S\u0142owa Bo\u017cego. Wychodz\u0105c z ko\u015bcio\u0142a mo\u017cna wylosowa\u0107 fragment z Pisma \u015awi\u0119tego.<\/li>\n<li dir=\"auto\">W tym tygodniu:<br \/>\n&#8211; poniedzia\u0142ek \u2013 wspomnienie \u015bw. biskup\u00f3w Tymoteusza i Tytusa<br \/>\n&#8211; wtorek &#8211; Mi\u0119dzynarodowy Dzie\u0144 Pami\u0119ci o Ofiarach Holokaustu<br \/>\n&#8211; \u015broda \u2013 wspomnienie \u015bw. Tomasza z Akwinu, prezbitera i doktora Ko\u015bcio\u0142a od godz. 17:00 Adoracja Naj\u015bwi\u0119tszego Sakramentu<br \/>\n&#8211; czwartek \u2013 wspomnienie b\u0142. Boles\u0142awy Marii Lament, dziewicy<br \/>\n&#8211; sobota \u2013 wspomnienie \u015bw. Jana Bosko, prezbitera.<\/li>\n<li dir=\"auto\">W nast\u0119pn\u0105 niedziel\u0119 przypada pierwsza niedziela miesi\u0105ca. Po Mszy \u015aw. o godz. 9:00 wystawienie Naj\u015bwi\u0119tszego Sakramentu.<\/li>\n<li dir=\"auto\">U Pana Marka s\u0105 do nabycia \u201eDrogi Mi\u0142osierdzia\u201d oraz czasopismo \u201eSta\u015b\u201d. Mo\u017cna tak\u017ce zaopatrzy\u0107 si\u0119 w \u015bwiece gromnice w cenie 15 z\u0142. za par\u0119.<\/li>\n<li dir=\"auto\">Zgodnie z tradycj\u0105, podczas ferii kancelaria czynna 30 minut po zako\u0144czonej Mszy \u015aw. wieczornej.<\/li>\n<li dir=\"auto\">\u017byczymy wszystkim dobrego tygodnia, a dzieciom korzystaj\u0105cym z ferii dobrego odpoczynku.<\/li>\n<li dir=\"auto\">Dzi\u0119kujemy za \u017cyczliwe przyj\u0119cie nas w Waszych domach podczas kol\u0119dy. Jest to czas wsp\u00f3lnej modlitwy, b\u0142ogos\u0142awie\u0144stwa dom\u00f3w, a tak\u017ce rozmowy na tematy wiary i parafii.<\/li>\n<\/ol>\n<\/div>\n<\/div>\n<\/div>\n<\/div>\n<\/div>\n<\/div>\n<\/div>\n<\/div>\n","protected":false},"excerpt":{"rendered":"<p>Obchodzimy dzi\u015b Niedziel\u0119 S\u0142owa Bo\u017cego. Zach\u0119camy do codziennej lektury S\u0142owa Bo\u017cego. Wychodz\u0105c z ko\u015bcio\u0142a mo\u017cna wylosowa\u0107 fragment z Pisma \u015awi\u0119tego. W tym tygodniu: &#8211; poniedzia\u0142ek \u2013 wspomnienie \u015bw. biskup\u00f3w Tymoteusza i Tytusa &#8211; wtorek &#8211; Mi\u0119dzynarodowy Dzie\u0144 Pami\u0119ci o Ofiarach Holokaustu &#8211; \u015broda \u2013 wspomnienie \u015bw. Tomasza z Akwinu, prezbitera<span class=\"more-link\"><a href=\"https:\/\/parafia.faustyna.bialystok.pl\/?p=3200\">Czytaj dalej<\/a><\/span><\/p>\n","protected":false},"author":1,"featured_media":3201,"comment_status":"closed","ping_status":"closed","sticky":false,"template":"","format":"standard","meta":{"footnotes":""},"categories":[3],"tags":[],"class_list":["entry","author-parafia_admin","post-3200","post","type-post","status-publish","format-standard","has-post-thumbnail","category-ogloszenia"],"_links":{"self":[{"href":"https:\/\/parafia.faustyna.bialystok.pl\/index.php?rest_route=\/wp\/v2\/posts\/3200","targetHints":{"allow":["GET"]}}],"collection":[{"href":"https:\/\/parafia.faustyna.bialystok.pl\/index.php?rest_route=\/wp\/v2\/posts"}],"about":[{"href":"https:\/\/parafia.faustyna.bialystok.pl\/index.php?rest_route=\/wp\/v2\/types\/post"}],"author":[{"embeddable":true,"href":"https:\/\/parafia.faustyna.bialystok.pl\/index.php?rest_route=\/wp\/v2\/users\/1"}],"replies":[{"embeddable":true,"href":"https:\/\/parafia.faustyna.bialystok.pl\/index.php?rest_route=%2Fwp%2Fv2%2Fcomments&post=3200"}],"version-history":[{"count":1,"href":"https:\/\/parafia.faustyna.bialystok.pl\/index.php?rest_route=\/wp\/v2\/posts\/3200\/revisions"}],"predecessor-version":[{"id":3202,"href":"https:\/\/parafia.faustyna.bialystok.pl\/index.php?rest_route=\/wp\/v2\/posts\/3200\/revisions\/3202"}],"wp:featuredmedia":[{"embeddable":true,"href":"https:\/\/parafia.faustyna.bialystok.pl\/index.php?rest_route=\/wp\/v2\/media\/3201"}],"wp:attachment":[{"href":"https:\/\/parafia.faustyna.bialystok.pl\/index.php?rest_route=%2Fwp%2Fv2%2Fmedia&parent=3200"}],"wp:term":[{"taxonomy":"category","embeddable":true,"href":"https:\/\/parafia.faustyna.bialystok.pl\/index.php?rest_route=%2Fwp%2Fv2%2Fcategories&post=3200"},{"taxonomy":"post_tag","embeddable":true,"href":"https:\/\/parafia.faustyna.bialystok.pl\/index.php?rest_route=%2Fwp%2Fv2%2Ftags&post=3200"}],"curies":[{"name":"wp","href":"https:\/\/api.w.org\/{rel}","templated":true}]}}