{"id":3203,"date":"2026-01-25T10:50:31","date_gmt":"2026-01-25T09:50:31","guid":{"rendered":"https:\/\/parafia.faustyna.bialystok.pl\/?p=3203"},"modified":"2026-01-25T10:50:31","modified_gmt":"2026-01-25T09:50:31","slug":"swieto-ku-czci-malzenstwa-maryi-i-jozefa","status":"publish","type":"post","link":"https:\/\/parafia.faustyna.bialystok.pl\/?p=3203","title":{"rendered":"\u015awi\u0119to ku czci ma\u0142\u017ce\u0144stwa Maryi i J\u00f3zefa"},"content":{"rendered":"<div class=\"html-div xdj266r x14z9mp xat24cr x1lziwak xexx8yu xyri2b x18d9i69 x1c1uobl\">\n<div class=\"html-div xdj266r x14z9mp xat24cr x1lziwak xexx8yu xyri2b x18d9i69 x1c1uobl\" dir=\"auto\">\n<div class=\"html-div xdj266r x14z9mp xat24cr x1lziwak xexx8yu xyri2b x18d9i69 x1c1uobl\" data-ad-rendering-role=\"story_message\">\n<div class=\"x1l90r2v x1iorvi4 x1g0dm76 xpdmqnj\" data-ad-comet-preview=\"message\" data-ad-preview=\"message\">\n<div class=\"x78zum5 xdt5ytf xz62fqu x16ldp7u\">\n<div class=\"xu06os2 x1ok221b\">\n<div class=\"html-div xdj266r x14z9mp xat24cr x1lziwak xexx8yu xyri2b x18d9i69 x1c1uobl\">\n<div class=\"xdj266r x14z9mp xat24cr x1lziwak x1vvkbs x126k92a\">\n<div dir=\"auto\"><img fetchpriority=\"high\" decoding=\"async\" class=\" wp-image-3205 alignright\" src=\"https:\/\/parafia.faustyna.bialystok.pl\/wp-content\/uploads\/2026\/01\/Zaslubiny-Maryi-i-Jozefa-227x300.jpg\" alt=\"\" width=\"347\" height=\"459\" srcset=\"https:\/\/parafia.faustyna.bialystok.pl\/wp-content\/uploads\/2026\/01\/Zaslubiny-Maryi-i-Jozefa-227x300.jpg 227w, https:\/\/parafia.faustyna.bialystok.pl\/wp-content\/uploads\/2026\/01\/Zaslubiny-Maryi-i-Jozefa-379x500.jpg 379w, https:\/\/parafia.faustyna.bialystok.pl\/wp-content\/uploads\/2026\/01\/Zaslubiny-Maryi-i-Jozefa.jpg 381w\" sizes=\"(max-width: 347px) 100vw, 347px\" \/>Czy wiedzia\u0142e\u015b, \u017ce istnieje \u015bwi\u0119to liturgiczne ku czci ma\u0142\u017ce\u0144stwa Maryi i J\u00f3zefa?<\/div>\n<\/div>\n<div class=\"x14z9mp xat24cr x1lziwak x1vvkbs xtlvy1s x126k92a\">\n<div dir=\"auto\">Nazywa si\u0119 &#8220;\u015awi\u0119tem Za\u015blubin \u015bw. J\u00f3zefa z Naj\u015bwi\u0119tsz\u0105 Maryj\u0105 Pann\u0105&#8221; (czasem bywa r\u00f3wnie\u017c nazywane &#8220;Uczt\u0105 zar\u0119czynow\u0105 Maryi z J\u00f3zefem&#8221;).<\/div>\n<\/div>\n<div class=\"x14z9mp xat24cr x1lziwak x1vvkbs xtlvy1s x126k92a\">\n<div dir=\"auto\">\u015awi\u0119to Za\u015blubin \u015bw. J\u00f3zefa z Naj\u015bwi\u0119tsz\u0105 Maryj\u0105 Pann\u0105 ma d\u0142ug\u0105 histori\u0119, si\u0119gaj\u0105c\u0105 XV wieku. Obchodzono je tradycyjnie 23 stycznia. (..) Do ko\u0144ca nie wiadomo, dlaczego na to \u015bwi\u0119to wybrano 23 stycznia, ale dzi\u0119ki mistycznym wizjom b\u0142. Anny Katarzyny Emmerich mo\u017cemy z bliska przyjrze\u0107 si\u0119 temu fascynuj\u0105cemu wydarzeniu. (&#8230;)<\/div>\n<\/div>\n<div class=\"x14z9mp xat24cr x1lziwak x1vvkbs xtlvy1s x126k92a\">\n<div dir=\"auto\">&#8220;Za\u015blubiny odby\u0142y si\u0119 chyba w dniu naszego 23 stycznia. \u015awi\u0119towano w Jerozolimie, na g\u00f3rze Syjon, w domu przeznaczonym na takie uczty.&#8221;<\/div>\n<\/div>\n<div class=\"x14z9mp xat24cr x1lziwak x1vvkbs xtlvy1s x126k92a\">\n<div dir=\"auto\">Dlaczego tak ma\u0142o ludzi wie o \u015bwi\u0119cie Za\u015blubin \u015bw. J\u00f3zefa z Naj\u015bwi\u0119tsz\u0105 Maryj\u0105 Pann\u0105? Niestety, ta uroczysto\u015b\u0107 nie znajduje si\u0119 w kalendarzu liturgicznym Ko\u015bcio\u0142a powszechnego. Obchodzona jest zaledwie w kilku sanktuariach po\u015bwi\u0119conych \u015bw. J\u00f3zefowi (na przyk\u0142ad w oratorium \u015bw. J\u00f3zefa w Montrealu); w kilku diecezjach, w kt\u00f3rych wyrazi\u0142 na to zgod\u0119 lokalny biskup; oraz w nielicznych wsp\u00f3lnotach religijnych czcicieli \u015bw. J\u00f3zefa. Jednym z wi\u0119kszych zgromadze\u0144 zakonnych, kt\u00f3re obchodzi \u015bwi\u0119to Za\u015blubin \u015bw. J\u00f3zefa z Naj\u015bwi\u0119tsz\u0105 Maryj\u0105 Pann\u0105, s\u0105 Oblaci \u015bw. J\u00f3zefa.<\/div>\n<\/div>\n<div class=\"x14z9mp xat24cr x1lziwak x1vvkbs xtlvy1s x126k92a\">\n<div dir=\"auto\">Powy\u017cszy tekst pochodzi z ksi\u0105\u017cki &#8220;Konsekracja \u015bw. J\u00f3zefowi&#8221; ks. Donalda H. Calloway&#8217;a.<\/div>\n<\/div>\n<div class=\"x14z9mp xat24cr x1lziwak x1vvkbs xtlvy1s x126k92a\">\n<div dir=\"auto\">Dodatkowo mo\u017cna poczyta\u0107: <span class=\"html-span xdj266r x14z9mp xat24cr x1lziwak xexx8yu xyri2b x18d9i69 x1c1uobl x1hl2dhg x16tdsg8 x1vvkbs\"><a class=\"x1i10hfl xjbqb8w x1ejq31n x18oe1m7 x1sy0etr xstzfhl x972fbf x10w94by x1qhh985 x14e42zd x9f619 x1ypdohk xt0psk2 x3ct3a4 xdj266r x14z9mp xat24cr x1lziwak xexx8yu xyri2b x18d9i69 x1c1uobl x16tdsg8 x1hl2dhg xggy1nq x1a2a7pz xkrqix3 x1sur9pj x1fey0fg x1s688f\" tabindex=\"0\" role=\"link\" href=\"https:\/\/l.facebook.com\/l.php?u=https%3A%2F%2Fekspedyt.org%2F...%2Fzaslubiny-najswietszej-maryi...%2F%3Ffbclid%3DIwZXh0bgNhZW0CMTAAYnJpZBEwY3puazhZOTNMbmQxa0pmQ3NydGMGYXBwX2lkEDIyMjAzOTE3ODgyMDA4OTIAAR44pVYzrqdKMuS9z49UTxZFnUmIM6Wv9MFFpBHm_ObLI7aVPXnSXXUfTS8DKQ_aem_WNQ4OBMNqy47lXGT8YmR0g&amp;h=AT2gFQ7OMAWJzKO1ZqXYh4yXW072ffY5PRdtLVNfqFenkKZ1hx4Asx9ARG_1PAiLhV0vrjkGzbRtlFJcG_XxOSAWiFq7qNDn5M8NktkMibVOPLHW7r1ZHtrTPR8sWXQTMidAM0JEr5jlkDQV&amp;__tn__=-UK-R&amp;c[0]=AT2_FhtHAHmvfcFYsYeswQ8s4-wYsx6Yon-Oxpo2q6pRiUa8ZWmwAGItOUrJFSjz_ggEDEo_nH_q30fFVk31myZt1gPe7X9_VIgVERbSrAE7RVF5Lj6AxW3legPH-QRCCXkB4tWRSb0wi56Jbw66GLJwt5KpnSK0e9_cXtaGun6rlmmEUzq7GQxWklQwYfs1YepZ-BkOlzQuMyk3j7PpmHxmJQ\" target=\"_blank\" rel=\"nofollow noopener noreferrer\">https:\/\/ekspedyt.org\/&#8230;\/zaslubiny-najswietszej-maryi&#8230;\/<\/a><\/span><\/div>\n<\/div>\n<\/div>\n<\/div>\n<\/div>\n<\/div>\n<\/div>\n<\/div>\n<\/div>\n","protected":false},"excerpt":{"rendered":"<p>Czy wiedzia\u0142e\u015b, \u017ce istnieje \u015bwi\u0119to liturgiczne ku czci ma\u0142\u017ce\u0144stwa Maryi i J\u00f3zefa? Nazywa si\u0119 &#8220;\u015awi\u0119tem Za\u015blubin \u015bw. J\u00f3zefa z Naj\u015bwi\u0119tsz\u0105 Maryj\u0105 Pann\u0105&#8221; (czasem bywa r\u00f3wnie\u017c nazywane &#8220;Uczt\u0105 zar\u0119czynow\u0105 Maryi z J\u00f3zefem&#8221;). \u015awi\u0119to Za\u015blubin \u015bw. J\u00f3zefa z Naj\u015bwi\u0119tsz\u0105 Maryj\u0105 Pann\u0105 ma d\u0142ug\u0105 histori\u0119, si\u0119gaj\u0105c\u0105 XV wieku. Obchodzono je tradycyjnie 23 stycznia.<span class=\"more-link\"><a href=\"https:\/\/parafia.faustyna.bialystok.pl\/?p=3203\">Czytaj dalej<\/a><\/span><\/p>\n","protected":false},"author":1,"featured_media":3204,"comment_status":"closed","ping_status":"closed","sticky":false,"template":"","format":"standard","meta":{"footnotes":""},"categories":[6],"tags":[],"class_list":["entry","author-parafia_admin","post-3203","post","type-post","status-publish","format-standard","has-post-thumbnail","category-informacje"],"_links":{"self":[{"href":"https:\/\/parafia.faustyna.bialystok.pl\/index.php?rest_route=\/wp\/v2\/posts\/3203","targetHints":{"allow":["GET"]}}],"collection":[{"href":"https:\/\/parafia.faustyna.bialystok.pl\/index.php?rest_route=\/wp\/v2\/posts"}],"about":[{"href":"https:\/\/parafia.faustyna.bialystok.pl\/index.php?rest_route=\/wp\/v2\/types\/post"}],"author":[{"embeddable":true,"href":"https:\/\/parafia.faustyna.bialystok.pl\/index.php?rest_route=\/wp\/v2\/users\/1"}],"replies":[{"embeddable":true,"href":"https:\/\/parafia.faustyna.bialystok.pl\/index.php?rest_route=%2Fwp%2Fv2%2Fcomments&post=3203"}],"version-history":[{"count":1,"href":"https:\/\/parafia.faustyna.bialystok.pl\/index.php?rest_route=\/wp\/v2\/posts\/3203\/revisions"}],"predecessor-version":[{"id":3206,"href":"https:\/\/parafia.faustyna.bialystok.pl\/index.php?rest_route=\/wp\/v2\/posts\/3203\/revisions\/3206"}],"wp:featuredmedia":[{"embeddable":true,"href":"https:\/\/parafia.faustyna.bialystok.pl\/index.php?rest_route=\/wp\/v2\/media\/3204"}],"wp:attachment":[{"href":"https:\/\/parafia.faustyna.bialystok.pl\/index.php?rest_route=%2Fwp%2Fv2%2Fmedia&parent=3203"}],"wp:term":[{"taxonomy":"category","embeddable":true,"href":"https:\/\/parafia.faustyna.bialystok.pl\/index.php?rest_route=%2Fwp%2Fv2%2Fcategories&post=3203"},{"taxonomy":"post_tag","embeddable":true,"href":"https:\/\/parafia.faustyna.bialystok.pl\/index.php?rest_route=%2Fwp%2Fv2%2Ftags&post=3203"}],"curies":[{"name":"wp","href":"https:\/\/api.w.org\/{rel}","templated":true}]}}