{"id":3277,"date":"2026-03-07T19:01:13","date_gmt":"2026-03-07T18:01:13","guid":{"rendered":"https:\/\/parafia.faustyna.bialystok.pl\/?p=3277"},"modified":"2026-03-08T16:54:06","modified_gmt":"2026-03-08T15:54:06","slug":"2026-03-08-iii-niedziela-wielkiego-postu","status":"publish","type":"post","link":"https:\/\/parafia.faustyna.bialystok.pl\/?p=3277","title":{"rendered":"2026.03.08 \u2013 III Niedziela Wielkiego Postu"},"content":{"rendered":"<div class=\"x14z9mp xat24cr x1lziwak x1vvkbs xtlvy1s x126k92a\">\n<ol>\n<li dir=\"auto\"><img fetchpriority=\"high\" decoding=\"async\" class=\" wp-image-3278 alignright\" src=\"https:\/\/parafia.faustyna.bialystok.pl\/wp-content\/uploads\/2026\/03\/2026.03.08-300x300.jpg\" alt=\"\" width=\"617\" height=\"617\" srcset=\"https:\/\/parafia.faustyna.bialystok.pl\/wp-content\/uploads\/2026\/03\/2026.03.08-300x300.jpg 300w, https:\/\/parafia.faustyna.bialystok.pl\/wp-content\/uploads\/2026\/03\/2026.03.08-150x150.jpg 150w, https:\/\/parafia.faustyna.bialystok.pl\/wp-content\/uploads\/2026\/03\/2026.03.08-768x768.jpg 768w, https:\/\/parafia.faustyna.bialystok.pl\/wp-content\/uploads\/2026\/03\/2026.03.08-465x465.jpg 465w, https:\/\/parafia.faustyna.bialystok.pl\/wp-content\/uploads\/2026\/03\/2026.03.08-500x500.jpg 500w, https:\/\/parafia.faustyna.bialystok.pl\/wp-content\/uploads\/2026\/03\/2026.03.08-65x65.jpg 65w, https:\/\/parafia.faustyna.bialystok.pl\/wp-content\/uploads\/2026\/03\/2026.03.08.jpg 1024w\" sizes=\"(max-width: 617px) 100vw, 617px\" \/>Nast\u0119pna niedziela (15.03) to IV Niedziela Wielkiego Postu tzw. Niedziela Laetare.<\/li>\n<li dir=\"auto\">W tym tygodniu:<br \/>\n&#8211; \u015broda \u2013 Adoracja od godz. 17:00<br \/>\n&#8211; pi\u0105tek &#8211; 13 dzie\u0144 miesi\u0105ca, Nabo\u017ce\u0144stwo Fatimskie o godz. 17:00.<\/li>\n<li dir=\"auto\">Nabo\u017ce\u0144stwa Pasyjne:<br \/>\n&#8211; Gorzkie \u017bale: niedziela po Mszy \u015awi\u0119tej o godz. 9:00 oraz w \u015brody i soboty po wieczornej Eucharystii<br \/>\n&#8211; Droga Krzy\u017cowa dla doros\u0142ych: pi\u0105tki po wieczornej Eucharystii<br \/>\n&#8211; Droga Krzy\u017cowa dla dzieci: soboty o godz. 17:00<br \/>\n&#8211; Rekolekcje Wielkopostne: 20-21-22 marca.<\/li>\n<li dir=\"auto\">U Pana Marka s\u0105 do nabycia \u201eDrogi Mi\u0142osierdzia\u201d oraz czasopismo \u201eSta\u015b\u201d oraz \u201eDrogi misyjne\u201d . Przed ko\u015bcio\u0142em mo\u017cna naby\u0107 \u201epascha\u0142ki\u201d na st\u00f3\u0142 wielkanocny du\u017cy w cenie 20z\u0142. S\u0105 jeszcze do wzi\u0119cia skarbonki: Ja\u0142mu\u017cna wielkopostna.<\/li>\n<li dir=\"auto\">Spotkanie rodzic\u00f3w m\u0142odzie\u017cy szk\u00f3\u0142 ponadpodstawowych, przygotowuj\u0105cej si\u0119 do bierzmowania w naszej parafii odb\u0119dzie si\u0119 w niedziel\u0119 22 marca br. po Mszy \u015bw. o godz. 13.30<\/li>\n<li dir=\"auto\">Wszystkim \u017cyczymy owocnego czasu wielkopostnych duchowych zmaga\u0144 Szcz\u0119\u015b\u0107 Bo\u017ce.<\/li>\n<\/ol>\n<\/div>\n<div class=\"x14z9mp xat24cr x1lziwak x1vvkbs xtlvy1s x126k92a\">\n<div dir=\"auto\">Og\u0142oszenia duszpasterskie do wiadomo\u015bci wiernych:<\/div>\n<\/div>\n<div class=\"x14z9mp xat24cr x1lziwak x1vvkbs xtlvy1s x126k92a\">\n<ol>\n<li dir=\"auto\">Przedszkole Si\u00f3str Misjonarek przy ul. Zielnej 16 og\u0142asza nab\u00f3r dzieci na nowy rok przedszkolny i zaprasza na dni otwarte 11.03, 15.04, 11.06. Szczeg\u00f3\u0142owe informacje na stronie internetowej przedszkola.<\/li>\n<li dir=\"auto\">W tym roku po raz trzeci Archidiecezja Bia\u0142ostocka organizuje spotkanie ekumeniczne dla ma\u0142\u017ce\u0144stw dwuwyznaniowych pod has\u0142em \u201eAby byli jedno\u2026\u201d. Na Msz\u0119 \u015aw. i konferencj\u0119 zapraszamy 14 marca (sobota) o godz. 16:00 do Archikatedry Bia\u0142ostockiej (ma\u0142y ko\u015bci\u00f3\u0142 farny).<\/li>\n<li dir=\"auto\">Wielkopostny Dzie\u0144 Skupienia zelator\u00f3w i cz\u0142onk\u00f3w \u017bywego R\u00f3\u017ca\u0144ca odb\u0119dzie si\u0119 w sobot\u0119 14 marca 2026 r. w parafii pw. Matki Bo\u017cej R\u00f3\u017ca\u0144cowej w Bia\u0142ymstoku, ul. Narewska 26. Pocz\u0105tek o godz. 10:30. W programie konferencja, r\u00f3\u017caniec i Msza \u015awi\u0119ta.<\/li>\n<li dir=\"auto\">Rekolekcje Wielkopostne parlamentarzyst\u00f3w, pracownik\u00f3w administracji rz\u0105dowej i samorz\u0105dowej oraz prawnik\u00f3w odb\u0119d\u0105 si\u0119 w dniach od 15-17 marca (niedziela, poniedzia\u0142ek, wtorek) w starym ko\u015bciele farnym w Bia\u0142ymstoku. Msza \u015bw. codziennie o godz. 19.00. Zapraszamy do uczestnictwa.<\/li>\n<li dir=\"auto\">Dominika\u0144ska Szko\u0142a Wiary w Bia\u0142ymstoku zaprasza na wyk\u0142ad otwarty &#8220;Nawr\u00f3\u0107 nas Panie, a nawr\u00f3cimy si\u0119 do Ciebie&#8221;. Wyk\u0142ad wyg\u0142osi dominikanin rodem z Bia\u0142egostoku \u2013 o. Benedykt Malewski. Zapraszamy w \u015brod\u0119, 11 marca, do Archikatedry Bia\u0142ostockiej na Eucharysti\u0119 o godz. 18.00, a o godzinie 19.00 na wyk\u0142ad do ARKAD KATEDRALNYCH (wej\u015bcie \u201eA\u201d). Wst\u0119p wolny.<br \/>\nWi\u0119cej informacji na Facebook&#8217;owej stronie &#8220;Szko\u0142a Wiary Bia\u0142ystok&#8221; <span class=\"html-span xdj266r x14z9mp xat24cr x1lziwak xexx8yu xyri2b x18d9i69 x1c1uobl x1hl2dhg x16tdsg8 x1vvkbs\"><a class=\"x1i10hfl xjbqb8w x1ejq31n x18oe1m7 x1sy0etr xstzfhl x972fbf x10w94by x1qhh985 x14e42zd x9f619 x1ypdohk xt0psk2 x3ct3a4 xdj266r x14z9mp xat24cr x1lziwak xexx8yu xyri2b x18d9i69 x1c1uobl x16tdsg8 x1hl2dhg xggy1nq x1a2a7pz xkrqix3 x1sur9pj x1fey0fg x1s688f\" tabindex=\"0\" role=\"link\" href=\"https:\/\/www.facebook.com\/SzkolaWiaryBialystok?__cft__[0]=AZYHRjheQjaTwohkQWUKSa_YOn5qzgGewRgIrmgenDWwOsGZL2m42UqcXL1aFFX109QYkug8RQDex070ncfx_lqX7gzxfvb7RJHv7DVVPo2AtVBQDe9D1AyFxxw3y1KOIIhBaNCSPjMBqph9LDNQvREN&amp;__tn__=-]K-R\"><span class=\"xt0psk2\"><span class=\"xjp7ctv\">www.facebook.com\/SzkolaWiaryBialystok<\/span><\/span><\/a><\/span> i\/ lub na plakacie.<\/li>\n<\/ol>\n<\/div>\n","protected":false},"excerpt":{"rendered":"<p>Nast\u0119pna niedziela (15.03) to IV Niedziela Wielkiego Postu tzw. Niedziela Laetare. W tym tygodniu: &#8211; \u015broda \u2013 Adoracja od godz. 17:00 &#8211; pi\u0105tek &#8211; 13 dzie\u0144 miesi\u0105ca, Nabo\u017ce\u0144stwo Fatimskie o godz. 17:00. Nabo\u017ce\u0144stwa Pasyjne: &#8211; Gorzkie \u017bale: niedziela po Mszy \u015awi\u0119tej o godz. 9:00 oraz w \u015brody i soboty po<span class=\"more-link\"><a href=\"https:\/\/parafia.faustyna.bialystok.pl\/?p=3277\">Czytaj dalej<\/a><\/span><\/p>\n","protected":false},"author":1,"featured_media":3278,"comment_status":"closed","ping_status":"closed","sticky":false,"template":"","format":"standard","meta":{"footnotes":""},"categories":[3],"tags":[],"class_list":["entry","author-parafia_admin","post-3277","post","type-post","status-publish","format-standard","has-post-thumbnail","category-ogloszenia"],"_links":{"self":[{"href":"https:\/\/parafia.faustyna.bialystok.pl\/index.php?rest_route=\/wp\/v2\/posts\/3277","targetHints":{"allow":["GET"]}}],"collection":[{"href":"https:\/\/parafia.faustyna.bialystok.pl\/index.php?rest_route=\/wp\/v2\/posts"}],"about":[{"href":"https:\/\/parafia.faustyna.bialystok.pl\/index.php?rest_route=\/wp\/v2\/types\/post"}],"author":[{"embeddable":true,"href":"https:\/\/parafia.faustyna.bialystok.pl\/index.php?rest_route=\/wp\/v2\/users\/1"}],"replies":[{"embeddable":true,"href":"https:\/\/parafia.faustyna.bialystok.pl\/index.php?rest_route=%2Fwp%2Fv2%2Fcomments&post=3277"}],"version-history":[{"count":5,"href":"https:\/\/parafia.faustyna.bialystok.pl\/index.php?rest_route=\/wp\/v2\/posts\/3277\/revisions"}],"predecessor-version":[{"id":3284,"href":"https:\/\/parafia.faustyna.bialystok.pl\/index.php?rest_route=\/wp\/v2\/posts\/3277\/revisions\/3284"}],"wp:featuredmedia":[{"embeddable":true,"href":"https:\/\/parafia.faustyna.bialystok.pl\/index.php?rest_route=\/wp\/v2\/media\/3278"}],"wp:attachment":[{"href":"https:\/\/parafia.faustyna.bialystok.pl\/index.php?rest_route=%2Fwp%2Fv2%2Fmedia&parent=3277"}],"wp:term":[{"taxonomy":"category","embeddable":true,"href":"https:\/\/parafia.faustyna.bialystok.pl\/index.php?rest_route=%2Fwp%2Fv2%2Fcategories&post=3277"},{"taxonomy":"post_tag","embeddable":true,"href":"https:\/\/parafia.faustyna.bialystok.pl\/index.php?rest_route=%2Fwp%2Fv2%2Ftags&post=3277"}],"curies":[{"name":"wp","href":"https:\/\/api.w.org\/{rel}","templated":true}]}}