{"id":3480,"date":"2026-04-26T10:10:00","date_gmt":"2026-04-26T09:10:00","guid":{"rendered":"https:\/\/parafia.faustyna.bialystok.pl\/?p=3480"},"modified":"2026-04-26T10:10:00","modified_gmt":"2026-04-26T09:10:00","slug":"2026-04-26-iv-niedziela-wielkanocna-dobrego-pasterza","status":"publish","type":"post","link":"https:\/\/parafia.faustyna.bialystok.pl\/?p=3480","title":{"rendered":"2026.04.26 &#8211; IV Niedziela Wielkanocna \u2013 Dobrego Pasterza"},"content":{"rendered":"<div class=\"x14z9mp xat24cr x1lziwak x1vvkbs xtlvy1s x126k92a\">\n<p><img fetchpriority=\"high\" decoding=\"async\" class=\" wp-image-3482 alignright\" src=\"https:\/\/parafia.faustyna.bialystok.pl\/wp-content\/uploads\/2026\/04\/2026.04.26-200x300.jpg\" alt=\"\" width=\"550\" height=\"825\" srcset=\"https:\/\/parafia.faustyna.bialystok.pl\/wp-content\/uploads\/2026\/04\/2026.04.26-200x300.jpg 200w, https:\/\/parafia.faustyna.bialystok.pl\/wp-content\/uploads\/2026\/04\/2026.04.26-683x1024.jpg 683w, https:\/\/parafia.faustyna.bialystok.pl\/wp-content\/uploads\/2026\/04\/2026.04.26-768x1152.jpg 768w, https:\/\/parafia.faustyna.bialystok.pl\/wp-content\/uploads\/2026\/04\/2026.04.26-367x550.jpg 367w, https:\/\/parafia.faustyna.bialystok.pl\/wp-content\/uploads\/2026\/04\/2026.04.26-333x500.jpg 333w, https:\/\/parafia.faustyna.bialystok.pl\/wp-content\/uploads\/2026\/04\/2026.04.26.jpg 1024w\" sizes=\"(max-width: 550px) 100vw, 550px\" \/><\/p>\n<ol>\n<li dir=\"auto\">Dzisiaj Niedziela Dobrego Pasterza. 63 \u015awiatowy Dzie\u0144 Modlitw o Powo\u0142ania. Rozpocz\u0119cie tygodnia modlitw o powo\u0142ania do s\u0142u\u017cby w Ko\u015bciele, kwartalne dni modlitw o powo\u0142ania.<\/li>\n<li dir=\"auto\">W tym tygodniu:<br \/>\n&#8211; \u015broda \u2013 \u015bwi\u0119to \u015bw. Katarzyny Siene\u0144skiej, dziewicy i doktora Ko\u015bcio\u0142a patronki Europy. Jest to dzie\u0144 M\u0119czennik\u00f3w Duchownych Polskich z czas\u00f3w II wojny \u015bwiatowej. Adoracja od godz. 17:00<br \/>\n&#8211; czwartek \u2013 Od 23:00 do 24:00 \u2013 Godzina \u015awi\u0119ta w intencji powo\u0142a\u0144<br \/>\n&#8211; pi\u0105tek &#8211; pierwszy pi\u0105tek miesi\u0105ca,. Jest to Dzie\u0144 Flagi Rzeczpospolitej. Po wieczornej Mszy \u015aw. spotkanie ministrant\u00f3w.<br \/>\n&#8211; sobota \u2013 uroczysto\u015b\u0107 Naj\u015bwi\u0119tszej Maryi Panny, Kr\u00f3lowej Polski (z racji na Niedziel\u0119 Wielkanocn\u0105 uroczysto\u015b\u0107 przeniesiona za zgod\u0105 Kongregacji). Msze \u015awi\u0119te o godz. 9:00 i 18:00. Jest to r\u00f3wnie\u017c pierwsza sobota miesi\u0105ca. Nabo\u017ce\u0144stwo pierwszosobotnie po wieczornej Eucharystii.<\/li>\n<li dir=\"auto\">Za tydzie\u0144 pierwsza niedziela miesi\u0105ca. Po Mszy \u015awi\u0119tej o 9:00, Procesja Eucharystyczna.<\/li>\n<li dir=\"auto\">W najbli\u017cszy pi\u0105tek rozpoczniemy miesi\u0105c maj. Zapraszamy na nabo\u017ce\u0144stwa majowe, odprawiane codziennie po wieczornej Mszy \u015awi\u0119tej, natomiast w niedziele po Mszy \u015awi\u0119tej o godz. 9:00.<\/li>\n<li dir=\"auto\">We wtorek (21 kwietnia) Sakrament bierzmowania z r\u0105k ks. Biskupa Henryka Ciereszki otrzyma\u0142o 49 naszych m\u0142odych parafian. Serdeczne \u201eB\u00f3g zap\u0142a\u0107\u201d ks. Jerzemu za przygotowanie naszej m\u0142odzie\u017cy do przyj\u0119cia tego sakramentu.<\/li>\n<li dir=\"auto\">U Pana Marka s\u0105 do nabycia Drogi Mi\u0142osierdzia oraz czasopisma Sta\u015b.<\/li>\n<li dir=\"auto\">Dnia 2 maja sprzed ko\u015bcio\u0142a \u015aw. Andrzeja Boboli wyje\u017cd\u017ca pielgrzymka do Bia\u0142owie\u017cy przez Narew, Hajn\u00f3wk\u0119, Krynoczk\u0119. Odjazd autokaru godz. 7:30. Koszt 70 z\u0142., zapisy pod numerem tel. 782868069.<\/li>\n<li dir=\"auto\">Ks. Arcybiskup Metropolita J\u00f3zef Guzdek, udziela dyspensy od obowi\u0105zku zachowania wstrzemi\u0119\u017aliwo\u015bci od pokarm\u00f3w mi\u0119snych w pi\u0105tek 1 maja 2026r. wszystkim wiernym Archidiecezji Bia\u0142ostockiej oraz innym wiernym w tym dniu przebywaj\u0105cym na terenie Archidiecezji. Korzystaj\u0105cy z tej dyspensy s\u0105 zobowi\u0105zani do zado\u015b\u0107uczynienia w formie modlitwy w intencji o pok\u00f3j na \u015bwiecie(dziesi\u0105tek r\u00f3\u017ca\u0144ca) lub dobrowolnej ja\u0142mu\u017cny na rzecz potrzebuj\u0105cych lub ubogich.<\/li>\n<li dir=\"auto\">Wszystkim naszym Parafianom i Go\u015bciom, \u017cyczymy b\u0142ogos\u0142awie\u0144stwa Dobrego Pasterza i wstawiennictwa Matki Bo\u017cej.<\/li>\n<\/ol>\n<\/div>\n<div class=\"x14z9mp xat24cr x1lziwak x1vvkbs xtlvy1s x126k92a\">\n<div dir=\"auto\">Og\u0142oszenia duszpasterskie do wiadomo\u015bci wiernych:<\/div>\n<\/div>\n<div class=\"x14z9mp xat24cr x1lziwak x1vvkbs xtlvy1s x126k92a\">\n<ol>\n<li dir=\"auto\">Zapraszamy na rekolekcje o byciu uczniem-misjonarzem pt. \u201eKurs Jan\u201d prowadzone przez Bia\u0142ostock\u0105 Szko\u0142\u0119 Ewangelizacji w dn. 30.04-3.05.2026 w o\u015brodku rekolekcyjnym w Sura\u017cu. Szczeg\u00f3\u0142y i zapisy na stronie <span class=\"html-span xdj266r x14z9mp xat24cr x1lziwak xexx8yu xyri2b x18d9i69 x1c1uobl x1hl2dhg x16tdsg8 x1vvkbs\"><a class=\"x1i10hfl xjbqb8w x1ejq31n x18oe1m7 x1sy0etr xstzfhl x972fbf x10w94by x1qhh985 x14e42zd x9f619 x1ypdohk xt0psk2 x3ct3a4 xdj266r x14z9mp xat24cr x1lziwak xexx8yu xyri2b x18d9i69 x1c1uobl x16tdsg8 x1hl2dhg xggy1nq x1a2a7pz xkrqix3 x1sur9pj x1fey0fg x1s688f\" tabindex=\"0\" role=\"link\" href=\"https:\/\/l.facebook.com\/l.php?u=http%3A%2F%2Fchcejezusa.pl%2F%3Ffbclid%3DIwZXh0bgNhZW0CMTAAYnJpZBEwRVRUZVNPbVMwblJ1V3ZlaXNydGMGYXBwX2lkEDIyMjAzOTE3ODgyMDA4OTIAAR6DMVD18WJv6TxCPfg-hALuOkPB0Eap6kCvxtorNS-UmDxAsziOS5Ivd1bQ3g_aem_MqN3OZFKs3mxppnBv-b57A&amp;h=AT7gorGKK_DOps7Zauhf83TsqhbgzvhyW8QjZXSeV-dvlm2Ph6W7go2tz3smlBMz54rkUHwwxmkZ2ilRivUd-NSZEBXmNRgbVuP9kfHHXiYUMvScpuEr0KWPaT-SBdQ-O2U07peQzrCoNxI3-UzkDg&amp;__tn__=-UK-R&amp;c[0]=AT7omiTwXz-Gy5tEiCWGEtC5qb14enSi49zKYXD6yrRYgjYC7AWHE1rGbzuRSa7kW4BwNUDPyWQrBTXiax6kaxHtXy6wkAZ61uQjzfgTtGXJTjbWnUdHa_WacH3VzWRoNIrctQ95JH3qEhsudUgOTzcKioURWw4cIFN_iQeqTw\" target=\"_blank\" rel=\"nofollow noopener noreferrer\">chcejezusa.pl<\/a><\/span><\/li>\n<li dir=\"auto\">Msza \u015bw. w intencji Ojczyzny zostanie odprawiona przez Arcybiskupa Metropolit\u0119 J\u00f3zefa Guzdka, w niedziel\u0119 3 maja br. o godz. 11:00 w Archikatedrze Bia\u0142ostockiej. Zapraszamy do udzia\u0142u w ww. uroczysto\u015bci oraz wsp\u00f3lnej modlitwy.<\/li>\n<li dir=\"auto\">4 maja rozpoczyna si\u0119 kolejna edycja katechez adresowanych do os\u00f3b doros\u0142ych, kt\u00f3re pragn\u0105 przyj\u0105\u0107 sakrament bierzmowania oraz do narzeczonych, kt\u00f3rzy nie uczestniczyli w lekcjach religii w szkole \u015bredniej. Pierwsze spotkanie odb\u0119dzie si\u0119 4 maja (poniedzia\u0142ek) o godz. 19:00 w Centrum Wystawienniczo-Konferencyjnym Archidiecezji Bia\u0142ostockiej (ul. Ko\u015bcielna 1a).<\/li>\n<li dir=\"auto\">Tradycyjnie, jak co roku, na pocz\u0105tku maja rozpoczynamy czas pieszych pielgrzymek w naszej archidiecezji. Tegoroczna XXXI Piesza Pielgrzymka m\u0119\u017cczyzn do Krypna wyruszy z Bia\u0142ostockiej Katedry w sobot\u0119 9 maja o godz. 8:00. Ukoronowaniem p\u0105tniczej w\u0119dr\u00f3wki b\u0119dzie uroczysta Msza \u015bw. celebrowana w Krypnie o godz. 18:00. Zapisy organizowane s\u0105 na trasie \u2013 ca\u0142kowity koszt pielgrzymki to 10 z\u0142. Istnieje tak\u017ce mo\u017cliwo\u015b\u0107 zapisania si\u0119 na autokar powrotny.<\/li>\n<li dir=\"auto\">Wsp\u00f3lnota Trudnych Ma\u0142\u017ce\u0144stw SYCHAR serdecznie zaprasza na dzie\u0144 skupienia, kt\u00f3ry odb\u0119dzie si\u0119 w niedziel\u0119 10 maja przy klasztorze Ojc\u00f3w Werbist\u00f3w w Kleosinie. Rozpocz\u0119cie o godz. 9:00. Szczeg\u00f3\u0142owe informacje s\u0105 dost\u0119pne na stronie Duszpasterstwa Rodzin (<span class=\"html-span xdj266r x14z9mp xat24cr x1lziwak xexx8yu xyri2b x18d9i69 x1c1uobl x1hl2dhg x16tdsg8 x1vvkbs\"><a class=\"x1i10hfl xjbqb8w x1ejq31n x18oe1m7 x1sy0etr xstzfhl x972fbf x10w94by x1qhh985 x14e42zd x9f619 x1ypdohk xt0psk2 x3ct3a4 xdj266r x14z9mp xat24cr x1lziwak xexx8yu xyri2b x18d9i69 x1c1uobl x16tdsg8 x1hl2dhg xggy1nq x1a2a7pz xkrqix3 x1sur9pj x1fey0fg x1s688f\" tabindex=\"0\" role=\"link\" href=\"https:\/\/l.facebook.com\/l.php?u=http%3A%2F%2Fwww.rodzinabialystok.pl%2F%3Ffbclid%3DIwZXh0bgNhZW0CMTAAYnJpZBEwRVRUZVNPbVMwblJ1V3ZlaXNydGMGYXBwX2lkEDIyMjAzOTE3ODgyMDA4OTIAAR447XnAV4S_zHDJWiclSw1qBeOI3r4qEH3bQA0SnThtVkjvgtS6LOjW3Z-NNQ_aem_CAGIHtxRnujVCCFRrJdCCA&amp;h=AT4E60VNWrjIvi4dfnc3ZeCmYNGexRwl_adlcd7PGFZQOOWAbLFNGuo-28lglzOUHrpARVknjc8OT6pmcJGBBv3XTHQK0KhrOIvTL9XESQS732hunGfkRiGpAMuAvtQNfD2HTdQhiz6qq28lmXedcw&amp;__tn__=-UK-R&amp;c[0]=AT7omiTwXz-Gy5tEiCWGEtC5qb14enSi49zKYXD6yrRYgjYC7AWHE1rGbzuRSa7kW4BwNUDPyWQrBTXiax6kaxHtXy6wkAZ61uQjzfgTtGXJTjbWnUdHa_WacH3VzWRoNIrctQ95JH3qEhsudUgOTzcKioURWw4cIFN_iQeqTw\" target=\"_blank\" rel=\"nofollow noopener noreferrer\">www.rodzinabialystok.pl<\/a><\/span>).<\/li>\n<\/ol>\n<\/div>\n","protected":false},"excerpt":{"rendered":"<p>Dzisiaj Niedziela Dobrego Pasterza. 63 \u015awiatowy Dzie\u0144 Modlitw o Powo\u0142ania. Rozpocz\u0119cie tygodnia modlitw o powo\u0142ania do s\u0142u\u017cby w Ko\u015bciele, kwartalne dni modlitw o powo\u0142ania. W tym tygodniu: &#8211; \u015broda \u2013 \u015bwi\u0119to \u015bw. Katarzyny Siene\u0144skiej, dziewicy i doktora Ko\u015bcio\u0142a patronki Europy. Jest to dzie\u0144 M\u0119czennik\u00f3w Duchownych Polskich z czas\u00f3w II wojny<span class=\"more-link\"><a href=\"https:\/\/parafia.faustyna.bialystok.pl\/?p=3480\">Czytaj dalej<\/a><\/span><\/p>\n","protected":false},"author":1,"featured_media":3481,"comment_status":"closed","ping_status":"closed","sticky":false,"template":"","format":"standard","meta":{"footnotes":""},"categories":[3],"tags":[],"class_list":["entry","author-parafia_admin","post-3480","post","type-post","status-publish","format-standard","has-post-thumbnail","category-ogloszenia"],"_links":{"self":[{"href":"https:\/\/parafia.faustyna.bialystok.pl\/index.php?rest_route=\/wp\/v2\/posts\/3480","targetHints":{"allow":["GET"]}}],"collection":[{"href":"https:\/\/parafia.faustyna.bialystok.pl\/index.php?rest_route=\/wp\/v2\/posts"}],"about":[{"href":"https:\/\/parafia.faustyna.bialystok.pl\/index.php?rest_route=\/wp\/v2\/types\/post"}],"author":[{"embeddable":true,"href":"https:\/\/parafia.faustyna.bialystok.pl\/index.php?rest_route=\/wp\/v2\/users\/1"}],"replies":[{"embeddable":true,"href":"https:\/\/parafia.faustyna.bialystok.pl\/index.php?rest_route=%2Fwp%2Fv2%2Fcomments&post=3480"}],"version-history":[{"count":1,"href":"https:\/\/parafia.faustyna.bialystok.pl\/index.php?rest_route=\/wp\/v2\/posts\/3480\/revisions"}],"predecessor-version":[{"id":3483,"href":"https:\/\/parafia.faustyna.bialystok.pl\/index.php?rest_route=\/wp\/v2\/posts\/3480\/revisions\/3483"}],"wp:featuredmedia":[{"embeddable":true,"href":"https:\/\/parafia.faustyna.bialystok.pl\/index.php?rest_route=\/wp\/v2\/media\/3481"}],"wp:attachment":[{"href":"https:\/\/parafia.faustyna.bialystok.pl\/index.php?rest_route=%2Fwp%2Fv2%2Fmedia&parent=3480"}],"wp:term":[{"taxonomy":"category","embeddable":true,"href":"https:\/\/parafia.faustyna.bialystok.pl\/index.php?rest_route=%2Fwp%2Fv2%2Fcategories&post=3480"},{"taxonomy":"post_tag","embeddable":true,"href":"https:\/\/parafia.faustyna.bialystok.pl\/index.php?rest_route=%2Fwp%2Fv2%2Ftags&post=3480"}],"curies":[{"name":"wp","href":"https:\/\/api.w.org\/{rel}","templated":true}]}}