{"id":361,"date":"2021-12-06T19:06:00","date_gmt":"2021-12-06T19:06:00","guid":{"rendered":"https:\/\/parafia.faustyna.bialystok.pl\/?p=361"},"modified":"2021-12-30T09:33:02","modified_gmt":"2021-12-30T08:33:02","slug":"sw-mikolaj","status":"publish","type":"post","link":"https:\/\/parafia.faustyna.bialystok.pl\/?p=361","title":{"rendered":"\u015aw. Miko\u0142aj"},"content":{"rendered":"\n<div class=\"wp-block-image\"><figure class=\"alignright size-full is-resized\"><img decoding=\"async\" src=\"https:\/\/parafia.faustyna.bialystok.pl\/wp-content\/uploads\/2021\/12\/2021.12.06-sw.-Mikolaj.jpg\" alt=\"\" class=\"wp-image-362\" height=\"400\" srcset=\"https:\/\/parafia.faustyna.bialystok.pl\/wp-content\/uploads\/2021\/12\/2021.12.06-sw.-Mikolaj.jpg 800w, https:\/\/parafia.faustyna.bialystok.pl\/wp-content\/uploads\/2021\/12\/2021.12.06-sw.-Mikolaj-300x252.jpg 300w, https:\/\/parafia.faustyna.bialystok.pl\/wp-content\/uploads\/2021\/12\/2021.12.06-sw.-Mikolaj-768x644.jpg 768w, https:\/\/parafia.faustyna.bialystok.pl\/wp-content\/uploads\/2021\/12\/2021.12.06-sw.-Mikolaj-465x390.jpg 465w, https:\/\/parafia.faustyna.bialystok.pl\/wp-content\/uploads\/2021\/12\/2021.12.06-sw.-Mikolaj-596x500.jpg 596w\" sizes=\"(max-width: 800px) 100vw, 800px\" \/><\/figure><\/div>\n\n\n\n<p>Miko\u0142aj urodzi\u0142 si\u0119 prawdopodobnie ok. 270 r. w Licji w miejscowo\u015bci Patras jako jedyne dziecko zamo\u017cnego ma\u0142\u017ce\u0144stwa chrze\u015bcija\u0144skiego. Od m\u0142odo\u015bci wyr\u00f3\u017cnia\u0142 si\u0119 nie tylko pobo\u017cno\u015bci\u0105, ale by\u0142 te\u017c bardzo wra\u017cliwy na ludzkie nieszcz\u0119\u015bcia. Po \u015bmierci rodzic\u00f3w dzieli\u0142 si\u0119 ch\u0119tnie swoim maj\u0105tkiem z biednymi. Gdy dowiedzia\u0142 si\u0119, \u017ce trzy c\u00f3rki ubogiego mieszka\u0144ca miasta nie mog\u0105 wyj\u015b\u0107 za m\u0105\u017c, gdy\u017c ich ojca nie sta\u0107 na posag, podrzuci\u0142 im ukradkiem wi\u0119ksz\u0105 sum\u0119 pieni\u0119dzy. T\u0119 przypowie\u015b\u0107 wykorzysta\u0142 Dante w \u201eBoskiej komedii\u201d. Wybrany biskupem Myry (Demre w dzisiejszej Turcji), Miko\u0142aj podbi\u0142 serca wiernych nie tylko gorliwo\u015bci\u0105 pastersk\u0105, ale i trosk\u0105 o potrzeby materialne wiernych.<\/p>\n\n\n\n<p>Zmar\u0142, jak m\u00f3wi tradycja, 6 grudnia mi\u0119dzy rokiem 345 i 352 w wieku prawie 70 lat. Podobno w chwili jego \u015bmierci ukaza\u0142y si\u0119 anio\u0142y i rozbrzmia\u0142y ch\u00f3ry anielskie.<\/p>\n","protected":false},"excerpt":{"rendered":"<p>Miko\u0142aj urodzi\u0142 si\u0119 prawdopodobnie ok. 270 r. w Licji w miejscowo\u015bci Patras jako jedyne dziecko zamo\u017cnego ma\u0142\u017ce\u0144stwa chrze\u015bcija\u0144skiego. Od m\u0142odo\u015bci wyr\u00f3\u017cnia\u0142 si\u0119 nie tylko pobo\u017cno\u015bci\u0105, ale by\u0142 te\u017c bardzo wra\u017cliwy na ludzkie nieszcz\u0119\u015bcia. Po \u015bmierci rodzic\u00f3w dzieli\u0142 si\u0119 ch\u0119tnie swoim maj\u0105tkiem z biednymi. Gdy dowiedzia\u0142 si\u0119, \u017ce trzy c\u00f3rki ubogiego<span class=\"more-link\"><a href=\"https:\/\/parafia.faustyna.bialystok.pl\/?p=361\">Czytaj dalej<\/a><\/span><\/p>\n","protected":false},"author":1,"featured_media":363,"comment_status":"open","ping_status":"closed","sticky":false,"template":"","format":"standard","meta":{"footnotes":""},"categories":[6],"tags":[],"class_list":["entry","author-parafia_admin","post-361","post","type-post","status-publish","format-standard","has-post-thumbnail","category-informacje"],"_links":{"self":[{"href":"https:\/\/parafia.faustyna.bialystok.pl\/index.php?rest_route=\/wp\/v2\/posts\/361","targetHints":{"allow":["GET"]}}],"collection":[{"href":"https:\/\/parafia.faustyna.bialystok.pl\/index.php?rest_route=\/wp\/v2\/posts"}],"about":[{"href":"https:\/\/parafia.faustyna.bialystok.pl\/index.php?rest_route=\/wp\/v2\/types\/post"}],"author":[{"embeddable":true,"href":"https:\/\/parafia.faustyna.bialystok.pl\/index.php?rest_route=\/wp\/v2\/users\/1"}],"replies":[{"embeddable":true,"href":"https:\/\/parafia.faustyna.bialystok.pl\/index.php?rest_route=%2Fwp%2Fv2%2Fcomments&post=361"}],"version-history":[{"count":1,"href":"https:\/\/parafia.faustyna.bialystok.pl\/index.php?rest_route=\/wp\/v2\/posts\/361\/revisions"}],"predecessor-version":[{"id":364,"href":"https:\/\/parafia.faustyna.bialystok.pl\/index.php?rest_route=\/wp\/v2\/posts\/361\/revisions\/364"}],"wp:featuredmedia":[{"embeddable":true,"href":"https:\/\/parafia.faustyna.bialystok.pl\/index.php?rest_route=\/wp\/v2\/media\/363"}],"wp:attachment":[{"href":"https:\/\/parafia.faustyna.bialystok.pl\/index.php?rest_route=%2Fwp%2Fv2%2Fmedia&parent=361"}],"wp:term":[{"taxonomy":"category","embeddable":true,"href":"https:\/\/parafia.faustyna.bialystok.pl\/index.php?rest_route=%2Fwp%2Fv2%2Fcategories&post=361"},{"taxonomy":"post_tag","embeddable":true,"href":"https:\/\/parafia.faustyna.bialystok.pl\/index.php?rest_route=%2Fwp%2Fv2%2Ftags&post=361"}],"curies":[{"name":"wp","href":"https:\/\/api.w.org\/{rel}","templated":true}]}}