{"id":389,"date":"2021-12-08T20:01:00","date_gmt":"2021-12-08T20:01:00","guid":{"rendered":"https:\/\/parafia.faustyna.bialystok.pl\/?p=389"},"modified":"2021-12-30T09:33:02","modified_gmt":"2021-12-30T08:33:02","slug":"godzina-laski","status":"publish","type":"post","link":"https:\/\/parafia.faustyna.bialystok.pl\/?p=389","title":{"rendered":"Godzina \u0141aski"},"content":{"rendered":"\n<div class=\"wp-block-image\"><figure class=\"alignleft size-full is-resized\"><img decoding=\"async\" src=\"https:\/\/parafia.faustyna.bialystok.pl\/wp-content\/uploads\/2021\/12\/2021.12.08-godzina-laski.jpg\" alt=\"\" class=\"wp-image-391\" height=\"400\" srcset=\"https:\/\/parafia.faustyna.bialystok.pl\/wp-content\/uploads\/2021\/12\/2021.12.08-godzina-laski.jpg 600w, https:\/\/parafia.faustyna.bialystok.pl\/wp-content\/uploads\/2021\/12\/2021.12.08-godzina-laski-225x300.jpg 225w, https:\/\/parafia.faustyna.bialystok.pl\/wp-content\/uploads\/2021\/12\/2021.12.08-godzina-laski-413x550.jpg 413w, https:\/\/parafia.faustyna.bialystok.pl\/wp-content\/uploads\/2021\/12\/2021.12.08-godzina-laski-375x500.jpg 375w\" sizes=\"(max-width: 600px) 100vw, 600px\" \/><\/figure><\/div>\n\n\n\n<p>\u201eDzi\u0119ki modlitwie w tej godzinie ze\u015bl\u0119 wiele \u0142ask dla duszy i cia\u0142a. B\u0119d\u0105 masowe nawr\u00f3cenia. Dusze zatwardzia\u0142e i zimne jak marmur poruszone b\u0119d\u0105 \u0142ask\u0105 Bo\u017c\u0105 i zn\u00f3w stan\u0105 si\u0119 wierne i mi\u0142uj\u0105ce Boga. Pan, m\u00f3j Boski Syn, Jezus, oka\u017ce wielkie mi\u0142osierdzie, je\u017celi dobrzy ludzie b\u0119d\u0105 si\u0119 modli\u0107 za bli\u017anich. Jest moim \u017cyczeniem, aby ta godzina by\u0142a rozpowszechniona.\u201d \u2013 m\u00f3wi\u0142a Maryja do Pieriny.<\/p>\n","protected":false},"excerpt":{"rendered":"<p>\u201eDzi\u0119ki modlitwie w tej godzinie ze\u015bl\u0119 wiele \u0142ask dla duszy i cia\u0142a. B\u0119d\u0105 masowe nawr\u00f3cenia. Dusze zatwardzia\u0142e i zimne jak marmur poruszone b\u0119d\u0105 \u0142ask\u0105 Bo\u017c\u0105 i zn\u00f3w stan\u0105 si\u0119 wierne i mi\u0142uj\u0105ce Boga. Pan, m\u00f3j Boski Syn, Jezus, oka\u017ce wielkie mi\u0142osierdzie, je\u017celi dobrzy ludzie b\u0119d\u0105 si\u0119 modli\u0107 za bli\u017anich. Jest<span class=\"more-link\"><a href=\"https:\/\/parafia.faustyna.bialystok.pl\/?p=389\">Czytaj dalej<\/a><\/span><\/p>\n","protected":false},"author":1,"featured_media":390,"comment_status":"open","ping_status":"closed","sticky":false,"template":"","format":"standard","meta":{"footnotes":""},"categories":[2],"tags":[],"class_list":["entry","author-parafia_admin","post-389","post","type-post","status-publish","format-standard","has-post-thumbnail","category-wydarzenia"],"_links":{"self":[{"href":"https:\/\/parafia.faustyna.bialystok.pl\/index.php?rest_route=\/wp\/v2\/posts\/389","targetHints":{"allow":["GET"]}}],"collection":[{"href":"https:\/\/parafia.faustyna.bialystok.pl\/index.php?rest_route=\/wp\/v2\/posts"}],"about":[{"href":"https:\/\/parafia.faustyna.bialystok.pl\/index.php?rest_route=\/wp\/v2\/types\/post"}],"author":[{"embeddable":true,"href":"https:\/\/parafia.faustyna.bialystok.pl\/index.php?rest_route=\/wp\/v2\/users\/1"}],"replies":[{"embeddable":true,"href":"https:\/\/parafia.faustyna.bialystok.pl\/index.php?rest_route=%2Fwp%2Fv2%2Fcomments&post=389"}],"version-history":[{"count":1,"href":"https:\/\/parafia.faustyna.bialystok.pl\/index.php?rest_route=\/wp\/v2\/posts\/389\/revisions"}],"predecessor-version":[{"id":392,"href":"https:\/\/parafia.faustyna.bialystok.pl\/index.php?rest_route=\/wp\/v2\/posts\/389\/revisions\/392"}],"wp:featuredmedia":[{"embeddable":true,"href":"https:\/\/parafia.faustyna.bialystok.pl\/index.php?rest_route=\/wp\/v2\/media\/390"}],"wp:attachment":[{"href":"https:\/\/parafia.faustyna.bialystok.pl\/index.php?rest_route=%2Fwp%2Fv2%2Fmedia&parent=389"}],"wp:term":[{"taxonomy":"category","embeddable":true,"href":"https:\/\/parafia.faustyna.bialystok.pl\/index.php?rest_route=%2Fwp%2Fv2%2Fcategories&post=389"},{"taxonomy":"post_tag","embeddable":true,"href":"https:\/\/parafia.faustyna.bialystok.pl\/index.php?rest_route=%2Fwp%2Fv2%2Ftags&post=389"}],"curies":[{"name":"wp","href":"https:\/\/api.w.org\/{rel}","templated":true}]}}