{"id":456,"date":"2021-12-20T21:36:00","date_gmt":"2021-12-20T21:36:00","guid":{"rendered":"https:\/\/parafia.faustyna.bialystok.pl\/?p=456"},"modified":"2021-12-30T09:33:01","modified_gmt":"2021-12-30T08:33:01","slug":"caritas-bialystok","status":"publish","type":"post","link":"https:\/\/parafia.faustyna.bialystok.pl\/?p=456","title":{"rendered":"Caritas Bia\u0142ystok"},"content":{"rendered":"\n<p>Uczniowie Szko\u0142y Podstawowej nr 24 w Bia\u0142ymstoku wraz z parafi\u0105 \u015bw. Faustyny Kowalskiej w Bia\u0142ymstoku, zbierali litrowe s\u0142oiki na rzecz Caritas Bia\u0142ystok. Zostan\u0105 one wykorzystane do organizacji Wigilii miejskiej dla samotnych i bezdomnych. Serdecznie dzi\u0119kujemy wszystkim, kt\u00f3rzy si\u0119 zaanga\u017cowali i okazali otworzyli swoje serca na apel Caritas. Jeste\u015bcie wspaniali.<\/p>\n\n\n\n\t<!-- Gallery Engine Assets -->\r\n\t<style>\r\n\t\t#image_gallery_wrap_462 {\r\n            --ig-gutter: 8px;\r\n            --ig-cols-lg: 3;\r\n            --ig-cols-md: 3;\r\n            --ig-cols-sm: 3;\r\n            --ig-cols-xs: 2;\r\n            \r\n            \/* Dynamic Border Variables *\/\r\n                        --ig-radius: 8px;\r\n            --ig-card-radius: 8px;\r\n            --ig-card-padding: 8px;\r\n\r\n\r\n        }\r\n\t<\/style>\r\n        <div id=\"image_gallery_wrap_462\" \r\n        class=\"ig-gallery-outer-wrap ig-layout-masonry\" \r\n        data-layout=\"masonry\" \r\n        data-lb-loop=\"1\" \r\n        data-lb-label=\"Image %1 of %2\"\r\n        data-version=\"2.0.1\">\r\n\r\n    <div id=\"image_gallery_462\" \n         class=\"ig-row igp-gallery all-images_462\">\n        <div class=\"grid-sizer\"><\/div>\n                        <div class=\"ig-col single-image igp-item ig-col-lg-4 ig-col-md-4 ig-col-sm-4 ig-col-xs-6\" data-index=\"0\">\n            <div class=\"ig-image-card igp-card ig-has-card-border hvr-glow\">\n                                    <a class=\"ig-lightbox-item\" href=\"https:\/\/parafia.faustyna.bialystok.pl\/wp-content\/uploads\/2021\/12\/sloiki-1.jpg\" data-lightbox=\"ig-gallery-462\" data-title=\"s\u0142oiki 1\" data-width=\"800\" data-height=\"600\">\n                                    \n\n\n                    <div class=\"ig-image-container\">\n                        <img decoding=\"async\" width=\"150\" height=\"150\" src=\"https:\/\/parafia.faustyna.bialystok.pl\/wp-content\/uploads\/2021\/12\/sloiki-1-150x150.jpg\" class=\"ig-thumbnail loading\" alt=\"s\u0142oiki 1\" \/>                        \n                                                    <div class=\"ig-overlay ig-overlay-bottom\">\n                                <span class=\"ig-item-title\">s\u0142oiki 1<\/span>\n                            <\/div>\n                                            <\/div>\n\n\n\n                                    <\/a>\n                            <\/div>\n\n        <\/div>\n                        <div class=\"ig-col single-image igp-item ig-col-lg-4 ig-col-md-4 ig-col-sm-4 ig-col-xs-6\" data-index=\"1\">\n            <div class=\"ig-image-card igp-card ig-has-card-border hvr-glow\">\n                                    <a class=\"ig-lightbox-item\" href=\"https:\/\/parafia.faustyna.bialystok.pl\/wp-content\/uploads\/2021\/12\/sloiki-2.jpg\" data-lightbox=\"ig-gallery-462\" data-title=\"s\u0142oiki 2\" data-width=\"600\" data-height=\"800\">\n                                    \n\n\n                    <div class=\"ig-image-container\">\n                        <img decoding=\"async\" width=\"150\" height=\"150\" src=\"https:\/\/parafia.faustyna.bialystok.pl\/wp-content\/uploads\/2021\/12\/sloiki-2-150x150.jpg\" class=\"ig-thumbnail loading\" alt=\"s\u0142oiki 2\" \/>                        \n                                                    <div class=\"ig-overlay ig-overlay-bottom\">\n                                <span class=\"ig-item-title\">s\u0142oiki 2<\/span>\n                            <\/div>\n                                            <\/div>\n\n\n\n                                    <\/a>\n                            <\/div>\n\n        <\/div>\n                        <div class=\"ig-col single-image igp-item ig-col-lg-4 ig-col-md-4 ig-col-sm-4 ig-col-xs-6\" data-index=\"2\">\n            <div class=\"ig-image-card igp-card ig-has-card-border hvr-glow\">\n                                    <a class=\"ig-lightbox-item\" href=\"https:\/\/parafia.faustyna.bialystok.pl\/wp-content\/uploads\/2021\/12\/sloiki-3.jpg\" data-lightbox=\"ig-gallery-462\" data-title=\"s\u0142oiki 3\" data-width=\"800\" data-height=\"600\">\n                                    \n\n\n                    <div class=\"ig-image-container\">\n                        <img decoding=\"async\" width=\"150\" height=\"150\" src=\"https:\/\/parafia.faustyna.bialystok.pl\/wp-content\/uploads\/2021\/12\/sloiki-3-150x150.jpg\" class=\"ig-thumbnail loading\" alt=\"s\u0142oiki 3\" \/>                        \n                                                    <div class=\"ig-overlay ig-overlay-bottom\">\n                                <span class=\"ig-item-title\">s\u0142oiki 3<\/span>\n                            <\/div>\n                                            <\/div>\n\n\n\n                                    <\/a>\n                            <\/div>\n\n        <\/div>\n            <\/div>\n\n\n\n        <\/div>\n","protected":false},"excerpt":{"rendered":"<p>Uczniowie Szko\u0142y Podstawowej nr 24 w Bia\u0142ymstoku wraz z parafi\u0105 \u015bw. Faustyny Kowalskiej w Bia\u0142ymstoku, zbierali litrowe s\u0142oiki na rzecz Caritas Bia\u0142ystok. Zostan\u0105 one wykorzystane do organizacji Wigilii miejskiej dla samotnych i bezdomnych. Serdecznie dzi\u0119kujemy wszystkim, kt\u00f3rzy si\u0119 zaanga\u017cowali i okazali otworzyli swoje serca na apel Caritas. Jeste\u015bcie wspaniali.<span class=\"more-link\"><a href=\"https:\/\/parafia.faustyna.bialystok.pl\/?p=456\">Czytaj dalej<\/a><\/span><\/p>\n","protected":false},"author":1,"featured_media":457,"comment_status":"open","ping_status":"closed","sticky":false,"template":"","format":"standard","meta":{"footnotes":""},"categories":[2],"tags":[],"class_list":["entry","author-parafia_admin","post-456","post","type-post","status-publish","format-standard","has-post-thumbnail","category-wydarzenia"],"_links":{"self":[{"href":"https:\/\/parafia.faustyna.bialystok.pl\/index.php?rest_route=\/wp\/v2\/posts\/456","targetHints":{"allow":["GET"]}}],"collection":[{"href":"https:\/\/parafia.faustyna.bialystok.pl\/index.php?rest_route=\/wp\/v2\/posts"}],"about":[{"href":"https:\/\/parafia.faustyna.bialystok.pl\/index.php?rest_route=\/wp\/v2\/types\/post"}],"author":[{"embeddable":true,"href":"https:\/\/parafia.faustyna.bialystok.pl\/index.php?rest_route=\/wp\/v2\/users\/1"}],"replies":[{"embeddable":true,"href":"https:\/\/parafia.faustyna.bialystok.pl\/index.php?rest_route=%2Fwp%2Fv2%2Fcomments&post=456"}],"version-history":[{"count":2,"href":"https:\/\/parafia.faustyna.bialystok.pl\/index.php?rest_route=\/wp\/v2\/posts\/456\/revisions"}],"predecessor-version":[{"id":463,"href":"https:\/\/parafia.faustyna.bialystok.pl\/index.php?rest_route=\/wp\/v2\/posts\/456\/revisions\/463"}],"wp:featuredmedia":[{"embeddable":true,"href":"https:\/\/parafia.faustyna.bialystok.pl\/index.php?rest_route=\/wp\/v2\/media\/457"}],"wp:attachment":[{"href":"https:\/\/parafia.faustyna.bialystok.pl\/index.php?rest_route=%2Fwp%2Fv2%2Fmedia&parent=456"}],"wp:term":[{"taxonomy":"category","embeddable":true,"href":"https:\/\/parafia.faustyna.bialystok.pl\/index.php?rest_route=%2Fwp%2Fv2%2Fcategories&post=456"},{"taxonomy":"post_tag","embeddable":true,"href":"https:\/\/parafia.faustyna.bialystok.pl\/index.php?rest_route=%2Fwp%2Fv2%2Ftags&post=456"}],"curies":[{"name":"wp","href":"https:\/\/api.w.org\/{rel}","templated":true}]}}