{"id":492,"date":"2021-12-22T09:48:00","date_gmt":"2021-12-22T08:48:00","guid":{"rendered":"https:\/\/parafia.faustyna.bialystok.pl\/?p=492"},"modified":"2021-12-30T12:16:20","modified_gmt":"2021-12-30T11:16:20","slug":"akcja-pod-kryptonimem-choinki","status":"publish","type":"post","link":"https:\/\/parafia.faustyna.bialystok.pl\/?p=492","title":{"rendered":"Akcja pod kryptonimem &#8220;Choinki&#8221;"},"content":{"rendered":"\n<figure class=\"wp-block-image size-large\"><img fetchpriority=\"high\" decoding=\"async\" width=\"1024\" height=\"768\" src=\"https:\/\/parafia.faustyna.bialystok.pl\/wp-content\/uploads\/2021\/12\/Akcja-Choinka-1-1024x768.jpg\" alt=\"\" class=\"wp-image-489\" srcset=\"https:\/\/parafia.faustyna.bialystok.pl\/wp-content\/uploads\/2021\/12\/Akcja-Choinka-1-1024x768.jpg 1024w, https:\/\/parafia.faustyna.bialystok.pl\/wp-content\/uploads\/2021\/12\/Akcja-Choinka-1-300x225.jpg 300w, https:\/\/parafia.faustyna.bialystok.pl\/wp-content\/uploads\/2021\/12\/Akcja-Choinka-1-768x576.jpg 768w, https:\/\/parafia.faustyna.bialystok.pl\/wp-content\/uploads\/2021\/12\/Akcja-Choinka-1-465x349.jpg 465w, https:\/\/parafia.faustyna.bialystok.pl\/wp-content\/uploads\/2021\/12\/Akcja-Choinka-1-667x500.jpg 667w, https:\/\/parafia.faustyna.bialystok.pl\/wp-content\/uploads\/2021\/12\/Akcja-Choinka-1-320x240.jpg 320w, https:\/\/parafia.faustyna.bialystok.pl\/wp-content\/uploads\/2021\/12\/Akcja-Choinka-1.jpg 1200w\" sizes=\"(max-width: 1024px) 100vw, 1024px\" \/><\/figure>\n\n\n\n<p>Akcja kryptonim &#8220;Choinka 2021&#8221; rozpocz\u0119ta&#8230;<\/p>\n\n\n\n<p>Pe\u0142en efekt ju\u017c podczas Pasterki <img decoding=\"async\" height=\"16\" width=\"16\" alt=\"&#x1f642;\" src=\"https:\/\/static.xx.fbcdn.net\/images\/emoji.php\/v9\/t4c\/1\/16\/1f642.png\"> <\/p>\n\n\n\n<p>Dzi\u0119kujemy wszystkim, kt\u00f3rzy zaanga\u017cowali si\u0119 w dzisiejsze prace <img decoding=\"async\" height=\"16\" width=\"16\" alt=\"&#x2764;&#xfe0f;\" src=\"https:\/\/static.xx.fbcdn.net\/images\/emoji.php\/v9\/t6c\/1\/16\/2764.png\"><\/p>\n\n\n\n<figure class=\"wp-block-image size-large\"><img loading=\"lazy\" decoding=\"async\" width=\"1024\" height=\"768\" src=\"https:\/\/parafia.faustyna.bialystok.pl\/wp-content\/uploads\/2021\/12\/Akcja-Choinka-2-1024x768.jpg\" alt=\"\" class=\"wp-image-490\" srcset=\"https:\/\/parafia.faustyna.bialystok.pl\/wp-content\/uploads\/2021\/12\/Akcja-Choinka-2-1024x768.jpg 1024w, https:\/\/parafia.faustyna.bialystok.pl\/wp-content\/uploads\/2021\/12\/Akcja-Choinka-2-300x225.jpg 300w, https:\/\/parafia.faustyna.bialystok.pl\/wp-content\/uploads\/2021\/12\/Akcja-Choinka-2-768x576.jpg 768w, https:\/\/parafia.faustyna.bialystok.pl\/wp-content\/uploads\/2021\/12\/Akcja-Choinka-2-465x349.jpg 465w, https:\/\/parafia.faustyna.bialystok.pl\/wp-content\/uploads\/2021\/12\/Akcja-Choinka-2-667x500.jpg 667w, https:\/\/parafia.faustyna.bialystok.pl\/wp-content\/uploads\/2021\/12\/Akcja-Choinka-2-320x240.jpg 320w, https:\/\/parafia.faustyna.bialystok.pl\/wp-content\/uploads\/2021\/12\/Akcja-Choinka-2.jpg 1200w\" sizes=\"(max-width: 1024px) 100vw, 1024px\" \/><figcaption>Ksi\u0105dz Proboszcz b\u0119dzie prasowa\u0142 choinki, \u017ceby na Pasterk\u0119 by\u0142y eleganckie<\/figcaption><\/figure>\n","protected":false},"excerpt":{"rendered":"<p>Akcja kryptonim &#8220;Choinka 2021&#8221; rozpocz\u0119ta&#8230; Pe\u0142en efekt ju\u017c podczas Pasterki Dzi\u0119kujemy wszystkim, kt\u00f3rzy zaanga\u017cowali si\u0119 w dzisiejsze prace<span class=\"more-link\"><a href=\"https:\/\/parafia.faustyna.bialystok.pl\/?p=492\">Czytaj dalej<\/a><\/span><\/p>\n","protected":false},"author":1,"featured_media":491,"comment_status":"open","ping_status":"","sticky":false,"template":"","format":"standard","meta":{"footnotes":""},"categories":[2],"tags":[],"class_list":["entry","author-parafia_admin","post-492","post","type-post","status-publish","format-standard","has-post-thumbnail","category-wydarzenia"],"_links":{"self":[{"href":"https:\/\/parafia.faustyna.bialystok.pl\/index.php?rest_route=\/wp\/v2\/posts\/492","targetHints":{"allow":["GET"]}}],"collection":[{"href":"https:\/\/parafia.faustyna.bialystok.pl\/index.php?rest_route=\/wp\/v2\/posts"}],"about":[{"href":"https:\/\/parafia.faustyna.bialystok.pl\/index.php?rest_route=\/wp\/v2\/types\/post"}],"author":[{"embeddable":true,"href":"https:\/\/parafia.faustyna.bialystok.pl\/index.php?rest_route=\/wp\/v2\/users\/1"}],"replies":[{"embeddable":true,"href":"https:\/\/parafia.faustyna.bialystok.pl\/index.php?rest_route=%2Fwp%2Fv2%2Fcomments&post=492"}],"version-history":[{"count":2,"href":"https:\/\/parafia.faustyna.bialystok.pl\/index.php?rest_route=\/wp\/v2\/posts\/492\/revisions"}],"predecessor-version":[{"id":536,"href":"https:\/\/parafia.faustyna.bialystok.pl\/index.php?rest_route=\/wp\/v2\/posts\/492\/revisions\/536"}],"wp:featuredmedia":[{"embeddable":true,"href":"https:\/\/parafia.faustyna.bialystok.pl\/index.php?rest_route=\/wp\/v2\/media\/491"}],"wp:attachment":[{"href":"https:\/\/parafia.faustyna.bialystok.pl\/index.php?rest_route=%2Fwp%2Fv2%2Fmedia&parent=492"}],"wp:term":[{"taxonomy":"category","embeddable":true,"href":"https:\/\/parafia.faustyna.bialystok.pl\/index.php?rest_route=%2Fwp%2Fv2%2Fcategories&post=492"},{"taxonomy":"post_tag","embeddable":true,"href":"https:\/\/parafia.faustyna.bialystok.pl\/index.php?rest_route=%2Fwp%2Fv2%2Ftags&post=492"}],"curies":[{"name":"wp","href":"https:\/\/api.w.org\/{rel}","templated":true}]}}