{"id":519,"date":"2021-12-26T11:26:00","date_gmt":"2021-12-26T10:26:00","guid":{"rendered":"https:\/\/parafia.faustyna.bialystok.pl\/?p=519"},"modified":"2021-12-30T11:26:57","modified_gmt":"2021-12-30T10:26:57","slug":"swieto-swietej-rodziny","status":"publish","type":"post","link":"https:\/\/parafia.faustyna.bialystok.pl\/?p=519","title":{"rendered":"\u015awi\u0119to \u015awi\u0119tej Rodziny"},"content":{"rendered":"\n<p><strong>Dzi\u015b obchodzimy \u015bwi\u0119to \u015awi\u0119tej Rodziny: Jezusa, Maryi i J\u00f3zefa <img decoding=\"async\" height=\"16\" width=\"16\" alt=\"&#x2764;\" src=\"https:\/\/static.xx.fbcdn.net\/images\/emoji.php\/v9\/t6c\/1\/16\/2764.png\"><\/strong><\/p>\n\n\n\n<p><strong>MODLITWA DO \u015aW. RODZINY<\/strong><\/p>\n\n\n\n<blockquote class=\"wp-block-quote is-layout-flow wp-block-quote-is-layout-flow\"><p><strong>Bo\u017ce, Ty z mi\u0142o\u015bci do nas pos\u0142a\u0142e\u015b Jednorodzonego Syna, by ka\u017cdy, kto w Niego wierzy nie zgin\u0105\u0142, lecz m\u00f3g\u0142 mie\u0107 \u017cycie wieczne i w \u015awi\u0119tej Rodzinie da\u0142e\u015b nam wz\u00f3r \u017cycia. Spraw, aby\u015bmy z\u0142\u0105czeni wzajemn\u0105 mi\u0142o\u015bci\u0105 na\u015bladowali w naszych rodzinach Jej cnoty.Naj\u015bwi\u0119tsza Rodzino, obrazie Tr\u00f3jcy Przenaj\u015bwi\u0119tszej na ziemi, wspomagaj nas w naszych potrzebach. Wierzymy, \u017ce ze szczeg\u00f3ln\u0105 mi\u0142o\u015bci\u0105 spojrzysz na ka\u017cd\u0105 rodzin\u0119. Niech ka\u017cda rodzina stanie si\u0119 \u015bwi\u0105tyni\u0105 Bo\u017c\u0105, w kt\u00f3rej panuje wzajemna mi\u0142o\u015b\u0107 i pok\u00f3j.Naj\u015bwi\u0119tsza Rodzino, kt\u00f3rej Opiekun \u2013 \u015bw. J\u00f3zef jest wzorem mi\u0142o\u015bci ojcowskiej, Matka Naj\u015bwi\u0119tsza \u2013 mi\u0142o\u015bci macierzy\u0144skiej, a Dzieci\u0119 Jezus \u2013 pos\u0142usze\u0144stwa i mi\u0142o\u015bci synowskiej, oddajemy si\u0119 pod Twoj\u0105 opiek\u0119 prosz\u0105c, by rodzice i dzieci, starzy i m\u0142odzi byli z\u0142\u0105czeni Twoj\u0105 mi\u0142o\u015bci\u0105.Z wiar\u0105 i ufno\u015bci\u0105 przedstawiamy Tobie pragnienia i potrzeby wszystkich rodzin.Prosimy Ci\u0119 za ma\u0142\u017conk\u00f3w o umocnienie ich wzajemnej mi\u0142o\u015bci; za rodzic\u00f3w oczekuj\u0105cych z niepokojem i nadziej\u0105 na maj\u0105ce urodzi\u0107 si\u0119 im dziecko. Za rozwijaj\u0105ce si\u0119 dzieci, kt\u00f3re nape\u0142niaj\u0105 domy rado\u015bci\u0105, za m\u0142odzie\u017c, w kt\u00f3rej budzi si\u0119 mi\u0142o\u015b\u0107 i za narzeczonych, kt\u00f3rzy z godno\u015bci\u0105 przygotowuj\u0105 si\u0119 do ma\u0142\u017ce\u0144stwa. Za ludzi starych, kt\u00f3rzy z dnia na dzie\u0144 zbli\u017caj\u0105 si\u0119 do domu Ojca. Za te rodziny, w kt\u00f3rych s\u0105 bezrobotni, kt\u00f3rym brakuje chleba powszedniego, za dzieci zaniedbane i porzucone, za wdowy i sieroty, za chorych i cierpi\u0105cych, by doznawali \u017cyczliwej opieki ze strony bli\u017anich.Prosimy za rodziny rozbite i te, kt\u00f3re d\u0105\u017c\u0105 do rozwodu. Niech w ich krytycznym po\u0142o\u017ceniu odnowi si\u0119 prawdziwa mi\u0142o\u015b\u0107, a wyga\u015bnie niech\u0119\u0107 i egoizm.Naj\u015bwi\u0119tsza Rodzino z Nazaretu bro\u0144 nasze rodziny, kt\u00f3rym zagra\u017ca tak wiele niebezpiecze\u0144stw i prowad\u017a je drog\u0105 ewangelicznych b\u0142ogos\u0142awie\u0144stw.<\/strong><\/p><cite><strong>Amen<\/strong><\/cite><\/blockquote>\n\n\n\n<figure class=\"wp-block-image size-full\"><img fetchpriority=\"high\" decoding=\"async\" width=\"800\" height=\"800\" src=\"https:\/\/parafia.faustyna.bialystok.pl\/wp-content\/uploads\/2021\/12\/Swieta-Rodzina.jpg\" alt=\"\" class=\"wp-image-520\" srcset=\"https:\/\/parafia.faustyna.bialystok.pl\/wp-content\/uploads\/2021\/12\/Swieta-Rodzina.jpg 800w, https:\/\/parafia.faustyna.bialystok.pl\/wp-content\/uploads\/2021\/12\/Swieta-Rodzina-300x300.jpg 300w, https:\/\/parafia.faustyna.bialystok.pl\/wp-content\/uploads\/2021\/12\/Swieta-Rodzina-150x150.jpg 150w, https:\/\/parafia.faustyna.bialystok.pl\/wp-content\/uploads\/2021\/12\/Swieta-Rodzina-768x768.jpg 768w, https:\/\/parafia.faustyna.bialystok.pl\/wp-content\/uploads\/2021\/12\/Swieta-Rodzina-465x465.jpg 465w, https:\/\/parafia.faustyna.bialystok.pl\/wp-content\/uploads\/2021\/12\/Swieta-Rodzina-500x500.jpg 500w, https:\/\/parafia.faustyna.bialystok.pl\/wp-content\/uploads\/2021\/12\/Swieta-Rodzina-65x65.jpg 65w\" sizes=\"(max-width: 800px) 100vw, 800px\" \/><\/figure>\n","protected":false},"excerpt":{"rendered":"<p>Dzi\u015b obchodzimy \u015bwi\u0119to \u015awi\u0119tej Rodziny: Jezusa, Maryi i J\u00f3zefa MODLITWA DO \u015aW. RODZINY Bo\u017ce, Ty z mi\u0142o\u015bci do nas pos\u0142a\u0142e\u015b Jednorodzonego Syna, by ka\u017cdy, kto w Niego wierzy nie zgin\u0105\u0142, lecz m\u00f3g\u0142 mie\u0107 \u017cycie wieczne i w \u015awi\u0119tej Rodzinie da\u0142e\u015b nam wz\u00f3r \u017cycia. Spraw, aby\u015bmy z\u0142\u0105czeni wzajemn\u0105 mi\u0142o\u015bci\u0105 na\u015bladowali w<span class=\"more-link\"><a href=\"https:\/\/parafia.faustyna.bialystok.pl\/?p=519\">Czytaj dalej<\/a><\/span><\/p>\n","protected":false},"author":1,"featured_media":521,"comment_status":"open","ping_status":"","sticky":false,"template":"","format":"standard","meta":{"footnotes":""},"categories":[3],"tags":[],"class_list":["entry","author-parafia_admin","post-519","post","type-post","status-publish","format-standard","has-post-thumbnail","category-ogloszenia"],"_links":{"self":[{"href":"https:\/\/parafia.faustyna.bialystok.pl\/index.php?rest_route=\/wp\/v2\/posts\/519","targetHints":{"allow":["GET"]}}],"collection":[{"href":"https:\/\/parafia.faustyna.bialystok.pl\/index.php?rest_route=\/wp\/v2\/posts"}],"about":[{"href":"https:\/\/parafia.faustyna.bialystok.pl\/index.php?rest_route=\/wp\/v2\/types\/post"}],"author":[{"embeddable":true,"href":"https:\/\/parafia.faustyna.bialystok.pl\/index.php?rest_route=\/wp\/v2\/users\/1"}],"replies":[{"embeddable":true,"href":"https:\/\/parafia.faustyna.bialystok.pl\/index.php?rest_route=%2Fwp%2Fv2%2Fcomments&post=519"}],"version-history":[{"count":2,"href":"https:\/\/parafia.faustyna.bialystok.pl\/index.php?rest_route=\/wp\/v2\/posts\/519\/revisions"}],"predecessor-version":[{"id":523,"href":"https:\/\/parafia.faustyna.bialystok.pl\/index.php?rest_route=\/wp\/v2\/posts\/519\/revisions\/523"}],"wp:featuredmedia":[{"embeddable":true,"href":"https:\/\/parafia.faustyna.bialystok.pl\/index.php?rest_route=\/wp\/v2\/media\/521"}],"wp:attachment":[{"href":"https:\/\/parafia.faustyna.bialystok.pl\/index.php?rest_route=%2Fwp%2Fv2%2Fmedia&parent=519"}],"wp:term":[{"taxonomy":"category","embeddable":true,"href":"https:\/\/parafia.faustyna.bialystok.pl\/index.php?rest_route=%2Fwp%2Fv2%2Fcategories&post=519"},{"taxonomy":"post_tag","embeddable":true,"href":"https:\/\/parafia.faustyna.bialystok.pl\/index.php?rest_route=%2Fwp%2Fv2%2Ftags&post=519"}],"curies":[{"name":"wp","href":"https:\/\/api.w.org\/{rel}","templated":true}]}}