{"id":543,"date":"2022-01-01T11:06:58","date_gmt":"2022-01-01T10:06:58","guid":{"rendered":"https:\/\/parafia.faustyna.bialystok.pl\/?p=543"},"modified":"2022-01-01T11:30:08","modified_gmt":"2022-01-01T10:30:08","slug":"odwiedziny-duszpasterskie-w-2022-roku","status":"publish","type":"post","link":"https:\/\/parafia.faustyna.bialystok.pl\/?p=543","title":{"rendered":"Odwiedziny Duszpasterskie w 2022 roku"},"content":{"rendered":"\n<p>Drodzy Bracia i Siostry w Chrystusie Panu! Drodzy Parafianie! <\/p>\n\n\n\n<div class=\"wp-block-image\"><figure class=\"alignright size-full is-resized\"><img fetchpriority=\"high\" decoding=\"async\" src=\"https:\/\/parafia.faustyna.bialystok.pl\/wp-content\/uploads\/2022\/01\/faustyna-relikwie.jpg\" alt=\"\" class=\"wp-image-544\" width=\"400\" height=\"305\" srcset=\"https:\/\/parafia.faustyna.bialystok.pl\/wp-content\/uploads\/2022\/01\/faustyna-relikwie.jpg 800w, https:\/\/parafia.faustyna.bialystok.pl\/wp-content\/uploads\/2022\/01\/faustyna-relikwie-300x229.jpg 300w, https:\/\/parafia.faustyna.bialystok.pl\/wp-content\/uploads\/2022\/01\/faustyna-relikwie-768x586.jpg 768w, https:\/\/parafia.faustyna.bialystok.pl\/wp-content\/uploads\/2022\/01\/faustyna-relikwie-465x355.jpg 465w, https:\/\/parafia.faustyna.bialystok.pl\/wp-content\/uploads\/2022\/01\/faustyna-relikwie-656x500.jpg 656w\" sizes=\"(max-width: 400px) 100vw, 400px\" \/><\/figure><\/div>\n\n\n\n<p>To ju\u017c kolejny rok, podczas kt\u00f3rego nie mo\u017cemy Was odwiedzi\u0107 w domach i mieszkaniach. Przyj\u015b\u0107 z modlitw\u0105 i b\u0142ogos\u0142awie\u0144stwem. Chocia\u017c moment sp\u0119dzi\u0107 na modlitwie i lepszym poznawaniu siebie. W tamtym roku go\u015bcili\u015bmy parafian w \u015bwi\u0105tyni. W tym roku b\u0119dzie podobnie. <\/p>\n\n\n\n<p>Serdecznie zapraszamy Was do wsp\u00f3lnej modlitwy. B\u0119dzie nam niezmiernie mi\u0142o, je\u017celi nasze zaproszenie przyjmiecie, ale te\u017c zatroszczycie si\u0119 o to, by dotar\u0142o do Waszych s\u0105siad\u00f3w, by nasza rado\u015b\u0107 spotkania by\u0142a pe\u0142na i by nie zabrak\u0142o nikogo, kto pragnie by\u0107 w \u0142\u0105czno\u015bci ze Wsp\u00f3lnot\u0105 Parafii oraz kap\u0142anami. Ka\u017cd\u0105 Eucharysti\u0119 b\u0119dziemy sprawowa\u0107 w Waszej intencji, modl\u0105c si\u0119 o b\u0142ogos\u0142awie\u0144stwo dla rodzin, a zmar\u0142ym o \u017cycie wieczne. <\/p>\n\n\n\n<p>Pomimo trwania pandemii oraz wzrostu cen w ka\u017cdej dziedzinie \u017cycia, uda\u0142o si\u0119 nam zrealizowa\u0107 kilka, zaplanowanych, zmian w naszym ko\u015bciele oraz plebanii. Mi\u0119dzy innymi doko\u0144czono elewacj\u0119 zewn\u0119trzn\u0105 ko\u015bcio\u0142a, uporz\u0105dkowano ogr\u00f3d parafialny oraz budynek starej kaplicy. Zamontowano nag\u0142o\u015bnienie zewn\u0119trzne. Uda\u0142o si\u0119 poprawi\u0107 parafialny parking oraz dostosowa\u0107 kancelari\u0119 parafialn\u0105 by mog\u0142a s\u0142u\u017cy\u0107 spotkaniom grup parafialnych oraz Poradni Rodzinnej. Poprawiono r\u00f3wnie\u017c o\u015bwietlenie \u015bwi\u0105tyni, sko\u0144czono pierwszy etap remontu ch\u00f3ru oraz uzupe\u0142niono \u015bwi\u0105tynie w liczne paramenty liturgiczne. Tak jak to bywa w \u017cyciu, ka\u017cde mieszkanie czy dom, wymaga wi\u0119kszych lub mniejszych inwestycji, kt\u00f3rych nie b\u0119dziemy szczeg\u00f3\u0142owo wymienia\u0107. <\/p>\n\n\n\n<p>Wielk\u0105 rado\u015bci\u0105, by\u0142y obchody 20-lecia istnienia Parafii. Wsp\u00f3lne duchowe przygotowanie oraz rado\u015b\u0107 festynu, spotka\u0144 z lud\u017ami, pokaza\u0142 nam wszystkim, \u017ce razem mo\u017cemy zdzia\u0142a\u0107 naprawd\u0119 wiele. Parafia jest wsp\u00f3lnot\u0105 wierz\u0105cych. Kap\u0142ani s\u0105 jedynie po\u015brednikami, a najwa\u017cniejsz\u0105 ludzk\u0105 cz\u0119\u015bci\u0105 jeste\u015bcie Wy, drodzy parafianie. Olbrzymim szcz\u0119\u015bciem jest mie\u0107 wok\u00f3\u0142 siebie ludzi zaanga\u017cowanych i gotowych do wsparcia, inicjowania dzia\u0142a\u0144, ale przede wszystkim, ludzi wiary, nadziei, mi\u0142o\u015bci i modlitwy. <\/p>\n\n\n\n<p>W nowym roku kalendarzowym czekaj\u0105 nas kolejne inwestycje. Konsultowane by\u0142y zar\u00f3wno na spotkaniach Rad Parafialnych jak i podczas licznych rozm\u00f3w w przeci\u0105gu ostatniego roku. Je\u017celi sytuacja spo\u0142eczna i ekonomiczna pozwoli, to pragniemy doko\u0144czy\u0107 remont ch\u00f3ru. Zadba\u0107 o bezpiecze\u0144stwo os\u00f3b starszych i matek z dzie\u0107mi, kt\u00f3rzy cz\u0119sto narzekaj\u0105 na funkcjonalno\u015b\u0107 i bezpiecze\u0144stwo schod\u00f3w przed ko\u015bcio\u0142em. Planujemy tak\u017ce w tym roku uporz\u0105dkowa\u0107 i odnowi\u0107 umeblowanie w obu zakrystiach, by szaty liturgiczne i paramenty s\u0142u\u017c\u0105ce do \u015awi\u0119tej Liturgii, by\u0142y przechowywane w spos\u00f3b nale\u017cyty i z szacunkiem. Przybywa w naszej parafii wsp\u00f3lnot, kt\u00f3re potrzebuj\u0105 odpowiednich warunk\u00f3w do pog\u0142\u0119biania swojej relacji z Bogiem, dlatego te\u017c pragniemy od\u015bwie\u017cy\u0107 wewn\u0105trz star\u0105 kaplic\u0119 oraz wyposa\u017cy\u0107 j\u0105 w nowe krzes\u0142a. <\/p>\n\n\n\n<p>Tradycj\u0105 lat ubieg\u0142ych b\u0119dzie mo\u017cna z\u0142o\u017cy\u0107 dobrowoln\u0105 ofiar\u0119 na utrzymanie naszej Parafii oraz podzi\u0119kowa\u0107 kap\u0142anom za ich pos\u0142ug\u0119 w minionym roku. Ju\u017c teraz dzi\u0119kujemy za ka\u017cdy gest troski i odpowiedzialno\u015bci za Ko\u015bci\u00f3\u0142 i kap\u0142an\u00f3w. Mamy \u015bwiadomo\u015b\u0107, \u017ce pandemia i sytuacja gospodarcza odbija si\u0119 na ka\u017cdym z nas. Dzi\u0119ki waszej ofiarno\u015bci, mo\u017cemy przeprowadzi\u0107 bie\u017c\u0105ce prace remontowe oraz zapewni\u0107 utrzymanie zatrudnionych os\u00f3b jak i \u015bwietlicy parafialnej. Dlatego prosimy, aby ofiary na utrzymanie ko\u015bcio\u0142a sk\u0142ada\u0107 w podpisanych kopertach (adres) do koszyczka przy wyj\u015bciu, natomiast ofiary dla kap\u0142an\u00f3w do tacy zbieranej podczas Eucharystii. <\/p>\n\n\n\n<p>Kilkakrotnie sugerowano nam aby\u015bmy wprowadzili specjaln\u0105 tac\u0119 remontow\u0105 (w drug\u0105 niedziel\u0119 miesi\u0105ca) by by\u0142a ona z jednej strony u\u0142atwieniem utrzymania parafii, a z drugiej strony konkretnym celem, na kt\u00f3ry sk\u0142adane b\u0119d\u0105 wtedy ofiary. Bardzo prosimy o opini\u0119 na ten temat, decyzj\u0119 podejmiemy po spotkaniach kol\u0119dowych. <\/p>\n\n\n\n<p>Polecamy Was wstawiennictwu \u015bw. Faustyny. Niech patronka naszej parafii, zaniesie Wasze intencje, troski dnia codziennego, rado\u015bci i pragnienia przed oblicze Dobrego Boga. Oby dzi\u0119ki modlitwie, jak najszybciej powr\u00f3ci\u0142 czas normalno\u015bci, na kt\u00f3ry tak bardzo oczekujemy z ut\u0119sknieniem. W to oczekiwanie wpisujemy si\u0119 tak\u017ce i my, Wasi kap\u0142ani i polecamy Was wszystkich Nowonarodzonemu Dzieci\u0119ciu w naszych modlitwach. <\/p>\n\n\n\n<p>Rozk\u0142ad Mszy \u015awi\u0119tych Kol\u0119dowych:<\/p>\n\n\n\n<ul class=\"wp-block-list\"><li>3 stycznia 2022 &#8211; ul. KEN 7 i 9<\/li><li>4 stycznia 2022 \u2013 ul. Pietkiewicza oraz ul. Pietkuna<\/li><li>5 stycznia 2022 \u2013 ul. Herberta <\/li><li>7 stycznia 2022 &#8211; ul. Mackiewicza<\/li><li>8 stycznia 2022 \u2013 Kolonia Poros\u0142y (strona od Biedronki), Poros\u0142y \u2013 prawa i lewa strona wzd\u0142u\u017c Szosy Warszawskiej<\/li><li>12 stycznia 2022 \u2013 ul. KEN 3, 3B, 3C, 3D, 3E, 3F<\/li><li>13 stycznia 2022 \u2013 ul. KEN 5, 5A, 5B, 5C, 5F<\/li><li>14 stycznia 2022 &#8211; ul. Miko\u0142ajczyka, Peszkowskiego, Bacieczki, Jana Paw\u0142a II, Hotelowa, Elewatorska, Stelmachowskiego<\/li><li>15 stycznia 2022 \u2013 Poros\u0142y (ca\u0142a lewa strona)<\/li><li>19 stycznia 2022 \u2013 ul. NSZ, Owocowa, Mi\u0119towa, Sz. Knyszy\u0144ska, Esperantyst\u00f3w, Grabowskiego, Szyakowskiej<\/li><li>20 stycznia 2022 \u2013 Osoby nieobecne w swoich terminach<\/li><li>21 stycznia 2022 \u2013 Osoby nieobecne w swoich terminach<\/li><\/ul>\n\n\n\n<p>Serdecznie zapraszamy do Wsp\u00f3lnej modlitwy<\/p>\n\n\n\n<p>Wasi Duszpasterze<\/p>\n","protected":false},"excerpt":{"rendered":"<p>Drodzy Bracia i Siostry w Chrystusie Panu! Drodzy Parafianie! To ju\u017c kolejny rok, podczas kt\u00f3rego nie mo\u017cemy Was odwiedzi\u0107 w domach i mieszkaniach. Przyj\u015b\u0107 z modlitw\u0105 i b\u0142ogos\u0142awie\u0144stwem. Chocia\u017c moment sp\u0119dzi\u0107 na modlitwie i lepszym poznawaniu siebie. W tamtym roku go\u015bcili\u015bmy parafian w \u015bwi\u0105tyni. W tym roku b\u0119dzie podobnie. Serdecznie<span class=\"more-link\"><a href=\"https:\/\/parafia.faustyna.bialystok.pl\/?p=543\">Czytaj dalej<\/a><\/span><\/p>\n","protected":false},"author":1,"featured_media":545,"comment_status":"open","ping_status":"","sticky":false,"template":"","format":"standard","meta":{"footnotes":""},"categories":[3],"tags":[],"class_list":["entry","author-parafia_admin","post-543","post","type-post","status-publish","format-standard","has-post-thumbnail","category-ogloszenia"],"_links":{"self":[{"href":"https:\/\/parafia.faustyna.bialystok.pl\/index.php?rest_route=\/wp\/v2\/posts\/543","targetHints":{"allow":["GET"]}}],"collection":[{"href":"https:\/\/parafia.faustyna.bialystok.pl\/index.php?rest_route=\/wp\/v2\/posts"}],"about":[{"href":"https:\/\/parafia.faustyna.bialystok.pl\/index.php?rest_route=\/wp\/v2\/types\/post"}],"author":[{"embeddable":true,"href":"https:\/\/parafia.faustyna.bialystok.pl\/index.php?rest_route=\/wp\/v2\/users\/1"}],"replies":[{"embeddable":true,"href":"https:\/\/parafia.faustyna.bialystok.pl\/index.php?rest_route=%2Fwp%2Fv2%2Fcomments&post=543"}],"version-history":[{"count":2,"href":"https:\/\/parafia.faustyna.bialystok.pl\/index.php?rest_route=\/wp\/v2\/posts\/543\/revisions"}],"predecessor-version":[{"id":552,"href":"https:\/\/parafia.faustyna.bialystok.pl\/index.php?rest_route=\/wp\/v2\/posts\/543\/revisions\/552"}],"wp:featuredmedia":[{"embeddable":true,"href":"https:\/\/parafia.faustyna.bialystok.pl\/index.php?rest_route=\/wp\/v2\/media\/545"}],"wp:attachment":[{"href":"https:\/\/parafia.faustyna.bialystok.pl\/index.php?rest_route=%2Fwp%2Fv2%2Fmedia&parent=543"}],"wp:term":[{"taxonomy":"category","embeddable":true,"href":"https:\/\/parafia.faustyna.bialystok.pl\/index.php?rest_route=%2Fwp%2Fv2%2Fcategories&post=543"},{"taxonomy":"post_tag","embeddable":true,"href":"https:\/\/parafia.faustyna.bialystok.pl\/index.php?rest_route=%2Fwp%2Fv2%2Ftags&post=543"}],"curies":[{"name":"wp","href":"https:\/\/api.w.org\/{rel}","templated":true}]}}