{"id":573,"date":"2022-01-01T11:35:00","date_gmt":"2022-01-01T10:35:00","guid":{"rendered":"https:\/\/parafia.faustyna.bialystok.pl\/?p=573"},"modified":"2022-01-02T16:40:21","modified_gmt":"2022-01-02T15:40:21","slug":"02-01-2022-2-niedziela-po-narodzeniu-panskim","status":"publish","type":"post","link":"https:\/\/parafia.faustyna.bialystok.pl\/?p=573","title":{"rendered":"02.01.2022 &#8211; 2 Niedziela po Narodzeniu Pa\u0144skim"},"content":{"rendered":"\n<div class=\"wp-block-image\"><figure class=\"alignright size-full is-resized\"><img fetchpriority=\"high\" decoding=\"async\" src=\"https:\/\/parafia.faustyna.bialystok.pl\/wp-content\/uploads\/2022\/01\/ogloszenia-parafialne2.jpg\" alt=\"\" class=\"wp-image-607\" width=\"400\" height=\"401\" srcset=\"https:\/\/parafia.faustyna.bialystok.pl\/wp-content\/uploads\/2022\/01\/ogloszenia-parafialne2.jpg 800w, https:\/\/parafia.faustyna.bialystok.pl\/wp-content\/uploads\/2022\/01\/ogloszenia-parafialne2-300x300.jpg 300w, https:\/\/parafia.faustyna.bialystok.pl\/wp-content\/uploads\/2022\/01\/ogloszenia-parafialne2-150x150.jpg 150w, https:\/\/parafia.faustyna.bialystok.pl\/wp-content\/uploads\/2022\/01\/ogloszenia-parafialne2-768x769.jpg 768w, https:\/\/parafia.faustyna.bialystok.pl\/wp-content\/uploads\/2022\/01\/ogloszenia-parafialne2-465x466.jpg 465w, https:\/\/parafia.faustyna.bialystok.pl\/wp-content\/uploads\/2022\/01\/ogloszenia-parafialne2-499x500.jpg 499w, https:\/\/parafia.faustyna.bialystok.pl\/wp-content\/uploads\/2022\/01\/ogloszenia-parafialne2-65x65.jpg 65w\" sizes=\"(max-width: 400px) 100vw, 400px\" \/><\/figure><\/div>\n\n\n<ol>\n<li dir=\"auto\">Dzisiaj pierwsza niedziela miesi\u0105ca. Zawierzmy Dobremu Bogu, nowo rozpocz\u0119ty rok kalendarzowy.<\/li>\n<li dir=\"auto\">Wydarzenia liturgiczne:<br \/>&#8211; wtorek \u2013 r\u00f3\u017caniec wraz z Wojownikami Maryi po wieczornej Eucharystii,<br \/>&#8211; \u015broda \u2013 Adoracja od godz. 17.00 do rozpocz\u0119cia Eucharystii; jest to 5ty dzie\u0144 miesi\u0105ca \u2013 Nabo\u017ce\u0144stwo do \u015bw. Faustyny o godz. 17.30; po wieczornej Mszy, spotkanie Wsp\u00f3lnoty Ezechiasz w Starej Kaplicy<br \/>&#8211; czwartek \u2013 Uroczysto\u015b\u0107 Objawienia Pa\u0144skiego; rozk\u0142ad Mszy \u015awi\u0119tych jak w niedziel\u0119; M\u0142odzie\u017c oazowa wraz ze schol\u0105 parafialn\u0105 przygotowa\u0142 pakiety (kreda, kadzid\u0142o i w\u0119gielki) ofiary sk\u0142adane przeznaczone zostan\u0105 na fundusz m\u0142odzie\u017cowy parafii; z racji na pierwszy czwartek miesi\u0105ca od godz. 23.00 \u2013 Godzina \u015awi\u0119ta; Tego dnia taca przeznaczona jest na misje.<br \/>&#8211; pi\u0105tek \u2013 pierwszy pi\u0105tek miesi\u0105ca; Msze \u015awi\u0119te o godz. 7.00; 16.30 i 18.00<\/li>\n<li dir=\"auto\">Rozk\u0142ad Eucharystii kol\u0119dowych (godz. 18.00):<br \/>&#8211; poniedzia\u0142ek \u2013 3 stycznia \u2013 KEN 7 i 9<br \/>&#8211; wtorek \u2013 4 stycznia \u2013 ul. Pietkiewicza i ul. Pietkuna<br \/>&#8211; \u015broda \u2013 5 stycznia \u2013 ul. Herberta<br \/>&#8211; pi\u0105tek \u2013 7 stycznia \u2013 ul. Mackiewicza<br \/>&#8211; sobota \u2013 8 stycznia &#8211; Kolonia Poros\u0142y (strona od Biedronki), Poros\u0142y \u2013 prawa i lewa strona wzd\u0142u\u017c Szosy Warszawskiej<br \/>Na stoliku pod ch\u00f3rem znajduj\u0119 si\u0119 rozk\u0142ad ca\u0142ej kol\u0119dy wraz z listem do parafian. Serdecznie prosimy przekaza\u0107 go, starszym, chorym oraz nieobecnym.<\/li>\n<li dir=\"auto\">W nast\u0119pn\u0105 niedziel\u0119 (9 stycznia) \u015bwi\u0119to Chrztu Pa\u0144skiego i zako\u0144czenie okresu Narodzenia Pa\u0144skiego. Serdecznie zapraszamy na Koncert Kol\u0119d i Pastora\u0142ek w wykonaniu naszej parafialnej scholi. Rozpocznie si\u0119 po Eucharystii o godz. 13.00. Z tego powodu Msza \u015awi\u0119ta dla dzieci przeniesiona jest z godz. 12.00 na godz. 13.00.<\/li>\n<li dir=\"auto\">Dzieci i rodzic\u00f3w przygotowuj\u0105cych si\u0119 do I Komunii \u015awi\u0119tej, zapraszamy na spotkanie formacyjne w niedziel\u0119 na godz. 13.00 i na koncert.<\/li>\n<li dir=\"auto\">Spotkanie oazy w niedziel\u0119 o godz. 14.30 (zaraz po koncercie) w Starej Kaplicy.<\/li>\n<\/ol>","protected":false},"excerpt":{"rendered":"<p>Dzisiaj pierwsza niedziela miesi\u0105ca. Zawierzmy Dobremu Bogu, nowo rozpocz\u0119ty rok kalendarzowy. Wydarzenia liturgiczne:&#8211; wtorek \u2013 r\u00f3\u017caniec wraz z Wojownikami Maryi po wieczornej Eucharystii,&#8211; \u015broda \u2013 Adoracja od godz. 17.00 do rozpocz\u0119cia Eucharystii; jest to 5ty dzie\u0144 miesi\u0105ca \u2013 Nabo\u017ce\u0144stwo do \u015bw. Faustyny o godz. 17.30; po wieczornej Mszy, spotkanie Wsp\u00f3lnoty<span class=\"more-link\"><a href=\"https:\/\/parafia.faustyna.bialystok.pl\/?p=573\">Czytaj dalej<\/a><\/span><\/p>\n","protected":false},"author":1,"featured_media":606,"comment_status":"open","ping_status":"closed","sticky":false,"template":"","format":"standard","meta":{"footnotes":""},"categories":[3],"tags":[],"class_list":["entry","author-parafia_admin","post-573","post","type-post","status-publish","format-standard","has-post-thumbnail","category-ogloszenia"],"_links":{"self":[{"href":"https:\/\/parafia.faustyna.bialystok.pl\/index.php?rest_route=\/wp\/v2\/posts\/573","targetHints":{"allow":["GET"]}}],"collection":[{"href":"https:\/\/parafia.faustyna.bialystok.pl\/index.php?rest_route=\/wp\/v2\/posts"}],"about":[{"href":"https:\/\/parafia.faustyna.bialystok.pl\/index.php?rest_route=\/wp\/v2\/types\/post"}],"author":[{"embeddable":true,"href":"https:\/\/parafia.faustyna.bialystok.pl\/index.php?rest_route=\/wp\/v2\/users\/1"}],"replies":[{"embeddable":true,"href":"https:\/\/parafia.faustyna.bialystok.pl\/index.php?rest_route=%2Fwp%2Fv2%2Fcomments&post=573"}],"version-history":[{"count":5,"href":"https:\/\/parafia.faustyna.bialystok.pl\/index.php?rest_route=\/wp\/v2\/posts\/573\/revisions"}],"predecessor-version":[{"id":609,"href":"https:\/\/parafia.faustyna.bialystok.pl\/index.php?rest_route=\/wp\/v2\/posts\/573\/revisions\/609"}],"wp:featuredmedia":[{"embeddable":true,"href":"https:\/\/parafia.faustyna.bialystok.pl\/index.php?rest_route=\/wp\/v2\/media\/606"}],"wp:attachment":[{"href":"https:\/\/parafia.faustyna.bialystok.pl\/index.php?rest_route=%2Fwp%2Fv2%2Fmedia&parent=573"}],"wp:term":[{"taxonomy":"category","embeddable":true,"href":"https:\/\/parafia.faustyna.bialystok.pl\/index.php?rest_route=%2Fwp%2Fv2%2Fcategories&post=573"},{"taxonomy":"post_tag","embeddable":true,"href":"https:\/\/parafia.faustyna.bialystok.pl\/index.php?rest_route=%2Fwp%2Fv2%2Ftags&post=573"}],"curies":[{"name":"wp","href":"https:\/\/api.w.org\/{rel}","templated":true}]}}