{"id":651,"date":"2022-01-06T13:54:46","date_gmt":"2022-01-06T12:54:46","guid":{"rendered":"https:\/\/parafia.faustyna.bialystok.pl\/?p=651"},"modified":"2022-01-06T13:55:55","modified_gmt":"2022-01-06T12:55:55","slug":"06-01-2022-uroczystosc-objawienia-panskiego","status":"publish","type":"post","link":"https:\/\/parafia.faustyna.bialystok.pl\/?p=651","title":{"rendered":"06.01.2022 &#8211; Uroczysto\u015b\u0107 Objawienia Pa\u0144skiego"},"content":{"rendered":"\n<div class=\"wp-block-image\"><figure class=\"aligncenter size-large is-resized\"><img fetchpriority=\"high\" decoding=\"async\" src=\"https:\/\/parafia.faustyna.bialystok.pl\/wp-content\/uploads\/2022\/01\/trzej-krolowie-1024x576.jpg\" alt=\"\" class=\"wp-image-654\" width=\"1024\" height=\"576\" srcset=\"https:\/\/parafia.faustyna.bialystok.pl\/wp-content\/uploads\/2022\/01\/trzej-krolowie-1024x576.jpg 1024w, https:\/\/parafia.faustyna.bialystok.pl\/wp-content\/uploads\/2022\/01\/trzej-krolowie-300x169.jpg 300w, https:\/\/parafia.faustyna.bialystok.pl\/wp-content\/uploads\/2022\/01\/trzej-krolowie-768x432.jpg 768w, https:\/\/parafia.faustyna.bialystok.pl\/wp-content\/uploads\/2022\/01\/trzej-krolowie-465x262.jpg 465w, https:\/\/parafia.faustyna.bialystok.pl\/wp-content\/uploads\/2022\/01\/trzej-krolowie-695x391.jpg 695w, https:\/\/parafia.faustyna.bialystok.pl\/wp-content\/uploads\/2022\/01\/trzej-krolowie.jpg 1200w\" sizes=\"(max-width: 1024px) 100vw, 1024px\" \/><\/figure><\/div>\n\n\n<ol>\n<li dir=\"auto\">Dzisiaj taca przeznaczona jest na misje.<\/li>\n<li dir=\"auto\">Dzieci i m\u0142odzie\u017c z oazy i scholii parafialnej przygotowa\u0142y pakiety z\u0142o\u017cone z kadzid\u0142a, w\u0119gielka i kredy. Ofiary sk\u0142adane przy tej okazji przeznaczone s\u0105 na pokrycie koszt\u00f3w oraz fundusz m\u0142odzie\u017cowy parafii. Sk\u0142adamy serdeczne podzi\u0119kowania dzieciom i m\u0142odzie\u017cy za wykonan\u0105 prac\u0119 a tak\u017ce za wszelkie ofiary pieni\u0119\u017cne.<\/li>\n<li dir=\"auto\">Dzi\u015b od 23.00 \u2013 Godzina \u015awi\u0119ta.<\/li>\n<li dir=\"auto\">Jutro pierwszy pi\u0105tek miesi\u0105ca. Eucharystie o godz. 7.00; 16.30 oraz 18.00.<\/li>\n<li dir=\"auto\">Spotkania kol\u0119dowe \u2013 godz. 18.00<br \/>&#8211; pi\u0105tek \u2013 7 stycznia \u2013 ul. Mackiewicza<br \/>&#8211; sobota \u2013 8 stycznia &#8211; Kolonia Poros\u0142y (strona od Biedronki), Poros\u0142y \u2013 prawa i lewa strona wzd\u0142u\u017c Szosy Warszawskiej<\/li>\n<li dir=\"auto\">Uroczyste Og\u0142oszenie daty \u015awi\u0105t Ruchomych:<br \/>Wiedzcie, Bracia najmilsi, \u017ce dzi\u0119ki mi\u0142osierdziu Bo\u017cemu, tak jak zakosztowali\u015bcie rado\u015bci narodzenia Pana naszego, Jezusa Chrystusa, tak i dzi\u015b oznajmiamy wam rado\u015b\u0107 najbli\u017cszej Paschy \u2013 Zmartwychwstania naszego Pana i Boga.<br \/>\u2022 2 marca b\u0119dzie \u015aroda Popielcowa i pocz\u0105tek Wielkiego Postu.<br \/>\u2022 17 kwietnia z rado\u015bci\u0105 b\u0119dziemy celebrowa\u0107 Pasch\u0119 naszego Pana Jezusa Chrystusa.<br \/>\u2022 29 maja b\u0119dzie Wniebowst\u0105pienie naszego Pana Jezusa Chrystusa.<br \/>\u2022 5 czerwca dzie\u0144 Zes\u0142ania Ducha \u015awi\u0119tego.<br \/>\u2022 16 czerwca uroczysty obch\u00f3d Naj\u015bwi\u0119tszego Cia\u0142a i Krwi Pa\u0144skiej.<br \/>\u2022 27 listopada b\u0119dzie pierwsza niedziela Adwentu naszego Pana Jezusa Chrystusa, kt\u00f3remu cze\u015b\u0107 i chwa\u0142a na wieki wiek\u00f3w.<\/li>\n<\/ol>\n<p>Amen.<\/p>","protected":false},"excerpt":{"rendered":"<p>Dzisiaj taca przeznaczona jest na misje. Dzieci i m\u0142odzie\u017c z oazy i scholii parafialnej przygotowa\u0142y pakiety z\u0142o\u017cone z kadzid\u0142a, w\u0119gielka i kredy. Ofiary sk\u0142adane przy tej okazji przeznaczone s\u0105 na pokrycie koszt\u00f3w oraz fundusz m\u0142odzie\u017cowy parafii. Sk\u0142adamy serdeczne podzi\u0119kowania dzieciom i m\u0142odzie\u017cy za wykonan\u0105 prac\u0119 a tak\u017ce za wszelkie ofiary<span class=\"more-link\"><a href=\"https:\/\/parafia.faustyna.bialystok.pl\/?p=651\">Czytaj dalej<\/a><\/span><\/p>\n","protected":false},"author":1,"featured_media":653,"comment_status":"open","ping_status":"closed","sticky":false,"template":"","format":"standard","meta":{"footnotes":""},"categories":[3],"tags":[],"class_list":["entry","author-parafia_admin","post-651","post","type-post","status-publish","format-standard","has-post-thumbnail","category-ogloszenia"],"_links":{"self":[{"href":"https:\/\/parafia.faustyna.bialystok.pl\/index.php?rest_route=\/wp\/v2\/posts\/651","targetHints":{"allow":["GET"]}}],"collection":[{"href":"https:\/\/parafia.faustyna.bialystok.pl\/index.php?rest_route=\/wp\/v2\/posts"}],"about":[{"href":"https:\/\/parafia.faustyna.bialystok.pl\/index.php?rest_route=\/wp\/v2\/types\/post"}],"author":[{"embeddable":true,"href":"https:\/\/parafia.faustyna.bialystok.pl\/index.php?rest_route=\/wp\/v2\/users\/1"}],"replies":[{"embeddable":true,"href":"https:\/\/parafia.faustyna.bialystok.pl\/index.php?rest_route=%2Fwp%2Fv2%2Fcomments&post=651"}],"version-history":[{"count":3,"href":"https:\/\/parafia.faustyna.bialystok.pl\/index.php?rest_route=\/wp\/v2\/posts\/651\/revisions"}],"predecessor-version":[{"id":656,"href":"https:\/\/parafia.faustyna.bialystok.pl\/index.php?rest_route=\/wp\/v2\/posts\/651\/revisions\/656"}],"wp:featuredmedia":[{"embeddable":true,"href":"https:\/\/parafia.faustyna.bialystok.pl\/index.php?rest_route=\/wp\/v2\/media\/653"}],"wp:attachment":[{"href":"https:\/\/parafia.faustyna.bialystok.pl\/index.php?rest_route=%2Fwp%2Fv2%2Fmedia&parent=651"}],"wp:term":[{"taxonomy":"category","embeddable":true,"href":"https:\/\/parafia.faustyna.bialystok.pl\/index.php?rest_route=%2Fwp%2Fv2%2Fcategories&post=651"},{"taxonomy":"post_tag","embeddable":true,"href":"https:\/\/parafia.faustyna.bialystok.pl\/index.php?rest_route=%2Fwp%2Fv2%2Ftags&post=651"}],"curies":[{"name":"wp","href":"https:\/\/api.w.org\/{rel}","templated":true}]}}