{"id":790,"date":"2022-03-01T19:30:00","date_gmt":"2022-03-01T18:30:00","guid":{"rendered":"https:\/\/parafia.faustyna.bialystok.pl\/?p=790"},"modified":"2022-03-07T19:31:48","modified_gmt":"2022-03-07T18:31:48","slug":"krociutka-sciaga-na-wielki-post","status":"publish","type":"post","link":"https:\/\/parafia.faustyna.bialystok.pl\/?p=790","title":{"rendered":"Kr\u00f3ciutka \u015bci\u0105ga na Wielki Post"},"content":{"rendered":"\n<div class=\"wp-block-image\"><figure class=\"aligncenter size-full\"><img fetchpriority=\"high\" decoding=\"async\" width=\"582\" height=\"800\" src=\"https:\/\/parafia.faustyna.bialystok.pl\/wp-content\/uploads\/2022\/03\/wielkipost.jpg\" alt=\"\" class=\"wp-image-793\" srcset=\"https:\/\/parafia.faustyna.bialystok.pl\/wp-content\/uploads\/2022\/03\/wielkipost.jpg 582w, https:\/\/parafia.faustyna.bialystok.pl\/wp-content\/uploads\/2022\/03\/wielkipost-218x300.jpg 218w, https:\/\/parafia.faustyna.bialystok.pl\/wp-content\/uploads\/2022\/03\/wielkipost-400x550.jpg 400w, https:\/\/parafia.faustyna.bialystok.pl\/wp-content\/uploads\/2022\/03\/wielkipost-364x500.jpg 364w\" sizes=\"(max-width: 582px) 100vw, 582px\" \/><\/figure><\/div>\n","protected":false},"excerpt":{"rendered":"<p><span class=\"more-link\"><a href=\"https:\/\/parafia.faustyna.bialystok.pl\/?p=790\">Czytaj dalej<\/a><\/span><\/p>\n","protected":false},"author":1,"featured_media":792,"comment_status":"open","ping_status":"closed","sticky":false,"template":"","format":"standard","meta":{"footnotes":""},"categories":[6],"tags":[],"class_list":["entry","author-parafia_admin","post-790","post","type-post","status-publish","format-standard","has-post-thumbnail","category-informacje"],"_links":{"self":[{"href":"https:\/\/parafia.faustyna.bialystok.pl\/index.php?rest_route=\/wp\/v2\/posts\/790","targetHints":{"allow":["GET"]}}],"collection":[{"href":"https:\/\/parafia.faustyna.bialystok.pl\/index.php?rest_route=\/wp\/v2\/posts"}],"about":[{"href":"https:\/\/parafia.faustyna.bialystok.pl\/index.php?rest_route=\/wp\/v2\/types\/post"}],"author":[{"embeddable":true,"href":"https:\/\/parafia.faustyna.bialystok.pl\/index.php?rest_route=\/wp\/v2\/users\/1"}],"replies":[{"embeddable":true,"href":"https:\/\/parafia.faustyna.bialystok.pl\/index.php?rest_route=%2Fwp%2Fv2%2Fcomments&post=790"}],"version-history":[{"count":2,"href":"https:\/\/parafia.faustyna.bialystok.pl\/index.php?rest_route=\/wp\/v2\/posts\/790\/revisions"}],"predecessor-version":[{"id":794,"href":"https:\/\/parafia.faustyna.bialystok.pl\/index.php?rest_route=\/wp\/v2\/posts\/790\/revisions\/794"}],"wp:featuredmedia":[{"embeddable":true,"href":"https:\/\/parafia.faustyna.bialystok.pl\/index.php?rest_route=\/wp\/v2\/media\/792"}],"wp:attachment":[{"href":"https:\/\/parafia.faustyna.bialystok.pl\/index.php?rest_route=%2Fwp%2Fv2%2Fmedia&parent=790"}],"wp:term":[{"taxonomy":"category","embeddable":true,"href":"https:\/\/parafia.faustyna.bialystok.pl\/index.php?rest_route=%2Fwp%2Fv2%2Fcategories&post=790"},{"taxonomy":"post_tag","embeddable":true,"href":"https:\/\/parafia.faustyna.bialystok.pl\/index.php?rest_route=%2Fwp%2Fv2%2Ftags&post=790"}],"curies":[{"name":"wp","href":"https:\/\/api.w.org\/{rel}","templated":true}]}}