{"id":836,"date":"2022-03-26T22:59:22","date_gmt":"2022-03-26T21:59:22","guid":{"rendered":"https:\/\/parafia.faustyna.bialystok.pl\/?p=836"},"modified":"2022-03-26T22:59:22","modified_gmt":"2022-03-26T21:59:22","slug":"2022-03-27-iv-niedziela-wielkiego-postu","status":"publish","type":"post","link":"https:\/\/parafia.faustyna.bialystok.pl\/?p=836","title":{"rendered":"2022.03.27 \u2013 IV Niedziela Wielkiego Postu"},"content":{"rendered":"\n<div class=\"wp-block-image\"><figure class=\"aligncenter size-full\"><img fetchpriority=\"high\" decoding=\"async\" width=\"800\" height=\"400\" src=\"https:\/\/parafia.faustyna.bialystok.pl\/wp-content\/uploads\/2022\/03\/niedzielaWP.jpg\" alt=\"\" class=\"wp-image-802\" srcset=\"https:\/\/parafia.faustyna.bialystok.pl\/wp-content\/uploads\/2022\/03\/niedzielaWP.jpg 800w, https:\/\/parafia.faustyna.bialystok.pl\/wp-content\/uploads\/2022\/03\/niedzielaWP-300x150.jpg 300w, https:\/\/parafia.faustyna.bialystok.pl\/wp-content\/uploads\/2022\/03\/niedzielaWP-768x384.jpg 768w, https:\/\/parafia.faustyna.bialystok.pl\/wp-content\/uploads\/2022\/03\/niedzielaWP-465x233.jpg 465w, https:\/\/parafia.faustyna.bialystok.pl\/wp-content\/uploads\/2022\/03\/niedzielaWP-695x348.jpg 695w\" sizes=\"(max-width: 800px) 100vw, 800px\" \/><\/figure><\/div>\n\n\n\n<ol class=\"wp-block-list\"><li>W dalszym ci\u0105gu mo\u017cna przynosi\u0107 ofiary pieni\u0119\u017cne do puszki przy obrazie \u201eJezu, ufam Tobie\u201d. <\/li><li>Dzisiaj, zgodnie z ustaleniami z ostatniego spotkania, po Eucharystii o godz. 13.00 spotykaj\u0105 si\u0119 K\u017bR.<\/li><li>Wydarzenia liturgiczne:<br>&#8211; poniedzia\u0142ek \u2013 Rekolekcje dla Kobiet od godz. 18.00<br>&#8211; wtorek \u2013 r\u00f3\u017caniec wraz z Wojownikami Maryi <br>&#8211; \u015broda \u2013 Adoracja od godz. 17.00<br>&#8211; czwartek \u2013 rozwa\u017canie M\u0119ki Pa\u0144skiej od godz. 19.00; Godzina \u015awi\u0119ta od 23.00 do 24.00. Zapraszamy do wsp\u00f3lnej modlitwy. <br>&#8211; pi\u0105tek \u2013 pierwszy pi\u0105tek miesi\u0105ca; spotkanie formacyjne ministrant\u00f3w po Mszy \u015awi\u0119tej i Drodze Krzy\u017cowej <br>&#8211; sobota \u2013 pierwsza sobota miesi\u0105ca<\/li><li>Parafialne Rekolekcje Wielkopostne:<br>&#8211; poprowadzi je ks. Tomasz Jarzynka z K\u0119trzyna, kt\u00f3ry przez wiele lat zwi\u0105zany by\u0142 z Sanktuarium Mi\u0142osierdzia Bo\u017cego w \u0141agiewnikach<br>&#8211; pi\u0105tek: Msza o godz. 7.00 (bez homilii) oraz o godz. 16.30 i 18.00 z homili\u0105; oko\u0142o godziny 19.00 Droga Krzy\u017cowa dla doros\u0142ych <br>&#8211; sobota: Msze \u015awi\u0119te o godz. 7.00, 9.00, 16.30 i 18.00 z homiliami; 16.00 Droga Krzy\u017cowa dla dzieci; 17.40 \u2013 Nabo\u017ce\u0144stwo Gorzkich \u017bali; 19.00 &#8211; nabo\u017ce\u0144stwo wynagradzaj\u0105ce NSM<br>&#8211; niedziela: Msze \u015awi\u0119te o godz. 9.00, 10.30, 12.00, 13.00 i 17.00 z homiliami <br>&#8211; mo\u017cliwo\u015b\u0107 Spowiedzi \u015awi\u0119tej tylko w pi\u0105tek i sobot\u0119 <br>&#8211; przez ca\u0142e rekolekcje zbierane b\u0119d\u0105 ofiary do puszek na rzecz leczenia Julii, kt\u00f3ra oczekuje na operacj\u0119 ratuj\u0105c\u0105 jej stan zdrowia<\/li><li>Za tydzie\u0144 w niedziel\u0119 na godz. 13.00 zapraszamy dzieci i rodzic\u00f3w, przygotowuj\u0105cych si\u0119 do Pierwszej Komunii \u015awi\u0119tej. Natomiast na godzin\u0119 14.30 zapraszamy dzieci i m\u0142odzie\u017c na og\u00f3lne spotkanie oazy do Starej Kaplicy.<\/li><li>Natomiast za dwa tygodnie w Niedziel\u0119 Palmow\u0105 zapraszamy na:<br>&#8211; koncert Pie\u015bni Pasyjnych po Mszy \u015awi\u0119tej o godz. 13.00 \u2013 wyst\u0105pi Ch\u00f3r BSNE<br>&#8211; powracamy, po zniesieniu ogranicze\u0144 pandemicznych, do tradycyjnej Drogi Krzy\u017cowej ulicami Parafii; rozpocznie si\u0119 ona o godz. 18.30; wi\u0119cej szczeg\u00f3\u0142\u00f3w podamy za tydzie\u0144 podczas og\u0142osze\u0144 Tego dnia zbierane b\u0119d\u0105 ofiary do puszek na kwiaty do Grobu Pa\u0144skiego. <\/li><li>Zgodnie z decyzj\u0105 Ksi\u0119dza Arcybiskupa J\u00f3zefa Guzdka, uczniowie klas VIII SP, od dnia 8 maja, rozpoczn\u0105 przygotowania do sakramentu bierzmowania. Ju\u017c dzi\u015b prosimy m\u0142odzie\u017c o zaplanowanie sobie czasu i przybycie do ko\u015bcio\u0142a na uroczyste rozpocz\u0119cie formacji przed sakramentem bierzmowania. <\/li><li>U Pana Marka, s\u0105 ju\u017c do kupienia \u015bwiece paschalne, w cenie 20 z\u0142. 9. Na stoliku pod ch\u00f3rem znajduj\u0105 si\u0119 ulotki dotycz\u0105ce planowanych pielgrzymek.<\/li><\/ol>\n","protected":false},"excerpt":{"rendered":"<p>W dalszym ci\u0105gu mo\u017cna przynosi\u0107 ofiary pieni\u0119\u017cne do puszki przy obrazie \u201eJezu, ufam Tobie\u201d. Dzisiaj, zgodnie z ustaleniami z ostatniego spotkania, po Eucharystii o godz. 13.00 spotykaj\u0105 si\u0119 K\u017bR. Wydarzenia liturgiczne:&#8211; poniedzia\u0142ek \u2013 Rekolekcje dla Kobiet od godz. 18.00&#8211; wtorek \u2013 r\u00f3\u017caniec wraz z Wojownikami Maryi &#8211; \u015broda \u2013 Adoracja<span class=\"more-link\"><a href=\"https:\/\/parafia.faustyna.bialystok.pl\/?p=836\">Czytaj dalej<\/a><\/span><\/p>\n","protected":false},"author":1,"featured_media":834,"comment_status":"open","ping_status":"closed","sticky":false,"template":"","format":"standard","meta":{"footnotes":""},"categories":[3],"tags":[],"class_list":["entry","author-parafia_admin","post-836","post","type-post","status-publish","format-standard","has-post-thumbnail","category-ogloszenia"],"_links":{"self":[{"href":"https:\/\/parafia.faustyna.bialystok.pl\/index.php?rest_route=\/wp\/v2\/posts\/836","targetHints":{"allow":["GET"]}}],"collection":[{"href":"https:\/\/parafia.faustyna.bialystok.pl\/index.php?rest_route=\/wp\/v2\/posts"}],"about":[{"href":"https:\/\/parafia.faustyna.bialystok.pl\/index.php?rest_route=\/wp\/v2\/types\/post"}],"author":[{"embeddable":true,"href":"https:\/\/parafia.faustyna.bialystok.pl\/index.php?rest_route=\/wp\/v2\/users\/1"}],"replies":[{"embeddable":true,"href":"https:\/\/parafia.faustyna.bialystok.pl\/index.php?rest_route=%2Fwp%2Fv2%2Fcomments&post=836"}],"version-history":[{"count":2,"href":"https:\/\/parafia.faustyna.bialystok.pl\/index.php?rest_route=\/wp\/v2\/posts\/836\/revisions"}],"predecessor-version":[{"id":838,"href":"https:\/\/parafia.faustyna.bialystok.pl\/index.php?rest_route=\/wp\/v2\/posts\/836\/revisions\/838"}],"wp:featuredmedia":[{"embeddable":true,"href":"https:\/\/parafia.faustyna.bialystok.pl\/index.php?rest_route=\/wp\/v2\/media\/834"}],"wp:attachment":[{"href":"https:\/\/parafia.faustyna.bialystok.pl\/index.php?rest_route=%2Fwp%2Fv2%2Fmedia&parent=836"}],"wp:term":[{"taxonomy":"category","embeddable":true,"href":"https:\/\/parafia.faustyna.bialystok.pl\/index.php?rest_route=%2Fwp%2Fv2%2Fcategories&post=836"},{"taxonomy":"post_tag","embeddable":true,"href":"https:\/\/parafia.faustyna.bialystok.pl\/index.php?rest_route=%2Fwp%2Fv2%2Ftags&post=836"}],"curies":[{"name":"wp","href":"https:\/\/api.w.org\/{rel}","templated":true}]}}