{"id":840,"date":"2022-04-03T01:41:58","date_gmt":"2022-04-03T00:41:58","guid":{"rendered":"https:\/\/parafia.faustyna.bialystok.pl\/?p=840"},"modified":"2022-04-03T01:41:58","modified_gmt":"2022-04-03T00:41:58","slug":"2022-04-03-v-niedziela-wielkiego-postu","status":"publish","type":"post","link":"https:\/\/parafia.faustyna.bialystok.pl\/?p=840","title":{"rendered":"2022.04.03 \u2013 V Niedziela Wielkiego Postu"},"content":{"rendered":"\n<div class=\"wp-block-image\"><figure class=\"aligncenter size-full\"><img fetchpriority=\"high\" decoding=\"async\" width=\"800\" height=\"400\" src=\"https:\/\/parafia.faustyna.bialystok.pl\/wp-content\/uploads\/2022\/03\/niedzielaWP.jpg\" alt=\"\" class=\"wp-image-802\" srcset=\"https:\/\/parafia.faustyna.bialystok.pl\/wp-content\/uploads\/2022\/03\/niedzielaWP.jpg 800w, https:\/\/parafia.faustyna.bialystok.pl\/wp-content\/uploads\/2022\/03\/niedzielaWP-300x150.jpg 300w, https:\/\/parafia.faustyna.bialystok.pl\/wp-content\/uploads\/2022\/03\/niedzielaWP-768x384.jpg 768w, https:\/\/parafia.faustyna.bialystok.pl\/wp-content\/uploads\/2022\/03\/niedzielaWP-465x233.jpg 465w, https:\/\/parafia.faustyna.bialystok.pl\/wp-content\/uploads\/2022\/03\/niedzielaWP-695x348.jpg 695w\" sizes=\"(max-width: 800px) 100vw, 800px\" \/><\/figure><\/div>\n\n\n\n<ol class=\"wp-block-list\"><li> Dzi\u0119kujemy ks. Tomaszowi za wyg\u0142oszone S\u0142owo, podczas tegorocznych rekolekcji. \u017byczymy mu b\u0142ogos\u0142awie\u0144stwa Bo\u017cego na dalsze lata kap\u0142a\u0144stwa. <\/li><li>R\u00f3wnie\u017c dzisiaj zbieramy ofiary do puszek na pomoc Julii. Julia oczekuje na operacj\u0119, kt\u00f3ra jest bardzo droga. Julia nie s\u0142yszy \u015bwiata \u2013 film o jej zmaganiach, mo\u017cna obejrze\u0107 na parafialnym profilu FB. Dzi\u0119kujemy za ka\u017cde materiale jak i modlitewne wsparcie<\/li><li>Wydarzenia liturgiczne:<br>&#8211; poniedzia\u0142ek \u2013 Rekolekcje dla Kobiet od godz. 18.00<br>&#8211; wtorek \u2013 5ty dzie\u0144 miesi\u0105ca \u2013 Nabo\u017ce\u0144stwo do \u015bw. Faustyny o godz. 17.30; po wieczornej Eucharystii r\u00f3\u017caniec wraz z Wojownikami Maryi <br>&#8211; \u015broda \u2013 Adoracja od godz. 17.00<br>&#8211; czwartek \u2013pierwszy czwartek miesi\u0105ca \u2013 Msza \u015awi\u0119ta w intencji powo\u0142a\u0144 o 18.00; rozwa\u017canie M\u0119ki Pa\u0144skiej od godz. 19.00<\/li><li>Osoby pragn\u0105ce skorzysta\u0107 z sakramentu pokuty oraz komunii \u015bwi\u0119tej, a nie mog\u0105ce przyby\u0107 z powodu wieku lub choroby do \u015bwi\u0105tyni, mo\u017cna zg\u0142asza\u0107 w zakrystii lub kancelarii. W najbli\u017csz\u0105 sobot\u0119 od godz. 11.00 odwiedzimy te osoby z pos\u0142uga duszpastersk\u0105. <\/li><li>Niedziel\u0119 Palmowa:<br>&#8211; po\u015bwi\u0119cenie palm na ka\u017cdej Eucharystii,<br>&#8211; przed ko\u015bcio\u0142em harcerze i ministranci, jak przed rokiem, b\u0119d\u0105 rozprowadza\u0107 palmy wielkanocne <br>&#8211; koncert Pie\u015bni Pasyjnych po Mszy \u015awi\u0119tej o godz. 13.00 \u2013 wyst\u0105pi Ch\u00f3r BSNE<br>&#8211; powracamy, po zniesieniu ogranicze\u0144 pandemicznych, do tradycyjnej Drogi Krzy\u017cowej ulicami Parafii; rozpocznie si\u0119 ona o godz. 18.30 pod amfiteatrem na bulwarach \u015bw. Jana Teologa, nast\u0119pnie ulic\u0105 Miko\u0142ajczyka przejdziemy w stron\u0119 \u015bwi\u0105tyni parafialnej i wzg\u00f3rza mi\u0142osierdzia. Bardzo prosimy, aby nie zastawia\u0107 autami ani ulicy Miko\u0142ajczyka ani wej\u015bcia na wzg\u00f3rze; przy okazji przypominamy, kolejny raz, \u017ce parafia posiada utwardzany parking <br>&#8211; tego dnia zbierane b\u0119d\u0105 ofiary do puszek na kwiaty do Grobu Pa\u0144skiego.<\/li><li>Archidiecezjalne Wy\u017csze Seminarium Duchowne w Bia\u0142ymstoku zaprasza na rekolekcje powo\u0142aniowe dla m\u0142odzie\u017cy m\u0119skiej (od 16 roku \u017cycia) organizowane w dniach 22 \u2013 24 kwietnia. Szczeg\u00f3\u0142owe informacje o zg\u0142oszeniach znajduj\u0105 si\u0119 na stronie internetowej Seminarium Duchownego lub na plakacie. <\/li><li>Miejska Droga Krzy\u017cowa pod przewodnictwem Arcybiskupa J\u00f3zefa Guzdka Metropolity Bia\u0142ostockiego odb\u0119dzie si\u0119 w pi\u0105tek, 8 kwietnia i przejdzie ulicami Bia\u0142egostoku od Katedry do ko\u015bcio\u0142a \u015bw. Rocha. Rozpocz\u0119cie o godz. 19.00 przy Katedrze. Tegoroczn\u0105 Drog\u0119 Krzy\u017cow\u0105 organizuje Rada Ruch\u00f3w Katolickich Archidiecezji Bia\u0142ostockiej. Zapraszamy do uczestnictwa. <\/li><li>W niedziele 10 kwietnia o godz. 15.00 w Kinie TON, odb\u0119dzie si\u0119 spektakl \u201eDzieci z naszego podw\u00f3rka\u201d, kt\u00f3ry przedstawia II Wojn\u0119 \u015awiatow\u0105 oczami najm\u0142odszych. Informacje w gablocie. Wst\u0119p wolny. <\/li><li>W zakrystii do odebrania kolejny numer czasopisma \u201eSta\u015b\u201d a u Pana Marka do nabycia \u201eDrogi Mi\u0142osierdzia\u201d oraz \u015bwiece paschalne, w cenie 20 z\u0142.<\/li><li>Na stoliku pod ch\u00f3rem znajduj\u0105 si\u0119 ulotki dotycz\u0105ce planowanych pielgrzymek.<\/li><\/ol>\n","protected":false},"excerpt":{"rendered":"<p>Dzi\u0119kujemy ks. Tomaszowi za wyg\u0142oszone S\u0142owo, podczas tegorocznych rekolekcji. \u017byczymy mu b\u0142ogos\u0142awie\u0144stwa Bo\u017cego na dalsze lata kap\u0142a\u0144stwa. R\u00f3wnie\u017c dzisiaj zbieramy ofiary do puszek na pomoc Julii. Julia oczekuje na operacj\u0119, kt\u00f3ra jest bardzo droga. Julia nie s\u0142yszy \u015bwiata \u2013 film o jej zmaganiach, mo\u017cna obejrze\u0107 na parafialnym profilu FB. Dzi\u0119kujemy<span class=\"more-link\"><a href=\"https:\/\/parafia.faustyna.bialystok.pl\/?p=840\">Czytaj dalej<\/a><\/span><\/p>\n","protected":false},"author":1,"featured_media":834,"comment_status":"open","ping_status":"closed","sticky":false,"template":"","format":"standard","meta":{"footnotes":""},"categories":[3],"tags":[],"class_list":["entry","author-parafia_admin","post-840","post","type-post","status-publish","format-standard","has-post-thumbnail","category-ogloszenia"],"_links":{"self":[{"href":"https:\/\/parafia.faustyna.bialystok.pl\/index.php?rest_route=\/wp\/v2\/posts\/840","targetHints":{"allow":["GET"]}}],"collection":[{"href":"https:\/\/parafia.faustyna.bialystok.pl\/index.php?rest_route=\/wp\/v2\/posts"}],"about":[{"href":"https:\/\/parafia.faustyna.bialystok.pl\/index.php?rest_route=\/wp\/v2\/types\/post"}],"author":[{"embeddable":true,"href":"https:\/\/parafia.faustyna.bialystok.pl\/index.php?rest_route=\/wp\/v2\/users\/1"}],"replies":[{"embeddable":true,"href":"https:\/\/parafia.faustyna.bialystok.pl\/index.php?rest_route=%2Fwp%2Fv2%2Fcomments&post=840"}],"version-history":[{"count":2,"href":"https:\/\/parafia.faustyna.bialystok.pl\/index.php?rest_route=\/wp\/v2\/posts\/840\/revisions"}],"predecessor-version":[{"id":842,"href":"https:\/\/parafia.faustyna.bialystok.pl\/index.php?rest_route=\/wp\/v2\/posts\/840\/revisions\/842"}],"wp:featuredmedia":[{"embeddable":true,"href":"https:\/\/parafia.faustyna.bialystok.pl\/index.php?rest_route=\/wp\/v2\/media\/834"}],"wp:attachment":[{"href":"https:\/\/parafia.faustyna.bialystok.pl\/index.php?rest_route=%2Fwp%2Fv2%2Fmedia&parent=840"}],"wp:term":[{"taxonomy":"category","embeddable":true,"href":"https:\/\/parafia.faustyna.bialystok.pl\/index.php?rest_route=%2Fwp%2Fv2%2Fcategories&post=840"},{"taxonomy":"post_tag","embeddable":true,"href":"https:\/\/parafia.faustyna.bialystok.pl\/index.php?rest_route=%2Fwp%2Fv2%2Ftags&post=840"}],"curies":[{"name":"wp","href":"https:\/\/api.w.org\/{rel}","templated":true}]}}